{"id":63092,"date":"2015-03-13T10:36:21","date_gmt":"2015-03-13T13:36:21","guid":{"rendered":"http:\/\/www.24baires.com\/?p=63092"},"modified":"2015-03-13T10:36:21","modified_gmt":"2015-03-13T13:36:21","slug":"fein-ordeno-preservar-documentacion-de-los-telefonos-de-nisman","status":"publish","type":"post","link":"http:\/\/www.24baires.com\/?p=63092","title":{"rendered":"Fein orden\u00f3 preservar documentaci\u00f3n de los tel\u00e9fonos de Nisman"},"content":{"rendered":"<p><img data-recalc-dims=\"1\" loading=\"lazy\" decoding=\"async\" class=\"aligncenter size-full wp-image-60569\" src=\"https:\/\/i0.wp.com\/www.24baires.com\/wp-content\/uploads\/2015\/01\/nisman-1.jpg?resize=560%2C314\" alt=\"nisman-1\" width=\"560\" height=\"314\" srcset=\"https:\/\/i0.wp.com\/www.24baires.com\/wp-content\/uploads\/2015\/01\/nisman-1.jpg?w=560 560w, https:\/\/i0.wp.com\/www.24baires.com\/wp-content\/uploads\/2015\/01\/nisman-1.jpg?resize=300%2C168 300w\" sizes=\"auto, (max-width: 560px) 100vw, 560px\" \/>Fuentes judiciales precisaron que la fiscal Viviana Fein remiti\u00f3 oficios a las compa\u00f1\u00edas Nextel y Claro ante el riesgo de que \u201clos soportes de las comunicaciones efectuadas por Nisman fueran eliminados de los servidores\u201d.<!--more--><\/p>\n<p>La fiscal Viviana Fein, quien investiga la muerte del fiscal Alberto Nisman, orden\u00f3 a dos empresas de telefon\u00eda celular la \u00abconservaci\u00f3n de todo el tr\u00e1fico\u00bb correspondiente a las l\u00edneas que utilizaba el ex titular de la Unidad Fiscal de Investigaci\u00f3n del atentado a la Amia.<\/p>\n<p>As\u00ed lo consignaron fuentes judiciales, quienes precisaron que la fiscal remiti\u00f3 oficios a las compa\u00f1\u00edas Nextel y Claro ante el riesgo de que \u201clos soportes de las comunicaciones efectuadas por Nisman fueran eliminados de los servidores\u201d.<\/p>\n<p>La orden de preservaci\u00f3n de los registros de esos movimientos abarca a mensajes de texto, chats, conversaciones por whatsapp y \u201ctodo otro\u201d formato de comunicaci\u00f3n que Nisman hubiera realizado, con entradas y salidas desde sus l\u00edneas.<\/p>\n<p>Es que, detallaron las fuentes, seg\u00fan la pr\u00e1ctica, las compa\u00f1\u00edas de telefon\u00eda celular conservan los registros por un per\u00edodo de 60 d\u00edas, con lo cual, con su disposici\u00f3n, la fiscal que lleva adelante la investigaci\u00f3n de la muerte de Nisman procura evitar la p\u00e9rdida de esos registros a poco de cumplirse dos meses de que el fiscal fuera encontrado sin vida.<\/p>\n<p>Las pericias sobre las llamadas entrantes y salientes que se desarrollaban en el marco de la investigaci\u00f3n fueron suspendidas ante un pedido de la jueza federal de San Isidro Sandra Arroyo Salgado, ex esposa de Nisman y representante de la querella, ante el temor de que la difusi\u00f3n de esas conversaciones pudiese afectar la intimidad y privacidad del padre de sus hijas.<\/p>\n<p>&nbsp;<\/p>\n<p>&nbsp;<\/p>\n<p>&nbsp;<\/p>\n<p>&nbsp;<\/p>\n<p>&nbsp;<\/p>\n<p>&nbsp;<\/p>\n<p>&nbsp;<\/p>\n<p>&nbsp;<\/p>\n","protected":false},"excerpt":{"rendered":"<p>Fuentes judiciales precisaron que la fiscal Viviana Fein remiti\u00f3 oficios a las compa\u00f1\u00edas Nextel y Claro ante el riesgo de que \u201clos soportes de las comunicaciones efectuadas por Nisman fueran eliminados de los servidores\u201d.<\/p>\n","protected":false},"author":8,"featured_media":0,"comment_status":"open","ping_status":"open","sticky":false,"template":"","format":"standard","meta":{"_jetpack_newsletter_access":"","_jetpack_dont_email_post_to_subs":false,"_jetpack_newsletter_tier_id":0,"_jetpack_memberships_contains_paywalled_content":false,"_jetpack_memberships_contains_paid_content":false,"footnotes":""},"categories":[51],"tags":[],"class_list":["post-63092","post","type-post","status-publish","format-standard","hentry","category-politica"],"jetpack_shortlink":"https:\/\/wp.me\/p2JWE0-gpC","jetpack-related-posts":[{"id":61508,"url":"http:\/\/www.24baires.com\/?p=61508","url_meta":{"origin":63092,"position":0},"title":"Fein confirm\u00f3 los llamados entre Stiuso y Nisman antes de su muerte","author":"Grupo Sierra","date":"09\/02\/2015","format":false,"excerpt":"La fiscal Viviana Fein inform\u00f3 acerca de las \u00faltimas novedades de la investigaci\u00f3n: los llamados entre, la declaraci\u00f3n del exagente de inteligencia, la trayectoria de la bala y los peritajes pendientes. En un nuevo comunicado, la fiscal Viviana Fein inform\u00f3 los avances de la investigaci\u00f3n sobre la muerte de Alberto\u2026","rel":"","context":"En \u00abJUDICIALES\u00bb","block_context":{"text":"JUDICIALES","link":"http:\/\/www.24baires.com\/?cat=68"},"img":{"alt_text":"fein","src":"https:\/\/i0.wp.com\/www.24baires.com\/wp-content\/uploads\/2015\/01\/fein.jpg?resize=350%2C200","width":350,"height":200,"srcset":"https:\/\/i0.wp.com\/www.24baires.com\/wp-content\/uploads\/2015\/01\/fein.jpg?resize=350%2C200 1x, https:\/\/i0.wp.com\/www.24baires.com\/wp-content\/uploads\/2015\/01\/fein.jpg?resize=525%2C300 1.5x"},"classes":[]},{"id":61182,"url":"http:\/\/www.24baires.com\/?p=61182","url_meta":{"origin":63092,"position":1},"title":"La Fiscal\u00eda pidi\u00f3 el listado de llamadas a Nisman","author":"GB","date":"03\/02\/2015","format":false,"excerpt":"Adem\u00e1s advirti\u00f3 que los peritajes estaban demorados por la falta de designaci\u00f3n de los peritos de parte. En un comunicado que emiti\u00f3 este martes la fiscal Viviana Fein donde aclar\u00f3 que los papeles hallados en el domicilio del fiscal est\u00e1n siendo \"analizados\", inform\u00f3 tambi\u00e9n que la Divisi\u00f3n Fraudes Bancarios de\u2026","rel":"","context":"En \u00abPol\u00edtica\u00bb","block_context":{"text":"Pol\u00edtica","link":"http:\/\/www.24baires.com\/?cat=51"},"img":{"alt_text":"fein","src":"https:\/\/i0.wp.com\/www.24baires.com\/wp-content\/uploads\/2015\/01\/fein.jpg?resize=350%2C200","width":350,"height":200,"srcset":"https:\/\/i0.wp.com\/www.24baires.com\/wp-content\/uploads\/2015\/01\/fein.jpg?resize=350%2C200 1x, https:\/\/i0.wp.com\/www.24baires.com\/wp-content\/uploads\/2015\/01\/fein.jpg?resize=525%2C300 1.5x"},"classes":[]},{"id":60815,"url":"http:\/\/www.24baires.com\/?p=60815","url_meta":{"origin":63092,"position":2},"title":"Realizan un nuevo operativo en el departamento de Nisman","author":"GB","date":"27\/01\/2015","format":false,"excerpt":"Un operativo judicial se realiza desde este mediod\u00eda en la vivienda del fallecido fiscal Alberto Nisman para obtener elementos de prueba para la investigaci\u00f3n de esa muerte, por disposici\u00f3n de la jueza de instrucci\u00f3n Fabiana Palmaghini. Fuentes vinculadas a la causa indicaron que el procedimiento, con la intervenci\u00f3n de la\u2026","rel":"","context":"En \u00abPol\u00edtica\u00bb","block_context":{"text":"Pol\u00edtica","link":"http:\/\/www.24baires.com\/?cat=51"},"img":{"alt_text":"autopsia","src":"https:\/\/i0.wp.com\/www.24baires.com\/wp-content\/uploads\/2015\/01\/autopsia.jpg?resize=350%2C200","width":350,"height":200,"srcset":"https:\/\/i0.wp.com\/www.24baires.com\/wp-content\/uploads\/2015\/01\/autopsia.jpg?resize=350%2C200 1x, https:\/\/i0.wp.com\/www.24baires.com\/wp-content\/uploads\/2015\/01\/autopsia.jpg?resize=525%2C300 1.5x"},"classes":[]},{"id":76538,"url":"http:\/\/www.24baires.com\/?p=76538","url_meta":{"origin":63092,"position":3},"title":"Desplazan a Fein de la causa que investiga la muerte de Nisman","author":"AF","date":"17\/12\/2015","format":false,"excerpt":"La jueza Fabiana Palmaghini decidi\u00f3 hoy asumir personalmente la investigaci\u00f3n por la muerte del fiscal Alberto Nisman. A su vez, orden\u00f3 ampliar la declaraci\u00f3n del ex agente de inteligencia Antonio Stiuso. La jueza Fabiana Palmaghini tomo la decisi\u00f3n de desplazar a la fiscal Viviana Fein de la causa en la\u2026","rel":"","context":"En \u00abJUDICIALES\u00bb","block_context":{"text":"JUDICIALES","link":"http:\/\/www.24baires.com\/?cat=68"},"img":{"alt_text":"fein","src":"https:\/\/i0.wp.com\/www.24baires.com\/wp-content\/uploads\/2015\/01\/fein.jpg?resize=350%2C200","width":350,"height":200,"srcset":"https:\/\/i0.wp.com\/www.24baires.com\/wp-content\/uploads\/2015\/01\/fein.jpg?resize=350%2C200 1x, https:\/\/i0.wp.com\/www.24baires.com\/wp-content\/uploads\/2015\/01\/fein.jpg?resize=525%2C300 1.5x"},"classes":[]},{"id":68885,"url":"http:\/\/www.24baires.com\/?p=68885","url_meta":{"origin":63092,"position":4},"title":"Analizar\u00e1n el m\u00f3dem de Nisman","author":"AF","date":"10\/07\/2015","format":false,"excerpt":"Fuentes allegadas a la investigaci\u00f3n recordaron que la fiscal hab\u00eda solicitado autorizaci\u00f3n a la jueza Fabiana Palmaghini para la diligencia judicial, a ra\u00edz de una serie de informes parciales suministrados por los expertos en inform\u00e1tica. La fiscal Viviana Fein tiene previsto realizar el pr\u00f3ximo lunes el procedimiento en b\u00fasqueda del\u2026","rel":"","context":"En \u00abJUDICIALES\u00bb","block_context":{"text":"JUDICIALES","link":"http:\/\/www.24baires.com\/?cat=68"},"img":{"alt_text":"fein","src":"https:\/\/i0.wp.com\/www.24baires.com\/wp-content\/uploads\/2015\/01\/fein.jpg?resize=350%2C200","width":350,"height":200,"srcset":"https:\/\/i0.wp.com\/www.24baires.com\/wp-content\/uploads\/2015\/01\/fein.jpg?resize=350%2C200 1x, https:\/\/i0.wp.com\/www.24baires.com\/wp-content\/uploads\/2015\/01\/fein.jpg?resize=525%2C300 1.5x"},"classes":[]},{"id":60430,"url":"http:\/\/www.24baires.com\/?p=60430","url_meta":{"origin":63092,"position":5},"title":"La fiscal\u00eda analizar\u00e1 las \u00faltimas llamadas de Nisman","author":"Grupo Sierra","date":"20\/01\/2015","format":false,"excerpt":"La fiscal Viviana Fein revel\u00f3 que mantuvo una conversaci\u00f3n con la ex esposa, Sandra Arroyo Salgado. Adem\u00e1s, dispuso una nueva pericia sobre el arma. La fiscal que investiga la muerte de Alberto Nisman, Viviana Fein, adelant\u00f3 hoy que se investigar\u00e1n todas las comunicaciones que se realizaron desde los tel\u00e9fonos del\u2026","rel":"","context":"En \u00abJUDICIALES\u00bb","block_context":{"text":"JUDICIALES","link":"http:\/\/www.24baires.com\/?cat=68"},"img":{"alt_text":"Alberto-Nisman","src":"https:\/\/i0.wp.com\/www.24baires.com\/wp-content\/uploads\/2015\/01\/Alberto-Nisman.jpg?resize=350%2C200","width":350,"height":200,"srcset":"https:\/\/i0.wp.com\/www.24baires.com\/wp-content\/uploads\/2015\/01\/Alberto-Nisman.jpg?resize=350%2C200 1x, https:\/\/i0.wp.com\/www.24baires.com\/wp-content\/uploads\/2015\/01\/Alberto-Nisman.jpg?resize=525%2C300 1.5x"},"classes":[]}],"jetpack_sharing_enabled":true,"jetpack_likes_enabled":true,"jetpack_featured_media_url":"","_links":{"self":[{"href":"http:\/\/www.24baires.com\/index.php?rest_route=\/wp\/v2\/posts\/63092","targetHints":{"allow":["GET"]}}],"collection":[{"href":"http:\/\/www.24baires.com\/index.php?rest_route=\/wp\/v2\/posts"}],"about":[{"href":"http:\/\/www.24baires.com\/index.php?rest_route=\/wp\/v2\/types\/post"}],"author":[{"embeddable":true,"href":"http:\/\/www.24baires.com\/index.php?rest_route=\/wp\/v2\/users\/8"}],"replies":[{"embeddable":true,"href":"http:\/\/www.24baires.com\/index.php?rest_route=%2Fwp%2Fv2%2Fcomments&post=63092"}],"version-history":[{"count":1,"href":"http:\/\/www.24baires.com\/index.php?rest_route=\/wp\/v2\/posts\/63092\/revisions"}],"predecessor-version":[{"id":63093,"href":"http:\/\/www.24baires.com\/index.php?rest_route=\/wp\/v2\/posts\/63092\/revisions\/63093"}],"wp:attachment":[{"href":"http:\/\/www.24baires.com\/index.php?rest_route=%2Fwp%2Fv2%2Fmedia&parent=63092"}],"wp:term":[{"taxonomy":"category","embeddable":true,"href":"http:\/\/www.24baires.com\/index.php?rest_route=%2Fwp%2Fv2%2Fcategories&post=63092"},{"taxonomy":"post_tag","embeddable":true,"href":"http:\/\/www.24baires.com\/index.php?rest_route=%2Fwp%2Fv2%2Ftags&post=63092"}],"curies":[{"name":"wp","href":"https:\/\/api.w.org\/{rel}","templated":true}]}}