{"id":63090,"date":"2015-03-13T10:02:46","date_gmt":"2015-03-13T13:02:46","guid":{"rendered":"http:\/\/www.24baires.com\/?p=63090"},"modified":"2015-03-14T10:11:18","modified_gmt":"2015-03-14T13:11:18","slug":"fernandez-sobre-amia-se-podra-analizar-cada-segundo-de-lo-que-se-hizo-en-ese-caso","status":"publish","type":"post","link":"http:\/\/www.24baires.com\/?p=63090","title":{"rendered":"Fern\u00e1ndez sobre AMIA: \u00abSe podr\u00e1 analizar cada segundo de lo que se hizo en ese caso\u00bb"},"content":{"rendered":"<p><img data-recalc-dims=\"1\" loading=\"lazy\" decoding=\"async\" class=\"aligncenter size-full wp-image-60580\" src=\"https:\/\/i0.wp.com\/www.24baires.com\/wp-content\/uploads\/2015\/01\/anibal.jpg?resize=560%2C373\" alt=\"anibal\" width=\"560\" height=\"373\" srcset=\"https:\/\/i0.wp.com\/www.24baires.com\/wp-content\/uploads\/2015\/01\/anibal.jpg?w=560 560w, https:\/\/i0.wp.com\/www.24baires.com\/wp-content\/uploads\/2015\/01\/anibal.jpg?resize=300%2C200 300w\" sizes=\"auto, (max-width: 560px) 100vw, 560px\" \/>El jefe de Gabinete se refiri\u00f3 al decreto publicado hoy en el Bolet\u00edn Oficial, que oficializa la apertura de la documentaci\u00f3n correspondiente a la causa que investiga el atentado contra la Amia.<!--more--><\/p>\n<p>El jefe de Gabinete, An\u00edbal Fern\u00e1ndez, asegur\u00f3 hoy que, con la apertura de la documentaci\u00f3n correspondiente a la causa que investiga el atentado contra la Amia, se podr\u00e1 \u201cinvestigar y analizar cada segundo de lo que se hizo en ese caso\u201d.<\/p>\n<p>As\u00ed lo se\u00f1al\u00f3 en su di\u00e1logo con la prensa al ingresar esta ma\u00f1ana a la Casa de Gobierno cuando fue consultado por el decreto publicado hoy en el Bolet\u00edn Oficial, que oficializa una medida anticipada por el secretario de Inteligencia, Oscar Parrilli.<\/p>\n<p>\u201cEl gobierno ha tenido la vocaci\u00f3n siempre de que dejara de ser secreto algo que nos importaba a todos por lo delicado de la situaci\u00f3n y por los 21 a\u00f1os que vamos a llevar del atentado sin respuesta de ninguna caracter\u00edstica\u201d, asever\u00f3 An\u00edbal Fern\u00e1ndez.<\/p>\n<p>En este sentido, explic\u00f3 que, lo que se hizo a trav\u00e9s del Decreto 395\/2015 publicado hoy en el Bolet\u00edn Oficial, es \u201chacer p\u00fablica\u201d la documentaci\u00f3n correspondiente a la causa que investiga el ataque terrorista para \u201cque se puede investigar y analizar cada segundo de lo que se hizo en este caso\u201d.<\/p>\n<p>De esta forma, continu\u00f3, de lo que se trat\u00f3 fue de dictar un decreto que fuera \u201cm\u00e1s amplio\u201d y que \u201cd\u00e9 la oportunidad para que pueda verse exactamente todos los elementos con los que se contaba\u201d.<\/p>\n","protected":false},"excerpt":{"rendered":"<p>El jefe de Gabinete se refiri\u00f3 al decreto publicado hoy en el Bolet\u00edn Oficial, que oficializa la apertura de la documentaci\u00f3n correspondiente a la causa que investiga el atentado contra la Amia.<\/p>\n","protected":false},"author":8,"featured_media":0,"comment_status":"open","ping_status":"open","sticky":false,"template":"","format":"standard","meta":{"_jetpack_newsletter_access":"","_jetpack_dont_email_post_to_subs":false,"_jetpack_newsletter_tier_id":0,"_jetpack_memberships_contains_paywalled_content":false,"_jetpack_memberships_contains_paid_content":false,"footnotes":""},"categories":[51],"tags":[],"class_list":["post-63090","post","type-post","status-publish","format-standard","hentry","category-politica"],"jetpack_shortlink":"https:\/\/wp.me\/p2JWE0-gpA","jetpack-related-posts":[{"id":63370,"url":"http:\/\/www.24baires.com\/?p=63370","url_meta":{"origin":63090,"position":0},"title":"Desclasificar\u00e1n los archivos del atentado a la Embajada de Israel","author":"GB","date":"19\/03\/2015","format":false,"excerpt":"La presidenta Cristina Fern\u00e1ndez de Kirchner adelant\u00f3 que \"ni bien\" la Corte Suprema de Justicia \"lo solicite\", el Poder Ejecutivo desclasificar\u00e1 la informaci\u00f3n reservada sobre el atentado a la embajada de Israel, del que esta semana se cumplieron 23 a\u00f1os. La presidenta Cristina Fern\u00e1ndez de Kirchner revel\u00f3 que el Poder\u2026","rel":"","context":"En \u00abPol\u00edtica\u00bb","block_context":{"text":"Pol\u00edtica","link":"http:\/\/www.24baires.com\/?cat=51"},"img":{"alt_text":"","src":"https:\/\/i0.wp.com\/www.24baires.com\/wp-content\/uploads\/2015\/03\/embajada-israel.jpg?resize=350%2C200","width":350,"height":200,"srcset":"https:\/\/i0.wp.com\/www.24baires.com\/wp-content\/uploads\/2015\/03\/embajada-israel.jpg?resize=350%2C200 1x, https:\/\/i0.wp.com\/www.24baires.com\/wp-content\/uploads\/2015\/03\/embajada-israel.jpg?resize=525%2C300 1.5x"},"classes":[]},{"id":64026,"url":"http:\/\/www.24baires.com\/?p=64026","url_meta":{"origin":63090,"position":1},"title":"Es oficial: Cristina orden\u00f3 la desclasificaci\u00f3n de los archivos por el atentado a la Embajada","author":"GB","date":"09\/04\/2015","format":false,"excerpt":"La presidenta Cristina Fern\u00e1ndez de Kirchner orden\u00f3 \"la desclasificaci\u00f3n de la totalidad de la documentaci\u00f3n de los archivos de inteligencia\" relacionados con el atentado contra la embajada de Israel, luego de que ayer que se lo pidiera la Corte Suprema de Justicia. As\u00ed lo hizo a trav\u00e9s del decreto 529,\u2026","rel":"","context":"En \u00abLocales\u00bb","block_context":{"text":"Locales","link":"http:\/\/www.24baires.com\/?cat=38"},"img":{"alt_text":"","src":"https:\/\/i0.wp.com\/www.24baires.com\/wp-content\/uploads\/2015\/04\/atentado-embajada-de-Israel.jpg?resize=350%2C200","width":350,"height":200,"srcset":"https:\/\/i0.wp.com\/www.24baires.com\/wp-content\/uploads\/2015\/04\/atentado-embajada-de-Israel.jpg?resize=350%2C200 1x, https:\/\/i0.wp.com\/www.24baires.com\/wp-content\/uploads\/2015\/04\/atentado-embajada-de-Israel.jpg?resize=525%2C300 1.5x"},"classes":[]},{"id":117897,"url":"http:\/\/www.24baires.com\/?p=117897","url_meta":{"origin":63090,"position":2},"title":"Las personas no binarias podr\u00e1n elegir \u00abX\u00bb en el DNI","author":"AF","date":"21\/07\/2021","format":false,"excerpt":"El Gobierno oficializ\u00f3 que desde este mi\u00e9rcoles, las personas que no se reconocen dentro del sistema binario femenino\/masculino puedan identificarse de esa manera con una tercera opci\u00f3n, que utilizar\u00e1 la letra \"X\". El Gobierno oficializ\u00f3 este mi\u00e9rcoles la incorporaci\u00f3n en los Documentos Nacionales de Identidad (DNI) de la posibilidad de\u2026","rel":"","context":"En \u00abSociedad\u00bb","block_context":{"text":"Sociedad","link":"http:\/\/www.24baires.com\/?cat=1"},"img":{"alt_text":"","src":"https:\/\/i0.wp.com\/www.24baires.com\/wp-content\/uploads\/2020\/08\/alberto-fern%C3%A1ndez.jpg?resize=350%2C200","width":350,"height":200,"srcset":"https:\/\/i0.wp.com\/www.24baires.com\/wp-content\/uploads\/2020\/08\/alberto-fern%C3%A1ndez.jpg?resize=350%2C200 1x, https:\/\/i0.wp.com\/www.24baires.com\/wp-content\/uploads\/2020\/08\/alberto-fern%C3%A1ndez.jpg?resize=525%2C300 1.5x"},"classes":[]},{"id":107292,"url":"http:\/\/www.24baires.com\/?p=107292","url_meta":{"origin":63090,"position":3},"title":"Crean r\u00e9gimen de ayuda financiera para acelerar finalizaci\u00f3n de obras en municipios","author":"GB","date":"20\/03\/2019","format":false,"excerpt":"El Gobierno bonaerense oficializ\u00f3 hoy la creaci\u00f3n de un r\u00e9gimen especial de ayuda financiera a los municipios, con el objetivo de acelerar, en el a\u00f1o electoral, la realizaci\u00f3n de obras y de finalizar otras que se encuentran paralizadas. La medida fue dispuesta a trav\u00e9s de un decreto publicado hoy en\u2026","rel":"","context":"En \u00abProvincia\u00bb","block_context":{"text":"Provincia","link":"http:\/\/www.24baires.com\/?cat=40"},"img":{"alt_text":"","src":"https:\/\/i0.wp.com\/www.24baires.com\/wp-content\/uploads\/2019\/01\/construcci%C3%B3n.png?resize=350%2C200","width":350,"height":200,"srcset":"https:\/\/i0.wp.com\/www.24baires.com\/wp-content\/uploads\/2019\/01\/construcci%C3%B3n.png?resize=350%2C200 1x, https:\/\/i0.wp.com\/www.24baires.com\/wp-content\/uploads\/2019\/01\/construcci%C3%B3n.png?resize=525%2C300 1.5x"},"classes":[]},{"id":100264,"url":"http:\/\/www.24baires.com\/?p=100264","url_meta":{"origin":63090,"position":4},"title":"Los familiares de los ministros deber\u00e1n dejar el cargo antes del 28 de febrero","author":"GB","date":"31\/01\/2018","format":false,"excerpt":"El Gobierno public\u00f3 en el Bolet\u00edn Oficial el decreto que impide el nepotismo en la administraci\u00f3n p\u00fablica. El Gobierno nacional oficializ\u00f3 el decreto para prohibir el nepotismo en la administraci\u00f3n p\u00fablica. La publicaci\u00f3n en el Bolet\u00edn Oficial lleva las firmas del presidente Mauricio Macri, que anunci\u00f3 la medida el lunes\u2026","rel":"","context":"En \u00abPol\u00edtica\u00bb","block_context":{"text":"Pol\u00edtica","link":"http:\/\/www.24baires.com\/?cat=51"},"img":{"alt_text":"","src":"","width":0,"height":0},"classes":[]},{"id":114814,"url":"http:\/\/www.24baires.com\/?p=114814","url_meta":{"origin":63090,"position":5},"title":"El Gobierno oficializ\u00f3 la apertura de actividades en algunas provincias","author":"GB","date":"24\/04\/2020","format":false,"excerpt":"Los tres decretos fueron publicados este viernes en Bolet\u00edn Oficial en el marco de la decisi\u00f3n de ampliar la cuarentena administrada. El Gobierno nacional oficializ\u00f3 este viernes, con tres decretos publicados en el Bolet\u00edn Oficial, una serie de reanudaciones de actividades, como las obras de construcci\u00f3n en el \u00e1mbito privado\u2026","rel":"","context":"En \u00abPol\u00edtica\u00bb","block_context":{"text":"Pol\u00edtica","link":"http:\/\/www.24baires.com\/?cat=51"},"img":{"alt_text":"","src":"https:\/\/i0.wp.com\/www.24baires.com\/wp-content\/uploads\/2020\/04\/alberto-pyme.jpg?resize=350%2C200","width":350,"height":200,"srcset":"https:\/\/i0.wp.com\/www.24baires.com\/wp-content\/uploads\/2020\/04\/alberto-pyme.jpg?resize=350%2C200 1x, https:\/\/i0.wp.com\/www.24baires.com\/wp-content\/uploads\/2020\/04\/alberto-pyme.jpg?resize=525%2C300 1.5x"},"classes":[]}],"jetpack_sharing_enabled":true,"jetpack_likes_enabled":true,"jetpack_featured_media_url":"","_links":{"self":[{"href":"http:\/\/www.24baires.com\/index.php?rest_route=\/wp\/v2\/posts\/63090","targetHints":{"allow":["GET"]}}],"collection":[{"href":"http:\/\/www.24baires.com\/index.php?rest_route=\/wp\/v2\/posts"}],"about":[{"href":"http:\/\/www.24baires.com\/index.php?rest_route=\/wp\/v2\/types\/post"}],"author":[{"embeddable":true,"href":"http:\/\/www.24baires.com\/index.php?rest_route=\/wp\/v2\/users\/8"}],"replies":[{"embeddable":true,"href":"http:\/\/www.24baires.com\/index.php?rest_route=%2Fwp%2Fv2%2Fcomments&post=63090"}],"version-history":[{"count":1,"href":"http:\/\/www.24baires.com\/index.php?rest_route=\/wp\/v2\/posts\/63090\/revisions"}],"predecessor-version":[{"id":63091,"href":"http:\/\/www.24baires.com\/index.php?rest_route=\/wp\/v2\/posts\/63090\/revisions\/63091"}],"wp:attachment":[{"href":"http:\/\/www.24baires.com\/index.php?rest_route=%2Fwp%2Fv2%2Fmedia&parent=63090"}],"wp:term":[{"taxonomy":"category","embeddable":true,"href":"http:\/\/www.24baires.com\/index.php?rest_route=%2Fwp%2Fv2%2Fcategories&post=63090"},{"taxonomy":"post_tag","embeddable":true,"href":"http:\/\/www.24baires.com\/index.php?rest_route=%2Fwp%2Fv2%2Ftags&post=63090"}],"curies":[{"name":"wp","href":"https:\/\/api.w.org\/{rel}","templated":true}]}}