{"id":63086,"date":"2015-03-12T21:30:17","date_gmt":"2015-03-13T00:30:17","guid":{"rendered":"http:\/\/www.24baires.com\/?p=63086"},"modified":"2015-03-12T21:45:41","modified_gmt":"2015-03-13T00:45:41","slug":"randazzo-quieren-imponer-al-candidato-del-frente-para-la-victoria-y-se-equivocan","status":"publish","type":"post","link":"http:\/\/www.24baires.com\/?p=63086","title":{"rendered":"Randazzo: \u00abQuieren imponer al candidato del Frente Para la Victoria y se equivocan\u00bb"},"content":{"rendered":"<p><img data-recalc-dims=\"1\" loading=\"lazy\" decoding=\"async\" class=\"aligncenter size-full wp-image-61684\" src=\"https:\/\/i0.wp.com\/www.24baires.com\/wp-content\/uploads\/2015\/02\/randazzo.jpg?resize=560%2C372\" alt=\"randazzo\" width=\"560\" height=\"372\" srcset=\"https:\/\/i0.wp.com\/www.24baires.com\/wp-content\/uploads\/2015\/02\/randazzo.jpg?w=560 560w, https:\/\/i0.wp.com\/www.24baires.com\/wp-content\/uploads\/2015\/02\/randazzo.jpg?resize=300%2C199 300w\" sizes=\"auto, (max-width: 560px) 100vw, 560px\" \/>El ministro del Interior y Transporte brind\u00f3 una conferencia de prensa desde Casa de Gobierno en la que respondi\u00f3 a los medios de comunicaci\u00f3n que criticaron el tren que uni\u00f3 Bunos Aires y C\u00f3rdoba.<!--more--><\/p>\n<p>Si bien Randazzo confirm\u00f3 que el tren en cuesti\u00f3n demor\u00f3 lo informado -cerca de 20 horas-, explic\u00f3 que se debe a un proceso de renovaci\u00f3n de v\u00edas y que los medios \u00abinoculan veneno en la gente con informaciones a medias\u00bb.<\/p>\n<p>Entre algunos detalles de las pr\u00f3ximas licitaciones para renovar las v\u00edas, el Ministro cuestion\u00f3 el rol que cumplen los multimedios y \u00abgrupos concentrados\u00bb en \u00abdefender\u00bb a determinados candidatos. \u00abParece que los \u00fanicos candidatos fueran (Mauricio) Macri, (Sergio) Massa y (Daniel) Scioli\u00bb, se quej\u00f3, y advirti\u00f3 que \u00abquieren imponer al candidato del Frente Para la Victoria\u00bb.<\/p>\n<p>Al Gobernador de la Provincia de Buenos Aires, su principal rival en la PASO oficialistas, le achac\u00f3 sus \u00abdesatrosos\u00bb trenes, le exigi\u00f3 la declaraci\u00f3n jurada y le pidi\u00f3 que \u00abse posicione sobre la ley de Medios y qu\u00e9 creen sobre la causa Papel Prensa\u00bb.<\/p>\n<p>Una vez m\u00e1s, Randazzo asegur\u00f3 que es atacado \u00abpor ser candidato de este Gobierno\u00bb y mostr\u00f3 un video con entrevistas a pasajeros del tren que arrib\u00f3 a C\u00f3rdoba el mi\u00e9rcoles, en las que se mostraban contentos y agradecidos. Tambi\u00e9n se pod\u00eda observar a trabajadores enrolados en la lista verde de la Uni\u00f3n Ferroviaria -con sus caracter\u00edsticas gorras- celebrando la llegada del tren.<\/p>\n<p>&nbsp;<\/p>\n<p>&nbsp;<\/p>\n<p>&nbsp;<\/p>\n","protected":false},"excerpt":{"rendered":"<p>El ministro del Interior y Transporte brind\u00f3 una conferencia de prensa desde Casa de Gobierno en la que respondi\u00f3 a los medios de comunicaci\u00f3n que criticaron el tren que uni\u00f3 Bunos Aires y C\u00f3rdoba.<\/p>\n","protected":false},"author":11,"featured_media":0,"comment_status":"open","ping_status":"open","sticky":false,"template":"","format":"standard","meta":{"_jetpack_newsletter_access":"","_jetpack_dont_email_post_to_subs":false,"_jetpack_newsletter_tier_id":0,"_jetpack_memberships_contains_paywalled_content":false,"_jetpack_memberships_contains_paid_content":false,"footnotes":""},"categories":[51],"tags":[],"class_list":["post-63086","post","type-post","status-publish","format-standard","hentry","category-politica"],"jetpack_shortlink":"https:\/\/wp.me\/p2JWE0-gpw","jetpack-related-posts":[{"id":112373,"url":"http:\/\/www.24baires.com\/?p=112373","url_meta":{"origin":63086,"position":0},"title":"Fern\u00e1ndez tild\u00f3 al Gobierno de \u201cmalandras\u201d: \u00abAgarran el poder y lo usan para sus negocios\u00bb","author":"AF","date":"04\/10\/2019","format":false,"excerpt":"\u00a0JUN\u00cdN - \"Vamos a cumplir con las obligaciones que nos dejan estos malandras pero antes vamos a cumplir con nuestra gente\", sostuvo el candidato a presidente en su primer acto con Randazzo, a quien consider\u00f3 \"ministeriable\". De gira en la cuarta secci\u00f3n electoral, el candidato a presidente del Frente de\u2026","rel":"","context":"En \u00abPol\u00edtica\u00bb","block_context":{"text":"Pol\u00edtica","link":"http:\/\/www.24baires.com\/?cat=51"},"img":{"alt_text":"","src":"https:\/\/i0.wp.com\/www.24baires.com\/wp-content\/uploads\/2019\/10\/fern%C3%A1ndez-jun%C3%ADn.jpg?resize=350%2C200","width":350,"height":200,"srcset":"https:\/\/i0.wp.com\/www.24baires.com\/wp-content\/uploads\/2019\/10\/fern%C3%A1ndez-jun%C3%ADn.jpg?resize=350%2C200 1x, https:\/\/i0.wp.com\/www.24baires.com\/wp-content\/uploads\/2019\/10\/fern%C3%A1ndez-jun%C3%ADn.jpg?resize=525%2C300 1.5x"},"classes":[]},{"id":50357,"url":"http:\/\/www.24baires.com\/?p=50357","url_meta":{"origin":63086,"position":1},"title":"Randazzo: \u00abQuiero ser candidato en las primarias de 2015\u00bb","author":"AF","date":"22\/07\/2014","format":false,"excerpt":"El ministro de Interior y Transporte, Florencio Randazzo, se declar\u00f3 hoy \"comprometido\" con el modelo de gobierno que encabeza Cristina Kirchner y ratific\u00f3 su pretensi\u00f3n de ser el candidato presidencial del Frente para la Victoria en 2015. \"Estoy comprometido con el proyecto de Cristina\", asever\u00f3 el funcionario nacional en declaraciones\u2026","rel":"","context":"En \u00abPol\u00edtica\u00bb","block_context":{"text":"Pol\u00edtica","link":"http:\/\/www.24baires.com\/?cat=51"},"img":{"alt_text":"randazzo 1","src":"https:\/\/i0.wp.com\/www.24baires.com\/wp-content\/uploads\/2014\/01\/randazzo-1.jpg?resize=350%2C200","width":350,"height":200,"srcset":"https:\/\/i0.wp.com\/www.24baires.com\/wp-content\/uploads\/2014\/01\/randazzo-1.jpg?resize=350%2C200 1x, https:\/\/i0.wp.com\/www.24baires.com\/wp-content\/uploads\/2014\/01\/randazzo-1.jpg?resize=525%2C300 1.5x"},"classes":[]},{"id":41284,"url":"http:\/\/www.24baires.com\/?p=41284","url_meta":{"origin":63086,"position":2},"title":"Randazzo firme: \u00abHay kirchnerismo despu\u00e9s del 2015\u00bb","author":"Grupo Sierra","date":"28\/02\/2014","format":false,"excerpt":"El ministro de Interior y Transporte dio una extensa entrevista y repas\u00f3 los logros de su gesti\u00f3n con respecto al servicio de los trenes. El Ministro del Interior y Transporte, Florencio Randazzo se refiri\u00f3 a la cartera que administra, la situaci\u00f3n del transporte p\u00fablico y las proyecciones a futuro en\u2026","rel":"","context":"En \u00abPol\u00edtica\u00bb","block_context":{"text":"Pol\u00edtica","link":"http:\/\/www.24baires.com\/?cat=51"},"img":{"alt_text":"randazzo","src":"https:\/\/i0.wp.com\/www.24baires.com\/wp-content\/uploads\/2012\/11\/randazzo.jpg?resize=350%2C200","width":350,"height":200,"srcset":"https:\/\/i0.wp.com\/www.24baires.com\/wp-content\/uploads\/2012\/11\/randazzo.jpg?resize=350%2C200 1x, https:\/\/i0.wp.com\/www.24baires.com\/wp-content\/uploads\/2012\/11\/randazzo.jpg?resize=525%2C300 1.5x"},"classes":[]},{"id":47152,"url":"http:\/\/www.24baires.com\/?p=47152","url_meta":{"origin":63086,"position":3},"title":"Randazzo: \u00abNo voy a ser candidato a gobernador ni vice, quiero serlo a presidente\u00bb","author":"GB","date":"01\/06\/2014","format":false,"excerpt":"El ministro de Interior y Transporte, Florencio Randazzo, volvi\u00f3 a ratificar sus intenciones de cara al 2015 y a las primarias en la que competir\u00e1n todos los precandidatos del kirchnerismo. \"No voy a ser candidato a gobernador, ni quiero ser ministro de nadie, ni vice de nadie. Quiero ser candidato\u2026","rel":"","context":"En \u00abPol\u00edtica\u00bb","block_context":{"text":"Pol\u00edtica","link":"http:\/\/www.24baires.com\/?cat=51"},"img":{"alt_text":"randazzo 1","src":"https:\/\/i0.wp.com\/www.24baires.com\/wp-content\/uploads\/2014\/01\/randazzo-1.jpg?resize=350%2C200","width":350,"height":200,"srcset":"https:\/\/i0.wp.com\/www.24baires.com\/wp-content\/uploads\/2014\/01\/randazzo-1.jpg?resize=350%2C200 1x, https:\/\/i0.wp.com\/www.24baires.com\/wp-content\/uploads\/2014\/01\/randazzo-1.jpg?resize=525%2C300 1.5x"},"classes":[]},{"id":63173,"url":"http:\/\/www.24baires.com\/?p=63173","url_meta":{"origin":63086,"position":4},"title":"Randazzo: \u00abMis aliados son los millones de argentinos que defienden a Cristina\u00bb","author":"AF","date":"15\/03\/2015","format":false,"excerpt":"El ministro del Interior y Transporte, Florencio Randazzo, manifest\u00f3 hoy a trav\u00e9s de su cuenta en Twitter que sus adversarios son \"aquellos que no est\u00e9n dispuestos a sostener las banderas de este proyecto\", e inst\u00f3 a la ciudadan\u00eda a exigirle a los candidatos presidenciales \u201cdefiniciones sobre las conquistas alcanzas en\u2026","rel":"","context":"En \u00abPol\u00edtica\u00bb","block_context":{"text":"Pol\u00edtica","link":"http:\/\/www.24baires.com\/?cat=51"},"img":{"alt_text":"","src":"","width":0,"height":0},"classes":[]},{"id":66536,"url":"http:\/\/www.24baires.com\/?p=66536","url_meta":{"origin":63086,"position":5},"title":"Randazzo: \u00abMacri en ocho a\u00f1os hizo menos subtes que De la R\u00faa en tres\u00bb","author":"AF","date":"26\/05\/2015","format":false,"excerpt":"El ministro de Interior y Transporte y precandidato presidencial del Frente para la Victoria recorri\u00f3 las obras de extensi\u00f3n de la l\u00ednea E, financiadas por el gobierno nacional. \u201cMacri, en ocho a\u00f1os, ha hecho menos subtes que De la R\u00faa en tres a\u00f1os de gesti\u00f3n de gobierno\u201d. La frase fue\u2026","rel":"","context":"En \u00abPol\u00edtica\u00bb","block_context":{"text":"Pol\u00edtica","link":"http:\/\/www.24baires.com\/?cat=51"},"img":{"alt_text":"randazzo-tres","src":"https:\/\/i0.wp.com\/www.24baires.com\/wp-content\/uploads\/2014\/10\/randazzo-tres.jpg?resize=350%2C200","width":350,"height":200,"srcset":"https:\/\/i0.wp.com\/www.24baires.com\/wp-content\/uploads\/2014\/10\/randazzo-tres.jpg?resize=350%2C200 1x, https:\/\/i0.wp.com\/www.24baires.com\/wp-content\/uploads\/2014\/10\/randazzo-tres.jpg?resize=525%2C300 1.5x"},"classes":[]}],"jetpack_sharing_enabled":true,"jetpack_likes_enabled":true,"jetpack_featured_media_url":"","_links":{"self":[{"href":"http:\/\/www.24baires.com\/index.php?rest_route=\/wp\/v2\/posts\/63086","targetHints":{"allow":["GET"]}}],"collection":[{"href":"http:\/\/www.24baires.com\/index.php?rest_route=\/wp\/v2\/posts"}],"about":[{"href":"http:\/\/www.24baires.com\/index.php?rest_route=\/wp\/v2\/types\/post"}],"author":[{"embeddable":true,"href":"http:\/\/www.24baires.com\/index.php?rest_route=\/wp\/v2\/users\/11"}],"replies":[{"embeddable":true,"href":"http:\/\/www.24baires.com\/index.php?rest_route=%2Fwp%2Fv2%2Fcomments&post=63086"}],"version-history":[{"count":1,"href":"http:\/\/www.24baires.com\/index.php?rest_route=\/wp\/v2\/posts\/63086\/revisions"}],"predecessor-version":[{"id":63087,"href":"http:\/\/www.24baires.com\/index.php?rest_route=\/wp\/v2\/posts\/63086\/revisions\/63087"}],"wp:attachment":[{"href":"http:\/\/www.24baires.com\/index.php?rest_route=%2Fwp%2Fv2%2Fmedia&parent=63086"}],"wp:term":[{"taxonomy":"category","embeddable":true,"href":"http:\/\/www.24baires.com\/index.php?rest_route=%2Fwp%2Fv2%2Fcategories&post=63086"},{"taxonomy":"post_tag","embeddable":true,"href":"http:\/\/www.24baires.com\/index.php?rest_route=%2Fwp%2Fv2%2Ftags&post=63086"}],"curies":[{"name":"wp","href":"https:\/\/api.w.org\/{rel}","templated":true}]}}