{"id":63082,"date":"2015-03-12T20:30:37","date_gmt":"2015-03-12T23:30:37","guid":{"rendered":"http:\/\/www.24baires.com\/?p=63082"},"modified":"2015-03-12T20:13:30","modified_gmt":"2015-03-12T23:13:30","slug":"negaron-a-duhalde-quedarse-con-el-partido-justicialista","status":"publish","type":"post","link":"http:\/\/www.24baires.com\/?p=63082","title":{"rendered":"Negaron a Duhalde quedarse con el Partido Justicialista"},"content":{"rendered":"<p><img data-recalc-dims=\"1\" loading=\"lazy\" decoding=\"async\" class=\"aligncenter size-full wp-image-44819\" src=\"https:\/\/i0.wp.com\/www.24baires.com\/wp-content\/uploads\/2014\/04\/duhalde.jpg?resize=560%2C336\" alt=\"duhalde\" width=\"560\" height=\"336\" srcset=\"https:\/\/i0.wp.com\/www.24baires.com\/wp-content\/uploads\/2014\/04\/duhalde.jpg?w=560 560w, https:\/\/i0.wp.com\/www.24baires.com\/wp-content\/uploads\/2014\/04\/duhalde.jpg?resize=300%2C180 300w\" sizes=\"auto, (max-width: 560px) 100vw, 560px\" \/>El exGobernador bonaerense buscaba una coartada judicial que le permitiera quedarse con el sello del PJ y sustraerlo de la \u00f3rbita del FpV. Sin embargo, la Justicia Federal le deneg\u00f3 su pedido.<!--more--><\/p>\n<p>La Jueza Federal con competencia electoral Mar\u00eda Romilda Servini de Cubr\u00eda desestim\u00f3 hoy un pedido de Eduardo Duhalde y otros dirigentes del peronismo, que reclamaban la caducidad de los mandatos del Partido Justicialista a nivel nacional, en un intento para quedarse con el sello y quitarlo de la \u00f3rbita del FpV.<\/p>\n<p>Duhalde, recostado sobre la l\u00ednea interna que conduce Omar Viani, pidi\u00f3 la caducidad de los mandatos de la actual conducci\u00f3n, por considerar que su elecci\u00f3n estuvo viciada de nulidad, movida que hab\u00eda intentado sin \u00e9xito el a\u00f1o pasado. Como complemento de la estrategia, Duhalde planteaba convocar un Congreso del partido que \u201cnormalizara\u201d la estructura.<\/p>\n<p>Seg\u00fan publica T\u00e9lam, Servini de Cubr\u00eda rechaz\u00f3 el pedido del exgobernador bonaerense de contar con la presencia de veedores judiciales, como s\u00ed tienen los Congresos partidarios reconocidos oficialmente, dado que el citado encuentro \u00abno requiere autorizaci\u00f3n judicial ni la intervenci\u00f3n de esta Jurisdicci\u00f3n para evaluar su desarrollo\u00bb.<\/p>\n<p>El apoderado del partido, Jorge Landau, dijo a esa agencia que la resoluci\u00f3n \u00able quita toda entidad\u00bb al intento de Duhalde y otros dirigentes de querer apodarse del sello partidario. \u00abLo que dice la jueza es que se trata de una reuni\u00f3n de afiliados\u00bb explic\u00f3 Landau, quien consider\u00f3 que \u00abpor supuesto tienen todo el derecho de hacerla, pero si quer\u00edan veedores se los tendr\u00edan que haber pedido al Partido\u00bb.<\/p>\n<p>&nbsp;<\/p>\n<p>&nbsp;<\/p>\n<p>&nbsp;<\/p>\n<p>&nbsp;<\/p>\n","protected":false},"excerpt":{"rendered":"<p>El exGobernador bonaerense buscaba una coartada judicial que le permitiera quedarse con el sello del PJ y sustraerlo de la \u00f3rbita del FpV. Sin embargo, la Justicia Federal le deneg\u00f3 su pedido.<\/p>\n","protected":false},"author":11,"featured_media":0,"comment_status":"open","ping_status":"open","sticky":false,"template":"","format":"standard","meta":{"_jetpack_newsletter_access":"","_jetpack_dont_email_post_to_subs":false,"_jetpack_newsletter_tier_id":0,"_jetpack_memberships_contains_paywalled_content":false,"_jetpack_memberships_contains_paid_content":false,"footnotes":""},"categories":[51],"tags":[],"class_list":["post-63082","post","type-post","status-publish","format-standard","hentry","category-politica"],"jetpack_shortlink":"https:\/\/wp.me\/p2JWE0-gps","jetpack-related-posts":[{"id":78833,"url":"http:\/\/www.24baires.com\/?p=78833","url_meta":{"origin":63082,"position":0},"title":"Eduardo Duhalde pide la intervenci\u00f3n del PJ","author":"AF","date":"12\/02\/2016","format":false,"excerpt":"La l\u00ednea interna del Partido Justicialista (PJ) que encabeza el ex presidente Eduardo Duhalde present\u00f3 ante la Justicia federal electoral un pedido de impugnaci\u00f3n a la convocatoria a elecciones partidarias determinadas por el Consejo nacional del PJ por considerarla \u201cilegal\u201d. Tras confirmarse el llamado a elecciones partidarias para el pr\u00f3ximo\u2026","rel":"","context":"En \u00abPol\u00edtica\u00bb","block_context":{"text":"Pol\u00edtica","link":"http:\/\/www.24baires.com\/?cat=51"},"img":{"alt_text":"duhalde","src":"https:\/\/i0.wp.com\/www.24baires.com\/wp-content\/uploads\/2014\/04\/duhalde.jpg?resize=350%2C200","width":350,"height":200,"srcset":"https:\/\/i0.wp.com\/www.24baires.com\/wp-content\/uploads\/2014\/04\/duhalde.jpg?resize=350%2C200 1x, https:\/\/i0.wp.com\/www.24baires.com\/wp-content\/uploads\/2014\/04\/duhalde.jpg?resize=525%2C300 1.5x"},"classes":[]},{"id":116065,"url":"http:\/\/www.24baires.com\/?p=116065","url_meta":{"origin":63082,"position":1},"title":"Amplio repudio a las declaraciones golpistas de Duhalde","author":"AF","date":"25\/08\/2020","format":false,"excerpt":"\"Es rid\u00edculo que piensen que el a\u00f1o que viene va a haber elecciones. \u00bfPor qu\u00e9 va a haber elecciones?\", dijo el expresidente. Referentes de todo el arco pol\u00edtico, funcionarios, legisladores y organizaciones de varios sectores rechazaron las declaraciones del expresidente Eduardo Duhalde, quien sostuvo el lunes por la noche y\u2026","rel":"","context":"En \u00abPol\u00edtica\u00bb","block_context":{"text":"Pol\u00edtica","link":"http:\/\/www.24baires.com\/?cat=51"},"img":{"alt_text":"","src":"https:\/\/i0.wp.com\/www.24baires.com\/wp-content\/uploads\/2014\/04\/duhalde.jpg?resize=350%2C200","width":350,"height":200,"srcset":"https:\/\/i0.wp.com\/www.24baires.com\/wp-content\/uploads\/2014\/04\/duhalde.jpg?resize=350%2C200 1x, https:\/\/i0.wp.com\/www.24baires.com\/wp-content\/uploads\/2014\/04\/duhalde.jpg?resize=525%2C300 1.5x"},"classes":[]},{"id":103934,"url":"http:\/\/www.24baires.com\/?p=103934","url_meta":{"origin":63082,"position":2},"title":"Piden expulsar a Pichetto del PJ por conspirar contra Cristina","author":"AF","date":"16\/08\/2018","format":false,"excerpt":"Desde el Frente Nacional de Agrupaciones Peronistas piden expulsar a Pichetto del Partido Justicialista. \"Venimos viendo conductas antipartidarias\", aseguran. Desde el Frente Nacional de Agrupaciones Peronista piden la expulsi\u00f3n de Pichetto del partido Justicialista. As\u00ed lo comunic\u00f3 Marcelo Puella, uno de los que hizo la presentaci\u00f3n formal. \"Venimos viendo las\u2026","rel":"","context":"En \u00abPol\u00edtica\u00bb","block_context":{"text":"Pol\u00edtica","link":"http:\/\/www.24baires.com\/?cat=51"},"img":{"alt_text":"","src":"https:\/\/i0.wp.com\/www.24baires.com\/wp-content\/uploads\/2014\/05\/pichetto.jpg?resize=350%2C200","width":350,"height":200,"srcset":"https:\/\/i0.wp.com\/www.24baires.com\/wp-content\/uploads\/2014\/05\/pichetto.jpg?resize=350%2C200 1x, https:\/\/i0.wp.com\/www.24baires.com\/wp-content\/uploads\/2014\/05\/pichetto.jpg?resize=525%2C300 1.5x"},"classes":[]},{"id":107538,"url":"http:\/\/www.24baires.com\/?p=107538","url_meta":{"origin":63082,"position":3},"title":"Duhalde consider\u00f3 que \u201cva a ser la elecci\u00f3n m\u00e1s sucia de la historia argentina\u201d","author":"GB","date":"05\/04\/2019","format":false,"excerpt":"El exgobernador bonaerense dijo que la elecci\u00f3n de este a\u00f1o es \u201cirregular\u201d y anticip\u00f3 que ser\u00e1 \u201cla m\u00e1s sucia de la historia\u201d. \u00bfLos motivos? La ausencia de candidaturas formalizadas y las fake news. El exgobernador bonaerense Eduardo Duhalde lanz\u00f3 un mensaje inquietante respecto de las elecciones que se avecinan en\u2026","rel":"","context":"En \u00abPol\u00edtica\u00bb","block_context":{"text":"Pol\u00edtica","link":"http:\/\/www.24baires.com\/?cat=51"},"img":{"alt_text":"","src":"https:\/\/i0.wp.com\/www.24baires.com\/wp-content\/uploads\/2014\/04\/duhalde.jpg?resize=350%2C200","width":350,"height":200,"srcset":"https:\/\/i0.wp.com\/www.24baires.com\/wp-content\/uploads\/2014\/04\/duhalde.jpg?resize=350%2C200 1x, https:\/\/i0.wp.com\/www.24baires.com\/wp-content\/uploads\/2014\/04\/duhalde.jpg?resize=525%2C300 1.5x"},"classes":[]},{"id":75187,"url":"http:\/\/www.24baires.com\/?p=75187","url_meta":{"origin":63082,"position":4},"title":"Duhalde llam\u00f3 a los massistas a votar por Scioli el pr\u00f3ximo domingo","author":"GB","date":"17\/11\/2015","format":false,"excerpt":"El ex presidente interino pidi\u00f3 a los justicialistas y a los massistas darle \"un voto de confianza\" al candidato del FPV. Asegur\u00f3 que Scioli \"es un hombre de acuerdos\" y que en la Provincia gobern\u00f3 en minor\u00eda y alcanz\u00f3 acuerdos con todos los sectores. \"Hay que darle un voto de\u2026","rel":"","context":"En \u00abElecciones 2015\u00bb","block_context":{"text":"Elecciones 2015","link":"http:\/\/www.24baires.com\/?cat=74"},"img":{"alt_text":"duhalde","src":"https:\/\/i0.wp.com\/www.24baires.com\/wp-content\/uploads\/2014\/04\/duhalde.jpg?resize=350%2C200","width":350,"height":200,"srcset":"https:\/\/i0.wp.com\/www.24baires.com\/wp-content\/uploads\/2014\/04\/duhalde.jpg?resize=350%2C200 1x, https:\/\/i0.wp.com\/www.24baires.com\/wp-content\/uploads\/2014\/04\/duhalde.jpg?resize=525%2C300 1.5x"},"classes":[]},{"id":117218,"url":"http:\/\/www.24baires.com\/?p=117218","url_meta":{"origin":63082,"position":5},"title":"El Gobierno dio a conocer la lista de vacunados en el Posadas","author":"AF","date":"22\/02\/2021","format":false,"excerpt":"El Gobierno difundi\u00f3 la lista completa de vacunados en el Hospital Posadas. Confirman la presencia de la familia Aldrey y aparece Eduardo Duhalde y su mujer. El Ministerio de Salud difundi\u00f3 hoy oficialmente la lista completa de personas que recibieron dosis de la vacuna Sputnik V a requerimiento de la\u2026","rel":"","context":"En \u00abSociedad\u00bb","block_context":{"text":"Sociedad","link":"http:\/\/www.24baires.com\/?cat=1"},"img":{"alt_text":"","src":"https:\/\/i0.wp.com\/www.24baires.com\/wp-content\/uploads\/2020\/08\/vacuna-covid.jpg?resize=350%2C200","width":350,"height":200,"srcset":"https:\/\/i0.wp.com\/www.24baires.com\/wp-content\/uploads\/2020\/08\/vacuna-covid.jpg?resize=350%2C200 1x, https:\/\/i0.wp.com\/www.24baires.com\/wp-content\/uploads\/2020\/08\/vacuna-covid.jpg?resize=525%2C300 1.5x"},"classes":[]}],"jetpack_sharing_enabled":true,"jetpack_likes_enabled":true,"jetpack_featured_media_url":"","_links":{"self":[{"href":"http:\/\/www.24baires.com\/index.php?rest_route=\/wp\/v2\/posts\/63082","targetHints":{"allow":["GET"]}}],"collection":[{"href":"http:\/\/www.24baires.com\/index.php?rest_route=\/wp\/v2\/posts"}],"about":[{"href":"http:\/\/www.24baires.com\/index.php?rest_route=\/wp\/v2\/types\/post"}],"author":[{"embeddable":true,"href":"http:\/\/www.24baires.com\/index.php?rest_route=\/wp\/v2\/users\/11"}],"replies":[{"embeddable":true,"href":"http:\/\/www.24baires.com\/index.php?rest_route=%2Fwp%2Fv2%2Fcomments&post=63082"}],"version-history":[{"count":1,"href":"http:\/\/www.24baires.com\/index.php?rest_route=\/wp\/v2\/posts\/63082\/revisions"}],"predecessor-version":[{"id":63083,"href":"http:\/\/www.24baires.com\/index.php?rest_route=\/wp\/v2\/posts\/63082\/revisions\/63083"}],"wp:attachment":[{"href":"http:\/\/www.24baires.com\/index.php?rest_route=%2Fwp%2Fv2%2Fmedia&parent=63082"}],"wp:term":[{"taxonomy":"category","embeddable":true,"href":"http:\/\/www.24baires.com\/index.php?rest_route=%2Fwp%2Fv2%2Fcategories&post=63082"},{"taxonomy":"post_tag","embeddable":true,"href":"http:\/\/www.24baires.com\/index.php?rest_route=%2Fwp%2Fv2%2Ftags&post=63082"}],"curies":[{"name":"wp","href":"https:\/\/api.w.org\/{rel}","templated":true}]}}