{"id":63065,"date":"2015-03-12T16:00:01","date_gmt":"2015-03-12T19:00:01","guid":{"rendered":"http:\/\/www.24baires.com\/?p=63065"},"modified":"2015-03-13T10:48:58","modified_gmt":"2015-03-13T13:48:58","slug":"ercolini-rechazo-el-pedido-de-indagatoria-a-magnetto-y-mitre","status":"publish","type":"post","link":"http:\/\/www.24baires.com\/?p=63065","title":{"rendered":"Ercolini rechaz\u00f3 el pedido de indagatoria a Magnetto y Mitre"},"content":{"rendered":"<p><img data-recalc-dims=\"1\" loading=\"lazy\" decoding=\"async\" class=\"aligncenter wp-image-33406\" src=\"https:\/\/i0.wp.com\/www.24baires.com\/wp-content\/uploads\/2013\/10\/magnetto.jpg?resize=560%2C373\" alt=\"magnetto\" width=\"560\" height=\"373\" srcset=\"https:\/\/i0.wp.com\/www.24baires.com\/wp-content\/uploads\/2013\/10\/magnetto.jpg?w=551 551w, https:\/\/i0.wp.com\/www.24baires.com\/wp-content\/uploads\/2013\/10\/magnetto.jpg?resize=300%2C199 300w\" sizes=\"auto, (max-width: 560px) 100vw, 560px\" \/>El magistrado no hizo lugar a la solicitud del fiscal Leonel G\u00f3mez Barbella para citar a declarar a los directivos de Clar\u00edn y La Naci\u00f3n por la apropiaci\u00f3n ilegal de Papel Prensa.<!--more--><\/p>\n<p>En un tr\u00e1mite express, el juez Juli\u00e1n Ercolini rechaz\u00f3 el pedido del fiscal Leonel G\u00f3mez Barbella que hace menos de 24 horas pidi\u00f3 indagar a los directivos de Clar\u00edn y La Naci\u00f3n, entre los que se encontraban H\u00e9ctor Magnetto, Ernestina Herrera de Noble y Bartolom\u00e9 Mitre, en la causa que se investiga por la apropiaci\u00f3n ilegal de Papel Prensa en la \u00faltima dictadura militar.<\/p>\n<p>Las otras personas que hab\u00edan sido llamadas a indagatoria son Laura Ernestina Herrera de Noble, Bartolom\u00e9 Luis Mitre, Raymundo Juan P\u00edo Podest\u00e1 y Guillermo Juan Gainza Paz.<\/p>\n<p>Al momento de justificar el rechazo, el magistrado afirm\u00f3 en su fallo que a\u00fan falta realizar estudios clave como \u00abun peritaje de tasaci\u00f3n hist\u00f3rica y contable, que aparece como muy importante\u00bb y agreg\u00f3 que est\u00e1n \u00abpendientes distintas declaraciones vinculadas con la ocasi\u00f3n en la que se concret\u00f3 la transferencia de acciones de la empresa\u00bb. La causa est\u00e1 abierta desde 2010.<\/p>\n<p>En su dictamen, el fiscal hab\u00eda asegurado que la maniobra investigada \u201cconlleva a sostener que resulta ser constitutiva de un delito contra la humanidad que es el de persecuci\u00f3n por motivos pol\u00edticos y religiosos\u201d.<\/p>\n<p>\u00abEn estos cuatro a\u00f1os y medio que lleva la causa se murieron muchos imputados y la causa sigue igual\u00bb, afirm\u00f3 Luis Alen de la secretar\u00eda de Derechos Humanos, al momento de analizar el fallo en di\u00e1logo con CN23.<\/p>\n<p>&nbsp;<\/p>\n<p>&nbsp;<\/p>\n<p>&nbsp;<\/p>\n<p>&nbsp;<\/p>\n<p>&nbsp;<\/p>\n<p>&nbsp;<\/p>\n<p>&nbsp;<\/p>\n<p>&nbsp;<\/p>\n<p>&nbsp;<\/p>\n","protected":false},"excerpt":{"rendered":"<p>El magistrado no hizo lugar a la solicitud del fiscal Leonel G\u00f3mez Barbella para citar a declarar a los directivos de Clar\u00edn y La Naci\u00f3n por la apropiaci\u00f3n ilegal de Papel Prensa.<\/p>\n","protected":false},"author":8,"featured_media":0,"comment_status":"open","ping_status":"open","sticky":false,"template":"","format":"standard","meta":{"_jetpack_newsletter_access":"","_jetpack_dont_email_post_to_subs":false,"_jetpack_newsletter_tier_id":0,"_jetpack_memberships_contains_paywalled_content":false,"_jetpack_memberships_contains_paid_content":false,"footnotes":""},"categories":[51],"tags":[],"class_list":["post-63065","post","type-post","status-publish","format-standard","hentry","category-politica"],"jetpack_shortlink":"https:\/\/wp.me\/p2JWE0-gpb","jetpack-related-posts":[{"id":65971,"url":"http:\/\/www.24baires.com\/?p=65971","url_meta":{"origin":63065,"position":0},"title":"Fijan nueva audiencia para tratar indagatorias por Papel Prensa","author":"AF","date":"15\/05\/2015","format":false,"excerpt":"La C\u00e1mara Federal porte\u00f1a fij\u00f3 para el 23 de junio pr\u00f3ximo una nueva audiencia para tratar el pedido del fiscal Leonel G\u00f3mez Barbella, para indagar a Ernestina Herrera de Noble, H\u00e9ctor Magnetto y Bartolom\u00e9 Luis Mitre, en la causa que investiga la compra extorsiva de la empresa Papel Prensa durante\u2026","rel":"","context":"En \u00abJUDICIALES\u00bb","block_context":{"text":"JUDICIALES","link":"http:\/\/www.24baires.com\/?cat=68"},"img":{"alt_text":"papel prensa","src":"https:\/\/i0.wp.com\/www.24baires.com\/wp-content\/uploads\/2013\/06\/papel-prensa-300x224.jpg?resize=350%2C200","width":350,"height":200},"classes":[]},{"id":62986,"url":"http:\/\/www.24baires.com\/?p=62986","url_meta":{"origin":63065,"position":1},"title":"Magnetto fue citado a indagatoria por Papel Prensa","author":"GB","date":"11\/03\/2015","format":false,"excerpt":"El titular de la Fiscal\u00eda Nacional en lo Criminal y Correccional Federal 5, Leonel G\u00f3mez Barbella, pidi\u00f3 hoy la indagatoria de los directivos del Grupo Clar\u00edn H\u00e9ctor Magnetto y Ernestina Herrera de Noble, adem\u00e1s de Bartolom\u00e9 Luis Mitre, Raymundo Juan P\u00edo Podest\u00e1 y Guillermo Juan Gainza Paz en el marco\u2026","rel":"","context":"En \u00abMedios\u00bb","block_context":{"text":"Medios","link":"http:\/\/www.24baires.com\/?cat=54"},"img":{"alt_text":"magnetto y colorado","src":"https:\/\/i0.wp.com\/www.24baires.com\/wp-content\/uploads\/2013\/12\/magnetto-y-colorado.jpg?resize=350%2C200","width":350,"height":200,"srcset":"https:\/\/i0.wp.com\/www.24baires.com\/wp-content\/uploads\/2013\/12\/magnetto-y-colorado.jpg?resize=350%2C200 1x, https:\/\/i0.wp.com\/www.24baires.com\/wp-content\/uploads\/2013\/12\/magnetto-y-colorado.jpg?resize=525%2C300 1.5x"},"classes":[]},{"id":63708,"url":"http:\/\/www.24baires.com\/?p=63708","url_meta":{"origin":63065,"position":2},"title":"Presentan un recurso de queja e insisten en citar a indagatoria a Magnetto","author":"AF","date":"30\/03\/2015","format":false,"excerpt":"El fiscal federal Leonel Gomez Barbella present\u00f3 hoy el recurso ante la C\u00e1mara Federal porte\u00f1a contra el rechazo a citar a directivos de los diarios Clar\u00edn y La Naci\u00f3n, en la causa que investiga el desapoderamiento accionario de la empresa Papel Prensa en la dictadura. La queja se present\u00f3 ante\u2026","rel":"","context":"En \u00abJUDICIALES\u00bb","block_context":{"text":"JUDICIALES","link":"http:\/\/www.24baires.com\/?cat=68"},"img":{"alt_text":"","src":"","width":0,"height":0},"classes":[]},{"id":63034,"url":"http:\/\/www.24baires.com\/?p=63034","url_meta":{"origin":63065,"position":3},"title":"HIJOS: la indagatoria de Clar\u00edn y La Naci\u00f3n es \u00abun paso hist\u00f3rico\u00bb","author":"AF","date":"12\/03\/2015","format":false,"excerpt":"La agrupaci\u00f3n H.I.J.O.S. consider\u00f3 hoy que el pedido de indagatoria a los principales directivos de los diarios Clar\u00edn y La Naci\u00f3n por la apropiaci\u00f3n irregular de Papel Prensa, representa \"un paso hist\u00f3rico en materia de juicio y castigo a los genocidas\" y destac\u00f3 la necesidad de \"avanzar sobre el poder\u2026","rel":"","context":"En \u00abJUDICIALES\u00bb","block_context":{"text":"JUDICIALES","link":"http:\/\/www.24baires.com\/?cat=68"},"img":{"alt_text":"","src":"","width":0,"height":0},"classes":[]},{"id":67411,"url":"http:\/\/www.24baires.com\/?p=67411","url_meta":{"origin":63065,"position":4},"title":"H.I.J.O.S reclama la indagatoria de Magnetto, Mitre y Noble por Papel Prensa","author":"GB","date":"11\/06\/2015","format":false,"excerpt":"Lo hizo agrupaci\u00f3n H.I.J.O.S., que pidi\u00f3 que sean citados en su car\u00e1cter de titulares de los diarios Clar\u00edn y La Naci\u00f3n, se\u00f1alados como responsables de la compra extorsiva de la empresa durante la dictadura. A su vez, recordaron que la pr\u00f3xima audiencia por la querella en la causa Papel Prensa\u2026","rel":"","context":"En \u00abMemoria\u00bb","block_context":{"text":"Memoria","link":"http:\/\/www.24baires.com\/?cat=50"},"img":{"alt_text":"mitre magnetto","src":"https:\/\/i0.wp.com\/www.24baires.com\/wp-content\/uploads\/2015\/04\/mitre-magnetto.jpg?resize=350%2C200","width":350,"height":200,"srcset":"https:\/\/i0.wp.com\/www.24baires.com\/wp-content\/uploads\/2015\/04\/mitre-magnetto.jpg?resize=350%2C200 1x, https:\/\/i0.wp.com\/www.24baires.com\/wp-content\/uploads\/2015\/04\/mitre-magnetto.jpg?resize=525%2C300 1.5x"},"classes":[]},{"id":90835,"url":"http:\/\/www.24baires.com\/?p=90835","url_meta":{"origin":63065,"position":5},"title":"Sobreseyeron a Magnetto, Mitre y Herrera de Noble por Papel Prensa","author":"GB","date":"16\/12\/2016","format":false,"excerpt":"El magistrado dej\u00f3 sin efecto la denuncia que pesaba sobre los due\u00f1os de Clar\u00edn y La Naci\u00f3n en la causa donde se investiga la venta de la compa\u00f1\u00eda. El juez federal Juli\u00e1n Ercolini sobresey\u00f3 hoy a los empresarios de H\u00e9ctor Magnetto, Bartolom\u00e9 Mitre, Ernestina Herrera de Noble, Raymundo Podest\u00e1 y\u2026","rel":"","context":"En \u00abMedios\u00bb","block_context":{"text":"Medios","link":"http:\/\/www.24baires.com\/?cat=54"},"img":{"alt_text":"","src":"https:\/\/i0.wp.com\/www.24baires.com\/wp-content\/uploads\/2015\/04\/mitre-magnetto.jpg?resize=350%2C200","width":350,"height":200,"srcset":"https:\/\/i0.wp.com\/www.24baires.com\/wp-content\/uploads\/2015\/04\/mitre-magnetto.jpg?resize=350%2C200 1x, https:\/\/i0.wp.com\/www.24baires.com\/wp-content\/uploads\/2015\/04\/mitre-magnetto.jpg?resize=525%2C300 1.5x"},"classes":[]}],"jetpack_sharing_enabled":true,"jetpack_likes_enabled":true,"jetpack_featured_media_url":"","_links":{"self":[{"href":"http:\/\/www.24baires.com\/index.php?rest_route=\/wp\/v2\/posts\/63065","targetHints":{"allow":["GET"]}}],"collection":[{"href":"http:\/\/www.24baires.com\/index.php?rest_route=\/wp\/v2\/posts"}],"about":[{"href":"http:\/\/www.24baires.com\/index.php?rest_route=\/wp\/v2\/types\/post"}],"author":[{"embeddable":true,"href":"http:\/\/www.24baires.com\/index.php?rest_route=\/wp\/v2\/users\/8"}],"replies":[{"embeddable":true,"href":"http:\/\/www.24baires.com\/index.php?rest_route=%2Fwp%2Fv2%2Fcomments&post=63065"}],"version-history":[{"count":1,"href":"http:\/\/www.24baires.com\/index.php?rest_route=\/wp\/v2\/posts\/63065\/revisions"}],"predecessor-version":[{"id":63066,"href":"http:\/\/www.24baires.com\/index.php?rest_route=\/wp\/v2\/posts\/63065\/revisions\/63066"}],"wp:attachment":[{"href":"http:\/\/www.24baires.com\/index.php?rest_route=%2Fwp%2Fv2%2Fmedia&parent=63065"}],"wp:term":[{"taxonomy":"category","embeddable":true,"href":"http:\/\/www.24baires.com\/index.php?rest_route=%2Fwp%2Fv2%2Fcategories&post=63065"},{"taxonomy":"post_tag","embeddable":true,"href":"http:\/\/www.24baires.com\/index.php?rest_route=%2Fwp%2Fv2%2Ftags&post=63065"}],"curies":[{"name":"wp","href":"https:\/\/api.w.org\/{rel}","templated":true}]}}