{"id":63038,"date":"2015-03-12T12:00:40","date_gmt":"2015-03-12T15:00:40","guid":{"rendered":"http:\/\/www.24baires.com\/?p=63038"},"modified":"2015-03-12T11:47:38","modified_gmt":"2015-03-12T14:47:38","slug":"scioli-chicaneo-sutilmente-a-randazzo","status":"publish","type":"post","link":"http:\/\/www.24baires.com\/?p=63038","title":{"rendered":"Scioli chicane\u00f3 sutilmente a Randazzo"},"content":{"rendered":"<p><img data-recalc-dims=\"1\" loading=\"lazy\" decoding=\"async\" class=\"aligncenter size-full wp-image-60813\" src=\"https:\/\/i0.wp.com\/www.24baires.com\/wp-content\/uploads\/2015\/01\/scioli-1.jpg?resize=560%2C306\" alt=\"scioli 1\" width=\"560\" height=\"306\" srcset=\"https:\/\/i0.wp.com\/www.24baires.com\/wp-content\/uploads\/2015\/01\/scioli-1.jpg?w=560 560w, https:\/\/i0.wp.com\/www.24baires.com\/wp-content\/uploads\/2015\/01\/scioli-1.jpg?resize=300%2C164 300w\" sizes=\"auto, (max-width: 560px) 100vw, 560px\" \/>El gobernador bonaerense Daniel Scioli evit\u00f3 entrar de lleno en la pol\u00e9mica con su rival en la interna del Frente para la Victoria Florencio Randazzo, aunque busc\u00f3 \u00abningunearlo\u00bb al afirmar que la pol\u00edtica ferroviaria que el ministro de Interior y Transporte implementa, es en realidad \u00abde la Presidenta\u00bb Cristina Fern\u00e1ndez.<!--more--><\/p>\n<p>\u00abLa pol\u00edtica ferroviaria es de la Presidenta de la naci\u00f3n, que es quien ha conseguido los d\u00f3lares y los acuerdos con China\u00bb, aclar\u00f3 Scioli. Fue su \u00fanica alusi\u00f3n directa sobre Randazzo, acorde con la estrategia de poner pa\u00f1os fr\u00edos luego de que ayer se recalentara la interna cuando su jefe de Gabinete, Alberto P\u00e9rez, record\u00f3 que seg\u00fan el libro \u00abArgenleaks\u00bb sobre las comunicaciones entre la embajada estadounidense en Buenos Aires y Washington, Randazzo fue un \u00abcontacto \u00fatil\u00bb para esa representaci\u00f3n diplom\u00e1tica.<\/p>\n<p>Para Scioli, \u00abla diversidad no puede ser sin\u00f3nimo de pelea dentro de un (mismo) espacio pol\u00edtico\u00bb, pero al mismo tiempo record\u00f3 que \u00abla unidad no es uniformidad. Se nutre de la diversidad de los sectores. Cada uno a su manera\u00bb. Sobre las palabras de P\u00e9rez en referencia a Randazzo, Scioli record\u00f3 en declaraciones a TN que \u00abel gran adversario en funci\u00f3n de lo que est\u00e1 proponiendo a la Argentina, es ese espacio que se est\u00e1 armando\u00bb alrededor del PRO, y no los rivales internos.<\/p>\n","protected":false},"excerpt":{"rendered":"<p>El gobernador bonaerense Daniel Scioli evit\u00f3 entrar de lleno en la pol\u00e9mica con su rival en la interna del Frente para la Victoria Florencio Randazzo, aunque busc\u00f3 \u00abningunearlo\u00bb al afirmar que la pol\u00edtica ferroviaria que el ministro de Interior y Transporte implementa, es en realidad \u00abde la Presidenta\u00bb Cristina Fern\u00e1ndez.<\/p>\n","protected":false},"author":4,"featured_media":0,"comment_status":"open","ping_status":"open","sticky":false,"template":"","format":"standard","meta":{"_jetpack_newsletter_access":"","_jetpack_dont_email_post_to_subs":false,"_jetpack_newsletter_tier_id":0,"_jetpack_memberships_contains_paywalled_content":false,"_jetpack_memberships_contains_paid_content":false,"footnotes":""},"categories":[51],"tags":[],"class_list":["post-63038","post","type-post","status-publish","format-standard","hentry","category-politica"],"jetpack_shortlink":"https:\/\/wp.me\/p2JWE0-goK","jetpack-related-posts":[{"id":63133,"url":"http:\/\/www.24baires.com\/?p=63133","url_meta":{"origin":63038,"position":0},"title":"Por primera vez, Scioli le respondi\u00f3 a Randazzo","author":"Grupo Sierra","date":"14\/03\/2015","format":false,"excerpt":"El Gobernador tom\u00f3 el guante y devolvi\u00f3 las duras cr\u00edticas que el Ministro del Interior y Transporte viene haciendo hacia su figura. \u201cA los que me subestiman por venir del deporte, les digo que con mucho orgullo y coraz\u00f3n llev\u00e9 la bandera argentina bien alto\u201d, dijo. Daniel Scioli decidi\u00f3 entrar\u2026","rel":"","context":"En \u00abElecciones 2015\u00bb","block_context":{"text":"Elecciones 2015","link":"http:\/\/www.24baires.com\/?cat=74"},"img":{"alt_text":"randazzo macri scioli","src":"https:\/\/i0.wp.com\/www.24baires.com\/wp-content\/uploads\/2012\/10\/randazzo-macri-scioli-e1426340296815.jpg?resize=350%2C200","width":350,"height":200},"classes":[]},{"id":108349,"url":"http:\/\/www.24baires.com\/?p=108349","url_meta":{"origin":63038,"position":1},"title":"Camino a la unidad: el PJ recibe quince agrupaciones opositoras","author":"AF","date":"23\/05\/2019","format":false,"excerpt":"El presidente del PJ, Jos\u00e9 Luis Gioja, recibe a dirigentes y referentes de unas quince fuerzas pol\u00edticas que se sumar\u00e1n a la coalici\u00f3n, con el objetivo de apoyar la candidatura de Alberto Fern\u00e1ndez y Cristina Kirchner. Gioja intenta llegar a fin de mes con el frente electoral opositor ya delineado.\u2026","rel":"","context":"En \u00abPol\u00edtica\u00bb","block_context":{"text":"Pol\u00edtica","link":"http:\/\/www.24baires.com\/?cat=51"},"img":{"alt_text":"","src":"https:\/\/i0.wp.com\/www.24baires.com\/wp-content\/uploads\/2019\/05\/cumbre-pj.jpeg?resize=350%2C200","width":350,"height":200,"srcset":"https:\/\/i0.wp.com\/www.24baires.com\/wp-content\/uploads\/2019\/05\/cumbre-pj.jpeg?resize=350%2C200 1x, https:\/\/i0.wp.com\/www.24baires.com\/wp-content\/uploads\/2019\/05\/cumbre-pj.jpeg?resize=525%2C300 1.5x"},"classes":[]},{"id":112373,"url":"http:\/\/www.24baires.com\/?p=112373","url_meta":{"origin":63038,"position":2},"title":"Fern\u00e1ndez tild\u00f3 al Gobierno de \u201cmalandras\u201d: \u00abAgarran el poder y lo usan para sus negocios\u00bb","author":"AF","date":"04\/10\/2019","format":false,"excerpt":"\u00a0JUN\u00cdN - \"Vamos a cumplir con las obligaciones que nos dejan estos malandras pero antes vamos a cumplir con nuestra gente\", sostuvo el candidato a presidente en su primer acto con Randazzo, a quien consider\u00f3 \"ministeriable\". De gira en la cuarta secci\u00f3n electoral, el candidato a presidente del Frente de\u2026","rel":"","context":"En \u00abPol\u00edtica\u00bb","block_context":{"text":"Pol\u00edtica","link":"http:\/\/www.24baires.com\/?cat=51"},"img":{"alt_text":"","src":"https:\/\/i0.wp.com\/www.24baires.com\/wp-content\/uploads\/2019\/10\/fern%C3%A1ndez-jun%C3%ADn.jpg?resize=350%2C200","width":350,"height":200,"srcset":"https:\/\/i0.wp.com\/www.24baires.com\/wp-content\/uploads\/2019\/10\/fern%C3%A1ndez-jun%C3%ADn.jpg?resize=350%2C200 1x, https:\/\/i0.wp.com\/www.24baires.com\/wp-content\/uploads\/2019\/10\/fern%C3%A1ndez-jun%C3%ADn.jpg?resize=525%2C300 1.5x"},"classes":[]},{"id":11932,"url":"http:\/\/www.24baires.com\/?p=11932","url_meta":{"origin":63038,"position":3},"title":"\u00abNo se est\u00e1 en condiciones de prestar ese servicio ferroviario\u00bb, asegur\u00f3 Randazzo","author":"AF","date":"12\/01\/2013","format":false,"excerpt":"El ministro del Interior y Transporte asegur\u00f3 que ese servicio ferroviario que une a la feliz con Constituci\u00f3n \"no\" deber\u00eda prestarse, luego de responsabilizar al gobierno de Buenos Aires por la demora de doce horas que sufri\u00f3 un tren que cubre ese trayecto. \u201cNosotros lo dijimos en varias oportunidades: no\u2026","rel":"","context":"En \u00abPol\u00edtica\u00bb","block_context":{"text":"Pol\u00edtica","link":"http:\/\/www.24baires.com\/?cat=51"},"img":{"alt_text":"tren mdp ba","src":"https:\/\/i0.wp.com\/www.24baires.com\/wp-content\/uploads\/2013\/01\/tren-mdp-ba-300x212.jpg?resize=350%2C200","width":350,"height":200},"classes":[]},{"id":63207,"url":"http:\/\/www.24baires.com\/?p=63207","url_meta":{"origin":63038,"position":4},"title":"Chino Navarro: \u00abRandazzo y Scioli no son los due\u00f1os del kirchnerismo\u00bb","author":"AF","date":"16\/03\/2015","format":false,"excerpt":"El presidente del bloque de diputados bonaerense del FPV, Fernando \u201cChino\u201d Navarro, se meti\u00f3 en la interna partidaria de cara a las elecciones primarias y les mand\u00f3 un mensaje a Florencio Randazzo y Daniel Scioli para que entiendan que \u201cno son due\u00f1os del kirchnerismo\u201d. Luego de una semana de duras\u2026","rel":"","context":"En \u00abPol\u00edtica\u00bb","block_context":{"text":"Pol\u00edtica","link":"http:\/\/www.24baires.com\/?cat=51"},"img":{"alt_text":"navarro chino","src":"https:\/\/i0.wp.com\/www.24baires.com\/wp-content\/uploads\/2013\/02\/navarro-chino.jpg?resize=350%2C200","width":350,"height":200,"srcset":"https:\/\/i0.wp.com\/www.24baires.com\/wp-content\/uploads\/2013\/02\/navarro-chino.jpg?resize=350%2C200 1x, https:\/\/i0.wp.com\/www.24baires.com\/wp-content\/uploads\/2013\/02\/navarro-chino.jpg?resize=525%2C300 1.5x"},"classes":[]},{"id":105261,"url":"http:\/\/www.24baires.com\/?p=105261","url_meta":{"origin":63038,"position":5},"title":"Monz\u00f3 anticip\u00f3 que no renovar\u00e1 su banca de Cambiemos","author":"AF","date":"02\/11\/2018","format":false,"excerpt":"Los colaboradores del titular de Diputados reconocieron que es una decisi\u00f3n que tom\u00f3 hace ya tiempo. En cuanto a su posible alejamiento de Cambiemos dijeron que se trata de especulaciones pol\u00edticas pero no la negaron. Esta vez no es un amague. En el entorno de Emilio Monz\u00f3 confirmaron la versi\u00f3n\u2026","rel":"","context":"En \u00abPol\u00edtica\u00bb","block_context":{"text":"Pol\u00edtica","link":"http:\/\/www.24baires.com\/?cat=51"},"img":{"alt_text":"","src":"https:\/\/i0.wp.com\/www.24baires.com\/wp-content\/uploads\/2018\/11\/monz%C3%B3.jpg?resize=350%2C200","width":350,"height":200,"srcset":"https:\/\/i0.wp.com\/www.24baires.com\/wp-content\/uploads\/2018\/11\/monz%C3%B3.jpg?resize=350%2C200 1x, https:\/\/i0.wp.com\/www.24baires.com\/wp-content\/uploads\/2018\/11\/monz%C3%B3.jpg?resize=525%2C300 1.5x"},"classes":[]}],"jetpack_sharing_enabled":true,"jetpack_likes_enabled":true,"jetpack_featured_media_url":"","_links":{"self":[{"href":"http:\/\/www.24baires.com\/index.php?rest_route=\/wp\/v2\/posts\/63038","targetHints":{"allow":["GET"]}}],"collection":[{"href":"http:\/\/www.24baires.com\/index.php?rest_route=\/wp\/v2\/posts"}],"about":[{"href":"http:\/\/www.24baires.com\/index.php?rest_route=\/wp\/v2\/types\/post"}],"author":[{"embeddable":true,"href":"http:\/\/www.24baires.com\/index.php?rest_route=\/wp\/v2\/users\/4"}],"replies":[{"embeddable":true,"href":"http:\/\/www.24baires.com\/index.php?rest_route=%2Fwp%2Fv2%2Fcomments&post=63038"}],"version-history":[{"count":1,"href":"http:\/\/www.24baires.com\/index.php?rest_route=\/wp\/v2\/posts\/63038\/revisions"}],"predecessor-version":[{"id":63039,"href":"http:\/\/www.24baires.com\/index.php?rest_route=\/wp\/v2\/posts\/63038\/revisions\/63039"}],"wp:attachment":[{"href":"http:\/\/www.24baires.com\/index.php?rest_route=%2Fwp%2Fv2%2Fmedia&parent=63038"}],"wp:term":[{"taxonomy":"category","embeddable":true,"href":"http:\/\/www.24baires.com\/index.php?rest_route=%2Fwp%2Fv2%2Fcategories&post=63038"},{"taxonomy":"post_tag","embeddable":true,"href":"http:\/\/www.24baires.com\/index.php?rest_route=%2Fwp%2Fv2%2Ftags&post=63038"}],"curies":[{"name":"wp","href":"https:\/\/api.w.org\/{rel}","templated":true}]}}