{"id":63032,"date":"2015-03-12T10:31:48","date_gmt":"2015-03-12T13:31:48","guid":{"rendered":"http:\/\/www.24baires.com\/?p=63032"},"modified":"2015-03-12T18:15:03","modified_gmt":"2015-03-12T21:15:03","slug":"fernandez-recordo-que-el-ex-presidente-nestor-kirchner-impulso-la-reparacion-a-los-familiares-de-las-victimas","status":"publish","type":"post","link":"http:\/\/www.24baires.com\/?p=63032","title":{"rendered":"Fern\u00e1ndez record\u00f3 que el ex presidente N\u00e9stor Kirchner impuls\u00f3 la reparaci\u00f3n a los familiares de las v\u00edctimas"},"content":{"rendered":"<p><a href=\"https:\/\/i0.wp.com\/www.24baires.com\/wp-content\/uploads\/2015\/03\/wpid-wp-1426167037467.jpeg\"><img data-recalc-dims=\"1\" decoding=\"async\" title=\"wp-1426167037467\" class=\"alignnone size-full\"  alt=\"image\" src=\"https:\/\/i0.wp.com\/www.24baires.com\/wp-content\/uploads\/2015\/03\/wpid-wp-1426167037467.jpeg?w=860\" \/><\/a><\/p>\n<p>El jefe de Gabinete, An\u00edbal Fern\u00e1ndez, dijo que \u00abbajo ning\u00fan punto de vista\u00bb el Estado se opondr\u00e1 al pago de indemnizaciones a los familiares de las v\u00edctimas del atentado a la AMIA tras recordar que \u00abfue el ex presidente N\u00e9stor Kirchner quien desde el Poder Ejecutivo en 2005\u00bb impuls\u00f3 la reparaci\u00f3n.\u00a0<!--more--><\/p>\n<p>\u00abBajo ning\u00fan punto de vista el Estado se va a oponer\u00bb, respondi\u00f3 Fern\u00e1ndez a una consulta de la prensa, en las declaraciones que formul\u00f3 en su ingreso a la Casa Rosada, luego de que el proyecto de ley impulsado por el Ejecutivo en este sentido obtuvo dictamen favorable de la\u00a0Comisi\u00f3n de Derecho Penal del Senado.<\/p>\n<p>Fern\u00e1ndez record\u00f3 que los pasos que se siguieron para la elaboraci\u00f3n de ese proyecto fueron los siguientes: \u00abEl 4 de marzo del 2005 el Poder Ejecutivo se allana a una denuncia que hab\u00edan presentado Memoria Activa, y el CELS ante la Comisi\u00f3n Interamericana de Derechos Humanos (CIDH), reconociendo culpa por parte del Estado de no haber cumplido con la responsabilidad que ten\u00eda que haber tenido en ese momento\u00bb.<\/p>\n<p>\u00abLuego, el Poder Ejecutivo encabezado por el ex presidente N\u00e9stor Kirchner firma un nuevo decreto que reconoce esto, la necesidad de la reparaci\u00f3n, y tan cierto es que en el caso de la Embajada de Israel no s\u00f3lo est\u00e1 reconocido sino que est\u00e1 pagado\u00bb, puntualiz\u00f3 el jefe de ministros.<\/p>\n<p>Asimismo, agreg\u00f3 que \u00abeste proyecto ya tuvo media sanci\u00f3n en C\u00e1mara de Diputados\u00bb y que luego del dictamen de esta semana \u00absi Dios quiere, en 30 d\u00edas tendremos ley, que es lo que debi\u00f3 haber sucedido conforme al acta del 2005 y al decreto firmado por N\u00e9stor Kirchner\u00bb, finaliz\u00f3 Fern\u00e1ndez, en referencia a la iniciativa que ser\u00e1 debatida en el Senado a partir de la semana que viene.<\/p>\n","protected":false},"excerpt":{"rendered":"<p>El jefe de Gabinete, An\u00edbal Fern\u00e1ndez, dijo que \u00abbajo ning\u00fan punto de vista\u00bb el Estado se opondr\u00e1 al pago de indemnizaciones a los familiares de las v\u00edctimas del atentado a la AMIA tras recordar que \u00abfue el ex presidente N\u00e9stor Kirchner quien desde el Poder Ejecutivo en 2005\u00bb impuls\u00f3 la reparaci\u00f3n.\u00a0<\/p>\n","protected":false},"author":4,"featured_media":0,"comment_status":"open","ping_status":"open","sticky":false,"template":"","format":"standard","meta":{"_jetpack_newsletter_access":"","_jetpack_dont_email_post_to_subs":false,"_jetpack_newsletter_tier_id":0,"_jetpack_memberships_contains_paywalled_content":false,"_jetpack_memberships_contains_paid_content":false,"footnotes":""},"categories":[51],"tags":[],"class_list":["post-63032","post","type-post","status-publish","format-standard","hentry","category-politica"],"jetpack_shortlink":"https:\/\/wp.me\/p2JWE0-goE","jetpack-related-posts":[{"id":108392,"url":"http:\/\/www.24baires.com\/?p=108392","url_meta":{"origin":63032,"position":0},"title":"Alberto y Cristina Fern\u00e1ndez presentaron su candidatura en Merlo","author":"AF","date":"26\/05\/2019","format":false,"excerpt":"El precandidato a presidente se present\u00f3 con su candidata a vice, la ex mandataria Cristina Kirchner: \"Yo estuve en el laberinto de la crisis y se c\u00f3mo salir\", enfatiz\u00f3 Alberto. Alberto Fern\u00e1ndez present\u00f3 su f\u00f3rmula junto a Cristina Kirchner de cara a las elecciones presidenciales de octubre en la que\u2026","rel":"","context":"En \u00abPol\u00edtica\u00bb","block_context":{"text":"Pol\u00edtica","link":"http:\/\/www.24baires.com\/?cat=51"},"img":{"alt_text":"","src":"https:\/\/i0.wp.com\/www.24baires.com\/wp-content\/uploads\/2019\/05\/alberto-cristina-fernandez-merlo.jpg?resize=350%2C200","width":350,"height":200,"srcset":"https:\/\/i0.wp.com\/www.24baires.com\/wp-content\/uploads\/2019\/05\/alberto-cristina-fernandez-merlo.jpg?resize=350%2C200 1x, https:\/\/i0.wp.com\/www.24baires.com\/wp-content\/uploads\/2019\/05\/alberto-cristina-fernandez-merlo.jpg?resize=525%2C300 1.5x"},"classes":[]},{"id":100442,"url":"http:\/\/www.24baires.com\/?p=100442","url_meta":{"origin":63032,"position":1},"title":"CFK: \u00abEl \u00fanico argumento es la persecuci\u00f3n pol\u00edtica\u00bb","author":"AF","date":"08\/02\/2018","format":false,"excerpt":"La ex presidenta atribuy\u00f3 la denuncia por \"da\u00f1os y perjuicios\" por 22.500 millones pesos de Javier Iguacel, titular de Vialidad, a la campa\u00f1a instrumentada en su contra por el Gobierno. Marc\u00f3 las contradicciones de la presentaci\u00f3n judicial y pidi\u00f3 que se cite como testigos a todos los que fueron jefes\u2026","rel":"","context":"En \u00abPol\u00edtica\u00bb","block_context":{"text":"Pol\u00edtica","link":"http:\/\/www.24baires.com\/?cat=51"},"img":{"alt_text":"","src":"https:\/\/i0.wp.com\/www.24baires.com\/wp-content\/uploads\/2017\/09\/cristina.jpg?resize=350%2C200","width":350,"height":200,"srcset":"https:\/\/i0.wp.com\/www.24baires.com\/wp-content\/uploads\/2017\/09\/cristina.jpg?resize=350%2C200 1x, https:\/\/i0.wp.com\/www.24baires.com\/wp-content\/uploads\/2017\/09\/cristina.jpg?resize=525%2C300 1.5x"},"classes":[]},{"id":112255,"url":"http:\/\/www.24baires.com\/?p=112255","url_meta":{"origin":63032,"position":2},"title":"\u00abLa deuda se deber\u00e1 afrontar de manera seria y sensata\u00bb","author":"AF","date":"26\/09\/2019","format":false,"excerpt":"Durante su sexta visita a C\u00f3rdoba desde que fue ungido candidato del Frente de Todos, el ex jefe de Gabinete afirm\u00f3 esta tarde que el objetivo del pacto que impulsa con distintos sectores es \"ordenar a la Argentina\". \"Ordenar a la Argentina es la condici\u00f3n central de ese acuerdo\", subray\u00f3\u2026","rel":"","context":"En \u00abPol\u00edtica\u00bb","block_context":{"text":"Pol\u00edtica","link":"http:\/\/www.24baires.com\/?cat=51"},"img":{"alt_text":"","src":"https:\/\/i0.wp.com\/www.24baires.com\/wp-content\/uploads\/2019\/08\/albertoo.jpg?resize=350%2C200","width":350,"height":200,"srcset":"https:\/\/i0.wp.com\/www.24baires.com\/wp-content\/uploads\/2019\/08\/albertoo.jpg?resize=350%2C200 1x, https:\/\/i0.wp.com\/www.24baires.com\/wp-content\/uploads\/2019\/08\/albertoo.jpg?resize=525%2C300 1.5x"},"classes":[]},{"id":108246,"url":"http:\/\/www.24baires.com\/?p=108246","url_meta":{"origin":63032,"position":3},"title":"Se confirm\u00f3 la f\u00f3rmula presidencial: Alberto Fern\u00e1ndez &#8211; Cristina Fern\u00e1ndez de Kirchner","author":"AF","date":"18\/05\/2019","format":false,"excerpt":"La ex presidenta anuncio por las redes sociales que acompa\u00f1ar\u00e1 al ex jefe de Gabinete como candidata a vicepresidenta. Reivindic\u00f3 su trabajo al lado de Nestor Kirchner y de ella, Record\u00f3 que \"tuvimos diferencias\" y lo destac\u00f3 en la tarea del rescatar al pa\u00eds del \"drama\" actual. El siguiente video\u2026","rel":"","context":"En \u00abPol\u00edtica\u00bb","block_context":{"text":"Pol\u00edtica","link":"http:\/\/www.24baires.com\/?cat=51"},"img":{"alt_text":"","src":"https:\/\/i0.wp.com\/www.24baires.com\/wp-content\/uploads\/2019\/05\/anibal-y-cristina.jpg?resize=350%2C200","width":350,"height":200,"srcset":"https:\/\/i0.wp.com\/www.24baires.com\/wp-content\/uploads\/2019\/05\/anibal-y-cristina.jpg?resize=350%2C200 1x, https:\/\/i0.wp.com\/www.24baires.com\/wp-content\/uploads\/2019\/05\/anibal-y-cristina.jpg?resize=525%2C300 1.5x"},"classes":[]},{"id":112689,"url":"http:\/\/www.24baires.com\/?p=112689","url_meta":{"origin":63032,"position":4},"title":"Vot\u00f3 Alberto y record\u00f3 a N\u00e9stor: \u201cestoy seguro que me est\u00e1 ayudando\u00bb","author":"GB","date":"27\/10\/2019","format":false,"excerpt":"El candidato a presidente del Frente de Todos emitir\u00e1 su voto en la mesa 68 de la Universidad Cat\u00f3lica Argentina (UCA), en Puerto Madero. En la previa, record\u00f3 a N\u00e9stor Kirchner al cumplirse nueve a\u00f1os de su fallecimiento. El candidato a presidente del Frente de Todos, Alberto Fern\u00e1ndez, emiti\u00f3 su\u2026","rel":"","context":"En \u00abELECCIONES 2019\u00bb","block_context":{"text":"ELECCIONES 2019","link":"http:\/\/www.24baires.com\/?cat=329"},"img":{"alt_text":"","src":"https:\/\/i0.wp.com\/www.24baires.com\/wp-content\/uploads\/2019\/10\/alberto.jpg?resize=350%2C200","width":350,"height":200,"srcset":"https:\/\/i0.wp.com\/www.24baires.com\/wp-content\/uploads\/2019\/10\/alberto.jpg?resize=350%2C200 1x, https:\/\/i0.wp.com\/www.24baires.com\/wp-content\/uploads\/2019\/10\/alberto.jpg?resize=525%2C300 1.5x"},"classes":[]},{"id":31289,"url":"http:\/\/www.24baires.com\/?p=31289","url_meta":{"origin":63032,"position":5},"title":"Comenz\u00f3 en el Senado el debate por la ley de reapertura del canje","author":"GB","date":"04\/09\/2013","format":false,"excerpt":"El Senado Nacional inici\u00f3 esta tarde el debate del proyecto de ley enviado por el Poder Ejecutivo para reabrir el canje de la deuda, que est\u00e1 destinado al siete por ciento de los tenedores de bonos argentinos en default. La iniciativa suspende la vigencia de la denominada Ley Cerrojo y\u2026","rel":"","context":"En \u00abPol\u00edtica\u00bb","block_context":{"text":"Pol\u00edtica","link":"http:\/\/www.24baires.com\/?cat=51"},"img":{"alt_text":"","src":"https:\/\/i0.wp.com\/www.24baires.com\/wp-content\/uploads\/2013\/09\/Sesi%C3%B3n-en-el-Senado.jpg?resize=350%2C200","width":350,"height":200},"classes":[]}],"jetpack_sharing_enabled":true,"jetpack_likes_enabled":true,"jetpack_featured_media_url":"","_links":{"self":[{"href":"http:\/\/www.24baires.com\/index.php?rest_route=\/wp\/v2\/posts\/63032","targetHints":{"allow":["GET"]}}],"collection":[{"href":"http:\/\/www.24baires.com\/index.php?rest_route=\/wp\/v2\/posts"}],"about":[{"href":"http:\/\/www.24baires.com\/index.php?rest_route=\/wp\/v2\/types\/post"}],"author":[{"embeddable":true,"href":"http:\/\/www.24baires.com\/index.php?rest_route=\/wp\/v2\/users\/4"}],"replies":[{"embeddable":true,"href":"http:\/\/www.24baires.com\/index.php?rest_route=%2Fwp%2Fv2%2Fcomments&post=63032"}],"version-history":[{"count":1,"href":"http:\/\/www.24baires.com\/index.php?rest_route=\/wp\/v2\/posts\/63032\/revisions"}],"predecessor-version":[{"id":63033,"href":"http:\/\/www.24baires.com\/index.php?rest_route=\/wp\/v2\/posts\/63032\/revisions\/63033"}],"wp:attachment":[{"href":"http:\/\/www.24baires.com\/index.php?rest_route=%2Fwp%2Fv2%2Fmedia&parent=63032"}],"wp:term":[{"taxonomy":"category","embeddable":true,"href":"http:\/\/www.24baires.com\/index.php?rest_route=%2Fwp%2Fv2%2Fcategories&post=63032"},{"taxonomy":"post_tag","embeddable":true,"href":"http:\/\/www.24baires.com\/index.php?rest_route=%2Fwp%2Fv2%2Ftags&post=63032"}],"curies":[{"name":"wp","href":"https:\/\/api.w.org\/{rel}","templated":true}]}}