{"id":62976,"date":"2015-03-11T12:30:04","date_gmt":"2015-03-11T15:30:04","guid":{"rendered":"http:\/\/www.24baires.com\/?p=62976"},"modified":"2015-03-11T11:18:47","modified_gmt":"2015-03-11T14:18:47","slug":"recalde-scioli-y-randazzo-pueden-continuar-con-este-proyecto-politico","status":"publish","type":"post","link":"http:\/\/www.24baires.com\/?p=62976","title":{"rendered":"Recalde: \u00abScioli y Randazzo pueden continuar con este proyecto pol\u00edtico\u00bb"},"content":{"rendered":"<p><img data-recalc-dims=\"1\" loading=\"lazy\" decoding=\"async\" class=\"alignleft size-medium wp-image-28049\" src=\"https:\/\/i0.wp.com\/www.24baires.com\/wp-content\/uploads\/2013\/07\/recalde-hijo.jpg?resize=300%2C180\" alt=\"recalde hijo\" width=\"300\" height=\"180\" srcset=\"https:\/\/i0.wp.com\/www.24baires.com\/wp-content\/uploads\/2013\/07\/recalde-hijo.jpg?resize=300%2C180 300w, https:\/\/i0.wp.com\/www.24baires.com\/wp-content\/uploads\/2013\/07\/recalde-hijo.jpg?w=500 500w\" sizes=\"auto, (max-width: 300px) 100vw, 300px\" \/>El precandidato a jefe de Gobierno porte\u00f1o por el Frente para la Victoria afirm\u00f3 hoy que La C\u00e1mpora no va a \u00abemitir opini\u00f3n\u00bb sobre qui\u00e9n debe ser el candidato presidencial del kirchnerismo.<!--more--><\/p>\n<p>\u00abEsa es nuestra postura por ahora. No vamos a emitir una opini\u00f3n si Cristina no lo hace primero\u00bb, dijo el titular de la empresa Aerol\u00edneas Argentinas en declaraciones a radio La Red, en las que consider\u00f3 que s\u00f3lo son \u00abchispazos verbales\u00bb los cruces que hay entre Scioli y Randazzo.<\/p>\n<p>En ese marco, a\u00f1adi\u00f3: \u00abEspero que gane el que mejor represente y garantice la continuidad de este proyecto pol\u00edtico. Hay muchas diferencias, pero a la hora de encabezar un proyecto, cualquiera de los 5, 6 o 7 precandidatos que se han manifestado, pueden hacerlo\u00bb.<\/p>\n<p>En cuanto a su postulaci\u00f3n, Recalde afirm\u00f3 que \u00abes un desaf\u00edo\u00bb para el cual est\u00e1 preparado y consider\u00f3 que \u00abno es tan dif\u00edcil ni imposible plantearse ganar las elecciones y mejorar la Ciudad\u00bb.<\/p>\n<p>\u00abDespu\u00e9s del desaf\u00edo de Aerol\u00edneas, cualquier otra cosa parece sencilla y encarar la propuesta para mejorar la ciudad donde vivo y milit\u00e9 toda la vida es un desaf\u00edo hermoso\u00bb, a\u00f1adi\u00f3 Recalde, quien hoy se convirti\u00f3 en padre por tercera vez con el nacimiento de su hijo Juan Pedro.<\/p>\n<p>Se\u00f1al\u00f3 asimismo que todos los precandidatos del FpV en la Ciudad \u00abestaremos juntos otra vez\u00bb despu\u00e9s de las primarias que se desarrollar\u00e1 el 26 de abril pr\u00f3ximo, ya que, dej\u00f3 en claro, \u00abestamos f\u00e9rreamente convencidos y unidos tras el proyecto de Cristina\u00bb.<\/p>\n<p>\u00abNo somos como otros frentes electorales que se juntan, se rejuntan y se separan, seg\u00fan las encuestas. Nosotros no nos vamos a disfrazar, ni a cambiar, ni juntarnos con gente que no coincide con nosotros por un voto m\u00e1s o menos\u00bb, concluy\u00f3 Recalde.<\/p>\n","protected":false},"excerpt":{"rendered":"<p>El precandidato a jefe de Gobierno porte\u00f1o por el Frente para la Victoria afirm\u00f3 hoy que La C\u00e1mpora no va a \u00abemitir opini\u00f3n\u00bb sobre qui\u00e9n debe ser el candidato presidencial del kirchnerismo.<\/p>\n","protected":false},"author":4,"featured_media":0,"comment_status":"open","ping_status":"open","sticky":false,"template":"","format":"standard","meta":{"_jetpack_newsletter_access":"","_jetpack_dont_email_post_to_subs":false,"_jetpack_newsletter_tier_id":0,"_jetpack_memberships_contains_paywalled_content":false,"_jetpack_memberships_contains_paid_content":false,"footnotes":""},"categories":[51],"tags":[],"class_list":["post-62976","post","type-post","status-publish","format-standard","hentry","category-politica"],"jetpack_shortlink":"https:\/\/wp.me\/p2JWE0-gnK","jetpack-related-posts":[{"id":62878,"url":"http:\/\/www.24baires.com\/?p=62878","url_meta":{"origin":62976,"position":0},"title":"Randazzo apoy\u00f3 la candidatura de Recalde para jefe de Gobierno porte\u00f1o","author":"GB","date":"09\/03\/2015","format":false,"excerpt":"El ministro de Interior y Transporte, Florencio Randazzo, expres\u00f3 hoy su apoyo al precandidato a jefe de gobierno porte\u00f1o por el Frente para la Victoria, Mariano Recalde, y asegur\u00f3 que \u201ces un buen compa\u00f1ero que acompa\u00f1a\u201d el proyecto de Cristina Fern\u00e1ndez de Kirchner. \u201cMe gusta mucho Mariano Recalde, es un\u2026","rel":"","context":"En \u00abElecciones 2015\u00bb","block_context":{"text":"Elecciones 2015","link":"http:\/\/www.24baires.com\/?cat=74"},"img":{"alt_text":"randazzo 1","src":"https:\/\/i0.wp.com\/www.24baires.com\/wp-content\/uploads\/2014\/01\/randazzo-1.jpg?resize=350%2C200","width":350,"height":200,"srcset":"https:\/\/i0.wp.com\/www.24baires.com\/wp-content\/uploads\/2014\/01\/randazzo-1.jpg?resize=350%2C200 1x, https:\/\/i0.wp.com\/www.24baires.com\/wp-content\/uploads\/2014\/01\/randazzo-1.jpg?resize=525%2C300 1.5x"},"classes":[]},{"id":66428,"url":"http:\/\/www.24baires.com\/?p=66428","url_meta":{"origin":62976,"position":1},"title":"Scioli elogi\u00f3 a Recalde y dijo que \u00abexpresa la b\u00fasqueda de la igualdad\u00bb en la Ciudad","author":"GB","date":"23\/05\/2015","format":false,"excerpt":"El gobernador Bonaerense y precandidato a presidente por el FpV particip\u00f3 de una recorrida por Lugano junto a Mariano Recalde y se\u00f1al\u00f3 al titular de Aerol\u00edneas Argentinas como \"el que expresa es la b\u00fasqueda de la igualdad, de las oportunidades, del mejoramiento de lo publico, de la vivienda y el\u2026","rel":"","context":"En \u00abPol\u00edtica\u00bb","block_context":{"text":"Pol\u00edtica","link":"http:\/\/www.24baires.com\/?cat=51"},"img":{"alt_text":"scioli congreso","src":"https:\/\/i0.wp.com\/www.24baires.com\/wp-content\/uploads\/2015\/03\/scioli-congreso.png?resize=350%2C200","width":350,"height":200,"srcset":"https:\/\/i0.wp.com\/www.24baires.com\/wp-content\/uploads\/2015\/03\/scioli-congreso.png?resize=350%2C200 1x, https:\/\/i0.wp.com\/www.24baires.com\/wp-content\/uploads\/2015\/03\/scioli-congreso.png?resize=525%2C300 1.5x"},"classes":[]},{"id":108349,"url":"http:\/\/www.24baires.com\/?p=108349","url_meta":{"origin":62976,"position":2},"title":"Camino a la unidad: el PJ recibe quince agrupaciones opositoras","author":"AF","date":"23\/05\/2019","format":false,"excerpt":"El presidente del PJ, Jos\u00e9 Luis Gioja, recibe a dirigentes y referentes de unas quince fuerzas pol\u00edticas que se sumar\u00e1n a la coalici\u00f3n, con el objetivo de apoyar la candidatura de Alberto Fern\u00e1ndez y Cristina Kirchner. Gioja intenta llegar a fin de mes con el frente electoral opositor ya delineado.\u2026","rel":"","context":"En \u00abPol\u00edtica\u00bb","block_context":{"text":"Pol\u00edtica","link":"http:\/\/www.24baires.com\/?cat=51"},"img":{"alt_text":"","src":"https:\/\/i0.wp.com\/www.24baires.com\/wp-content\/uploads\/2019\/05\/cumbre-pj.jpeg?resize=350%2C200","width":350,"height":200,"srcset":"https:\/\/i0.wp.com\/www.24baires.com\/wp-content\/uploads\/2019\/05\/cumbre-pj.jpeg?resize=350%2C200 1x, https:\/\/i0.wp.com\/www.24baires.com\/wp-content\/uploads\/2019\/05\/cumbre-pj.jpeg?resize=525%2C300 1.5x"},"classes":[]},{"id":66368,"url":"http:\/\/www.24baires.com\/?p=66368","url_meta":{"origin":62976,"position":3},"title":"\u00ab\u00bfRabolini llor\u00f3 tanto cuando un imitador le toc\u00f3 la cola con una mano ortop\u00e9dica?\u00bb","author":"AF","date":"22\/05\/2015","format":false,"excerpt":"Tras la pol\u00e9mica que gener\u00f3 su frase ante los intelectuales de Carta Abierta, el ministro del Interior y Transporte y precandidato a Presidente por el kirchnerismo, Florencio Randazzo, estuvo en el programa \"Animales sueltos\" donde dio su explicaci\u00f3n del caso, pero dispar\u00f3 duro ahora contra Karina Rabolini. En medio de\u2026","rel":"","context":"En \u00abElecciones 2015\u00bb","block_context":{"text":"Elecciones 2015","link":"http:\/\/www.24baires.com\/?cat=74"},"img":{"alt_text":"randazzo 11.5.15","src":"https:\/\/i0.wp.com\/www.24baires.com\/wp-content\/uploads\/2015\/05\/randazzo-11.5.15.jpg?resize=350%2C200","width":350,"height":200,"srcset":"https:\/\/i0.wp.com\/www.24baires.com\/wp-content\/uploads\/2015\/05\/randazzo-11.5.15.jpg?resize=350%2C200 1x, https:\/\/i0.wp.com\/www.24baires.com\/wp-content\/uploads\/2015\/05\/randazzo-11.5.15.jpg?resize=525%2C300 1.5x"},"classes":[]},{"id":120181,"url":"http:\/\/www.24baires.com\/?p=120181","url_meta":{"origin":62976,"position":4},"title":"El Frente de Todos pasa a llamarse \u00abUni\u00f3n por la Patria\u00bb","author":"AF","date":"14\/06\/2023","format":false,"excerpt":"Los distintos sectores que componen el frente oficialista mantienen reuniones para definir, entre otras cosas, la constituci\u00f3n de su junta partidaria y el reglamento electoral que fijar\u00e1 pisos y porcentajes para la integraci\u00f3n de listas. El Frente de Todos (FdT) se llamar\u00e1 Uni\u00f3n por la Patria (UxP) en las pr\u00f3ximas\u2026","rel":"","context":"En \u00abPol\u00edtica\u00bb","block_context":{"text":"Pol\u00edtica","link":"http:\/\/www.24baires.com\/?cat=51"},"img":{"alt_text":"","src":"https:\/\/i0.wp.com\/www.24baires.com\/wp-content\/uploads\/2023\/06\/cfk-25-5.png?resize=350%2C200","width":350,"height":200,"srcset":"https:\/\/i0.wp.com\/www.24baires.com\/wp-content\/uploads\/2023\/06\/cfk-25-5.png?resize=350%2C200 1x, https:\/\/i0.wp.com\/www.24baires.com\/wp-content\/uploads\/2023\/06\/cfk-25-5.png?resize=525%2C300 1.5x, https:\/\/i0.wp.com\/www.24baires.com\/wp-content\/uploads\/2023\/06\/cfk-25-5.png?resize=700%2C400 2x, https:\/\/i0.wp.com\/www.24baires.com\/wp-content\/uploads\/2023\/06\/cfk-25-5.png?resize=1050%2C600 3x"},"classes":[]},{"id":105261,"url":"http:\/\/www.24baires.com\/?p=105261","url_meta":{"origin":62976,"position":5},"title":"Monz\u00f3 anticip\u00f3 que no renovar\u00e1 su banca de Cambiemos","author":"AF","date":"02\/11\/2018","format":false,"excerpt":"Los colaboradores del titular de Diputados reconocieron que es una decisi\u00f3n que tom\u00f3 hace ya tiempo. En cuanto a su posible alejamiento de Cambiemos dijeron que se trata de especulaciones pol\u00edticas pero no la negaron. Esta vez no es un amague. En el entorno de Emilio Monz\u00f3 confirmaron la versi\u00f3n\u2026","rel":"","context":"En \u00abPol\u00edtica\u00bb","block_context":{"text":"Pol\u00edtica","link":"http:\/\/www.24baires.com\/?cat=51"},"img":{"alt_text":"","src":"https:\/\/i0.wp.com\/www.24baires.com\/wp-content\/uploads\/2018\/11\/monz%C3%B3.jpg?resize=350%2C200","width":350,"height":200,"srcset":"https:\/\/i0.wp.com\/www.24baires.com\/wp-content\/uploads\/2018\/11\/monz%C3%B3.jpg?resize=350%2C200 1x, https:\/\/i0.wp.com\/www.24baires.com\/wp-content\/uploads\/2018\/11\/monz%C3%B3.jpg?resize=525%2C300 1.5x"},"classes":[]}],"jetpack_sharing_enabled":true,"jetpack_likes_enabled":true,"jetpack_featured_media_url":"","_links":{"self":[{"href":"http:\/\/www.24baires.com\/index.php?rest_route=\/wp\/v2\/posts\/62976","targetHints":{"allow":["GET"]}}],"collection":[{"href":"http:\/\/www.24baires.com\/index.php?rest_route=\/wp\/v2\/posts"}],"about":[{"href":"http:\/\/www.24baires.com\/index.php?rest_route=\/wp\/v2\/types\/post"}],"author":[{"embeddable":true,"href":"http:\/\/www.24baires.com\/index.php?rest_route=\/wp\/v2\/users\/4"}],"replies":[{"embeddable":true,"href":"http:\/\/www.24baires.com\/index.php?rest_route=%2Fwp%2Fv2%2Fcomments&post=62976"}],"version-history":[{"count":1,"href":"http:\/\/www.24baires.com\/index.php?rest_route=\/wp\/v2\/posts\/62976\/revisions"}],"predecessor-version":[{"id":62977,"href":"http:\/\/www.24baires.com\/index.php?rest_route=\/wp\/v2\/posts\/62976\/revisions\/62977"}],"wp:attachment":[{"href":"http:\/\/www.24baires.com\/index.php?rest_route=%2Fwp%2Fv2%2Fmedia&parent=62976"}],"wp:term":[{"taxonomy":"category","embeddable":true,"href":"http:\/\/www.24baires.com\/index.php?rest_route=%2Fwp%2Fv2%2Fcategories&post=62976"},{"taxonomy":"post_tag","embeddable":true,"href":"http:\/\/www.24baires.com\/index.php?rest_route=%2Fwp%2Fv2%2Ftags&post=62976"}],"curies":[{"name":"wp","href":"https:\/\/api.w.org\/{rel}","templated":true}]}}