{"id":62939,"date":"2015-03-10T14:30:59","date_gmt":"2015-03-10T17:30:59","guid":{"rendered":"http:\/\/www.24baires.com\/?p=62939"},"modified":"2015-03-10T13:47:14","modified_gmt":"2015-03-10T16:47:14","slug":"declaro-la-modelo-vinculada-con-nisman-y-aseguro-que-su-relacion-era-superficial","status":"publish","type":"post","link":"http:\/\/www.24baires.com\/?p=62939","title":{"rendered":"Declar\u00f3 la modelo vinculada con Nisman y asegur\u00f3 que su relaci\u00f3n era \u00absuperficial\u00bb"},"content":{"rendered":"<p><img data-recalc-dims=\"1\" loading=\"lazy\" decoding=\"async\" class=\"aligncenter size-full wp-image-62940\" src=\"https:\/\/i0.wp.com\/www.24baires.com\/wp-content\/uploads\/2015\/03\/abogado-modelo-nisman.jpg?resize=560%2C279\" alt=\"abogado modelo nisman\" width=\"560\" height=\"279\" srcset=\"https:\/\/i0.wp.com\/www.24baires.com\/wp-content\/uploads\/2015\/03\/abogado-modelo-nisman.jpg?w=560 560w, https:\/\/i0.wp.com\/www.24baires.com\/wp-content\/uploads\/2015\/03\/abogado-modelo-nisman.jpg?resize=300%2C149 300w\" sizes=\"auto, (max-width: 560px) 100vw, 560px\" \/>Jorge Gonz\u00e1lez Novillo, abogado de la modelo Florencia Cocucci, a quien se vincula sentimentalmente con Alberto Nisman, reafirm\u00f3 que su clienta, quien prest\u00f3 hoy declaraci\u00f3n testimonial en el marco de la causa que investiga la muerte el fiscal, manten\u00eda una \u201crelaci\u00f3n superficial\u201d con el ex titular de la UFI-AMIA que se daba en el \u00e1mbito de \u201clos boliches\u201d.<!--more--><\/p>\n<p>Adem\u00e1s, consign\u00f3 que las fotos que circula en los medios y en las redes sociales en las que se los ve en una playa del Caribe y en un avi\u00f3n corresponden a un viaje que compartieron \u201cCoccuci, otra chica m\u00e1s y el doctor Nisman\u201d en noviembre del a\u00f1o pasado a Canc\u00fan, a ra\u00edz de una producci\u00f3n fotogr\u00e1fica que ten\u00eda que hacer su cliente en esa ciudad.<\/p>\n<p>\u201cLo que declar\u00f3 ella puntualmente en su declaraci\u00f3n testimonial es que ella manifest\u00f3, un d\u00eda en uno de estos boliches, que tenia que ir a hacer una producci\u00f3n fotogr\u00e1fica a Canc\u00fan y que Nisman le dijo que ten\u00eda unos d\u00edas y que le gustar\u00eda ir. As\u00ed fue que concurrieron ellos y una persona m\u00e1s en noviembre del 2014 a Canc\u00fan\u201d, detall\u00f3 el abogado.<\/p>\n<p>Seg\u00fan asegur\u00f3 a la prensa, la declaraci\u00f3n testimonial de Florencia Cocucci ante la fiscal Viviana Fein \u201cfue breve, dur\u00f3 unos 40 minutos\u201d, en los que no hubo \u201cninguna pregunta vinculada\u201d a su presunta presencia en el departamento de Nisman la noche previa a su partida hacia Europa, en diciembre pasado, \u201cporque debe haber elementos que acreditan fehacientemente que no estuvo en el departamento ni en esa presunta cena\u201d.<\/p>\n<p>En este sentido, el abogado insisti\u00f3 en remarcar que Cocucci \u201csab\u00eda que Nisman era fiscal a cargo de la causa AMIA\u201d pero que, al ser una relaci\u00f3n \u201cde locales bailables, de un a\u00f1o y pico\u201d, se trataba de un v\u00ednculo \u201csuperficial\u201d.<\/p>\n<p>Adem\u00e1s, reiter\u00f3 que su clienta \u201cnunca jam\u00e1s\u201d estuvo en el departamento de Nisman en la zona de Puerto Madero, adonde el 18 de enero pasado fue hallado sin vida el fiscal.<\/p>\n<p>Tambi\u00e9n, Gonz\u00e1lez Novillo cont\u00f3 que el \u00faltimo contacto que hab\u00eda tenido Cocucci con el fiscal fue cuando \u201cmand\u00f3 un mensaje \u00f3mnibus a la gente que conoc\u00eda, muy extenso, en el que manifestaba la denuncia que hab\u00eda promovido\u201d, y asegur\u00f3 que su clienta le hab\u00eda respondido \u201c\u00a1\u00bfy?!, como diciendo no entiendo nada\u201d, a lo que Nisman respondi\u00f3 -dijo- \u201cya te vas a enterar\u201d.<\/p>\n<p>\u201cEn base a las preguntas previas y a haber corroborado que era una relaci\u00f3n muy superficial, pod\u00edan inferir claramente que (Cocucci) no pod\u00eda aportarles nada significativo al respecto\u201d, sostuvo el abogado cuando se le consult\u00f3 si la fiscal hab\u00eda requerido informaci\u00f3n sobre el estado an\u00edmico de Nisman a su clienta.<\/p>\n<p>En otro orden, asegur\u00f3 que Cocucci \u201cno conoc\u00eda\u201d al t\u00e9cnico inform\u00e1tico Diego Lagomarsino -quien le entreg\u00f3 al fiscal el arma con la que luego apareci\u00f3 muerto de un disparo- y que se sent\u00eda \u201cmuy mal, desbordada, por la entidad que hab\u00eda adquirido su figura en esta causa\u201d.<\/p>\n<p>&nbsp;<\/p>\n<p>&nbsp;<\/p>\n<p>&nbsp;<\/p>\n<p>&nbsp;<\/p>\n<p>&nbsp;<\/p>\n<p>&nbsp;<\/p>\n<p>&nbsp;<\/p>\n<p>&nbsp;<\/p>\n<p>&nbsp;<\/p>\n<p>&nbsp;<\/p>\n<p>&nbsp;<\/p>\n","protected":false},"excerpt":{"rendered":"<p>Jorge Gonz\u00e1lez Novillo, abogado de la modelo Florencia Cocucci, a quien se vincula sentimentalmente con Alberto Nisman, reafirm\u00f3 que su clienta, quien prest\u00f3 hoy declaraci\u00f3n testimonial en el marco de la causa que investiga la muerte el fiscal, manten\u00eda una \u201crelaci\u00f3n superficial\u201d con el ex titular de la UFI-AMIA que se daba en el \u00e1mbito de \u201clos boliches\u201d.<\/p>\n","protected":false},"author":8,"featured_media":0,"comment_status":"open","ping_status":"open","sticky":false,"template":"","format":"standard","meta":{"_jetpack_newsletter_access":"","_jetpack_dont_email_post_to_subs":false,"_jetpack_newsletter_tier_id":0,"_jetpack_memberships_contains_paywalled_content":false,"_jetpack_memberships_contains_paid_content":false,"footnotes":""},"categories":[51],"tags":[],"class_list":["post-62939","post","type-post","status-publish","format-standard","hentry","category-politica"],"jetpack_shortlink":"https:\/\/wp.me\/p2JWE0-gn9","jetpack-related-posts":[{"id":62619,"url":"http:\/\/www.24baires.com\/?p=62619","url_meta":{"origin":62939,"position":0},"title":"El abogado de la modelo asegur\u00f3 que con Nisman \u00abs\u00f3lo eran amigos\u00bb","author":"GB","date":"04\/03\/2015","format":false,"excerpt":"Jorge Gonz\u00e1lez Novillo, abogado de la modelo Florencia Cocucci, a quien se vincula sentimentalmente con el ex titular de la UFI-Amia, Alberto Nisman, neg\u00f3 hoy que haya existido una relaci\u00f3n de noviazgo entre ellos, dijo que se trataba de una \u201camistad\u201d y asegur\u00f3 que la joven \u201cjam\u00e1s fue al departamento\"\u2026","rel":"","context":"En \u00abPol\u00edtica\u00bb","block_context":{"text":"Pol\u00edtica","link":"http:\/\/www.24baires.com\/?cat=51"},"img":{"alt_text":"modelo y nismas","src":"https:\/\/i0.wp.com\/www.24baires.com\/wp-content\/uploads\/2015\/03\/modelo-y-nismas.jpg?resize=350%2C200","width":350,"height":200,"srcset":"https:\/\/i0.wp.com\/www.24baires.com\/wp-content\/uploads\/2015\/03\/modelo-y-nismas.jpg?resize=350%2C200 1x, https:\/\/i0.wp.com\/www.24baires.com\/wp-content\/uploads\/2015\/03\/modelo-y-nismas.jpg?resize=525%2C300 1.5x"},"classes":[]},{"id":117875,"url":"http:\/\/www.24baires.com\/?p=117875","url_meta":{"origin":62939,"position":1},"title":"Cristina consider\u00f3 \u00abdisparate judicial, institucional y pol\u00edtico\u00bb a la causa del memor\u00e1ndum","author":"AF","date":"16\/07\/2021","format":false,"excerpt":"La vicepresidenta expuso durante la audiencia p\u00fablica, que fue escuchada por m\u00e1s de 20 mil personas a trav\u00e9s de YouTube. \"Se hicieron maniobras persecutorias para perjudicarnos a m\u00ed y mi familia\", asegur\u00f3. El Tribunal Oral Federal 8 debe resolver si declara o no la nulidad del proceso. La vicepresidenta Cristina\u2026","rel":"","context":"En \u00abJUDICIALES\u00bb","block_context":{"text":"JUDICIALES","link":"http:\/\/www.24baires.com\/?cat=68"},"img":{"alt_text":"","src":"https:\/\/i0.wp.com\/www.24baires.com\/wp-content\/uploads\/2021\/07\/cfk.jpg?resize=350%2C200","width":350,"height":200,"srcset":"https:\/\/i0.wp.com\/www.24baires.com\/wp-content\/uploads\/2021\/07\/cfk.jpg?resize=350%2C200 1x, https:\/\/i0.wp.com\/www.24baires.com\/wp-content\/uploads\/2021\/07\/cfk.jpg?resize=525%2C300 1.5x"},"classes":[]},{"id":102494,"url":"http:\/\/www.24baires.com\/?p=102494","url_meta":{"origin":62939,"position":2},"title":"La C\u00e1mara \u00abreflot\u00f3\u00bb la causa Nisman y asegura que se trat\u00f3 de un crimen","author":"AF","date":"01\/06\/2018","format":false,"excerpt":"Confirm\u00f3 que el ex juez Alberto Nisman fue asesinado. Agregaron que el motivo fue su denuncia contra Cristina Kirchner. Adem\u00e1s dejaron firme el procesamiento de Diego Lagomarsino. La C\u00e1mara Federal hizo su aparici\u00f3n en medio de la debacle econ\u00f3mica que enfrenta el gobierno de Mauricio Macri. Entre masivas manifestaciones en\u2026","rel":"","context":"En \u00abJUDICIALES\u00bb","block_context":{"text":"JUDICIALES","link":"http:\/\/www.24baires.com\/?cat=68"},"img":{"alt_text":"","src":"https:\/\/i0.wp.com\/www.24baires.com\/wp-content\/uploads\/2015\/07\/nisman.jpg?resize=350%2C200","width":350,"height":200,"srcset":"https:\/\/i0.wp.com\/www.24baires.com\/wp-content\/uploads\/2015\/07\/nisman.jpg?resize=350%2C200 1x, https:\/\/i0.wp.com\/www.24baires.com\/wp-content\/uploads\/2015\/07\/nisman.jpg?resize=525%2C300 1.5x"},"classes":[]},{"id":79661,"url":"http:\/\/www.24baires.com\/?p=79661","url_meta":{"origin":62939,"position":3},"title":"Stiuso increp\u00f3 a Moreno Ocampo en un programa de TV","author":"AF","date":"03\/03\/2016","format":false,"excerpt":"El ex esp\u00eda mantuvo al aire una comunicaci\u00f3n telef\u00f3nica con el conductor Santiago del Moro y tild\u00f3 de \"caradura\" al ex fiscal del Juicio a las Juntas, Luis Moreno Ocampo, quien estaba como invitado en el programa. Previamente, Moreno Ocampo hab\u00eda dicho que no conoc\u00eda a quien fue uno de\u2026","rel":"","context":"En \u00abGeneral\u00bb","block_context":{"text":"General","link":"http:\/\/www.24baires.com\/?cat=67"},"img":{"alt_text":"stiuso","src":"https:\/\/i0.wp.com\/www.24baires.com\/wp-content\/uploads\/2015\/10\/stiuso.jpg?resize=350%2C200","width":350,"height":200,"srcset":"https:\/\/i0.wp.com\/www.24baires.com\/wp-content\/uploads\/2015\/10\/stiuso.jpg?resize=350%2C200 1x, https:\/\/i0.wp.com\/www.24baires.com\/wp-content\/uploads\/2015\/10\/stiuso.jpg?resize=525%2C300 1.5x"},"classes":[]},{"id":62950,"url":"http:\/\/www.24baires.com\/?p=62950","url_meta":{"origin":62939,"position":4},"title":"Arroyo Salgado dijo que \u00aba Nisman lo habr\u00edan matado por dinero\u00bb","author":"Grupo Sierra","date":"10\/03\/2015","format":false,"excerpt":"La exde Nisman se present\u00f3 el lunes a declarar de forma sorpresiva para ampliar su testimonio como querellante en la causa. Revel\u00f3 su hip\u00f3tesis que la hace pensar que fue un \"asesinato\". Tendr\u00eda que ver con un tema econ\u00f3mico. El lunes a la tarde, la jueza de San Isidro, Sandra\u2026","rel":"","context":"En \u00abJUDICIALES\u00bb","block_context":{"text":"JUDICIALES","link":"http:\/\/www.24baires.com\/?cat=68"},"img":{"alt_text":"arroyo_salgado_senado nisman","src":"https:\/\/i0.wp.com\/www.24baires.com\/wp-content\/uploads\/2015\/02\/arroyo_salgado_senado-nisman.jpg?resize=350%2C200","width":350,"height":200,"srcset":"https:\/\/i0.wp.com\/www.24baires.com\/wp-content\/uploads\/2015\/02\/arroyo_salgado_senado-nisman.jpg?resize=350%2C200 1x, https:\/\/i0.wp.com\/www.24baires.com\/wp-content\/uploads\/2015\/02\/arroyo_salgado_senado-nisman.jpg?resize=525%2C300 1.5x"},"classes":[]},{"id":106442,"url":"http:\/\/www.24baires.com\/?p=106442","url_meta":{"origin":62939,"position":5},"title":"Lagomarsino, sobre Nisman: \u00abSigo pensando que se suicid\u00f3\u00bb","author":"AF","date":"18\/01\/2019","format":false,"excerpt":"\"Alberto me traicion\u00f3, me meti\u00f3 en una situaci\u00f3n para nada agradable. Pero a pesar de eso lo perdon\u00e9. Si tuvo que matarse con mi arma, lo perdono, le perdono que me haya metido en este problema\", resalt\u00f3 adem\u00e1s Diego Lagomarsino. Al cumplirse cuatro a\u00f1os de la muerte del fiscal Alberto\u2026","rel":"","context":"En \u00abSociedad\u00bb","block_context":{"text":"Sociedad","link":"http:\/\/www.24baires.com\/?cat=1"},"img":{"alt_text":"","src":"https:\/\/i0.wp.com\/www.24baires.com\/wp-content\/uploads\/2015\/01\/lagomarsino-11.jpg?resize=350%2C200","width":350,"height":200,"srcset":"https:\/\/i0.wp.com\/www.24baires.com\/wp-content\/uploads\/2015\/01\/lagomarsino-11.jpg?resize=350%2C200 1x, https:\/\/i0.wp.com\/www.24baires.com\/wp-content\/uploads\/2015\/01\/lagomarsino-11.jpg?resize=525%2C300 1.5x"},"classes":[]}],"jetpack_sharing_enabled":true,"jetpack_likes_enabled":true,"jetpack_featured_media_url":"","_links":{"self":[{"href":"http:\/\/www.24baires.com\/index.php?rest_route=\/wp\/v2\/posts\/62939","targetHints":{"allow":["GET"]}}],"collection":[{"href":"http:\/\/www.24baires.com\/index.php?rest_route=\/wp\/v2\/posts"}],"about":[{"href":"http:\/\/www.24baires.com\/index.php?rest_route=\/wp\/v2\/types\/post"}],"author":[{"embeddable":true,"href":"http:\/\/www.24baires.com\/index.php?rest_route=\/wp\/v2\/users\/8"}],"replies":[{"embeddable":true,"href":"http:\/\/www.24baires.com\/index.php?rest_route=%2Fwp%2Fv2%2Fcomments&post=62939"}],"version-history":[{"count":1,"href":"http:\/\/www.24baires.com\/index.php?rest_route=\/wp\/v2\/posts\/62939\/revisions"}],"predecessor-version":[{"id":62941,"href":"http:\/\/www.24baires.com\/index.php?rest_route=\/wp\/v2\/posts\/62939\/revisions\/62941"}],"wp:attachment":[{"href":"http:\/\/www.24baires.com\/index.php?rest_route=%2Fwp%2Fv2%2Fmedia&parent=62939"}],"wp:term":[{"taxonomy":"category","embeddable":true,"href":"http:\/\/www.24baires.com\/index.php?rest_route=%2Fwp%2Fv2%2Fcategories&post=62939"},{"taxonomy":"post_tag","embeddable":true,"href":"http:\/\/www.24baires.com\/index.php?rest_route=%2Fwp%2Fv2%2Ftags&post=62939"}],"curies":[{"name":"wp","href":"https:\/\/api.w.org\/{rel}","templated":true}]}}