{"id":62913,"date":"2015-03-10T10:26:07","date_gmt":"2015-03-10T13:26:07","guid":{"rendered":"http:\/\/www.24baires.com\/?p=62913"},"modified":"2015-03-11T10:36:31","modified_gmt":"2015-03-11T13:36:31","slug":"en-cualquier-lugar-del-mundo-lagomarsino-estaria-detenido-reitero-anibal-fernandez","status":"publish","type":"post","link":"http:\/\/www.24baires.com\/?p=62913","title":{"rendered":"\u00abEn cualquier lugar del mundo Lagomarsino estar\u00eda detenido\u00bb, reiter\u00f3 An\u00edbal Fern\u00e1ndez"},"content":{"rendered":"<p><img data-recalc-dims=\"1\" loading=\"lazy\" decoding=\"async\" src=\"https:\/\/i0.wp.com\/www.24baires.com\/wp-content\/uploads\/2015\/01\/anibal.jpg?resize=560%2C373\" alt=\"anibal\" width=\"560\" height=\"373\" class=\"aligncenter size-full wp-image-60580\" srcset=\"https:\/\/i0.wp.com\/www.24baires.com\/wp-content\/uploads\/2015\/01\/anibal.jpg?w=560 560w, https:\/\/i0.wp.com\/www.24baires.com\/wp-content\/uploads\/2015\/01\/anibal.jpg?resize=300%2C200 300w\" sizes=\"auto, (max-width: 560px) 100vw, 560px\" \/>El jefe de Gabinete, An\u00edbal Fern\u00e1ndez, reiter\u00f3 que \u00aben cualquier pa\u00eds del mundo, una persona que est\u00e1 en las condiciones de (Diego) Lagomarsino estar\u00eda detenida\u00bb. De esta forma, el funcionario volvi\u00f3 a referirse a la situaci\u00f3n del t\u00e9cnico inform\u00e1tico que admiti\u00f3 haberle entregado al fiscal Alberto Nisman el arma de la que sali\u00f3 la bala que lo mat\u00f3 el pasado 18 de enero en su departamento de la torre Le Parc, en el barrio porte\u00f1o de Puerto Madero.<!--more--><\/p>\n<p>\u00abA m\u00ed me parece que en cualquier pa\u00eds del mundo alguien que va a facilitar un arma con la cual se dio muerte a una persona, en cualquiera de las condiciones, porque yo nunca califiqu\u00e9 ni voy a calificar hasta que un cient\u00edfico diga realmente cu\u00e1l fue la causa de la muerte de Nisman, a m\u00ed me da la sensaci\u00f3n de que estar\u00eda detenido, no tengo ninguna duda de eso\u00bb, dijo Fern\u00e1ndez.<\/p>\n<p>En tanto, al ser consultado sobre el testimonio que brind\u00f3 Lagomarsino al programa de TV norteamericano \u00ab60 minutos\u00bb, respondi\u00f3: \u201cNo, no lo vi, pero Lagomarsino no puede decir nada nuevo. Lo mejor que puede hacer es ir y participar en un programa de televisi\u00f3n en el extranjero que no le pueden repreguntar sobre las cosas que realmente sabemos que est\u00e1n pasando\u00bb.<\/p>\n<p>En ese sentido, el ministro coordinador dijo que \u00abah\u00ed la lecci\u00f3n del doctor (Maximiliano) Rusconi surte efecto como un abogado caro que no se sabe qui\u00e9n lo paga, que se dedica a ense\u00f1arle a este se\u00f1or (por Lagomarsino) lo que no tiene que decir o c\u00f3mo lo tiene que decir\u00bb.<\/p>\n<p>\u00abUstedes, la prensa, son los testigos, porque cuando dijo que el arma se la dio primero porque estaba preocupado por su seguridad, despu\u00e9s dice que el arma estaba vieja y con munici\u00f3n h\u00fameda, \u00a1qu\u00e9 gauchito el amigo! \u00bfEst\u00e1 preocupado por la seguridad y le da un arma vieja con la munici\u00f3n h\u00fameda?\u00bb, agreg\u00f3 Fern\u00e1ndez a los periodistas antes de ingresar a Casa de Gobierno.<\/p>\n<p>Y concluy\u00f3: \u00abSi no nos damos cuenta entre todos de que lo que est\u00e1n haciendo es armarle una explicaci\u00f3n te\u00f3rica que se parezca a una realidad ficticia, estamos equivoc\u00e1ndonos de camino\u00bb.<\/p>\n","protected":false},"excerpt":{"rendered":"<p>El jefe de Gabinete, An\u00edbal Fern\u00e1ndez, reiter\u00f3 que \u00aben cualquier pa\u00eds del mundo, una persona que est\u00e1 en las condiciones de (Diego) Lagomarsino estar\u00eda detenida\u00bb. De esta forma, el funcionario volvi\u00f3 a referirse a la situaci\u00f3n del t\u00e9cnico inform\u00e1tico que admiti\u00f3 haberle entregado al fiscal Alberto Nisman el arma de la que sali\u00f3 la bala que lo mat\u00f3 el pasado [&#8230;]<\/p>\n","protected":false},"author":4,"featured_media":0,"comment_status":"open","ping_status":"open","sticky":false,"template":"","format":"standard","meta":{"_jetpack_newsletter_access":"","_jetpack_dont_email_post_to_subs":false,"_jetpack_newsletter_tier_id":0,"_jetpack_memberships_contains_paywalled_content":false,"_jetpack_memberships_contains_paid_content":false,"footnotes":""},"categories":[51],"tags":[],"class_list":["post-62913","post","type-post","status-publish","format-standard","hentry","category-politica"],"jetpack_shortlink":"https:\/\/wp.me\/p2JWE0-gmJ","jetpack-related-posts":[{"id":62790,"url":"http:\/\/www.24baires.com\/?p=62790","url_meta":{"origin":62913,"position":0},"title":"\u00abEn cualquier pa\u00eds Lagomarsino estar\u00eda detenido\u00bb","author":"Grupo Sierra","date":"07\/03\/2015","format":false,"excerpt":"El jefe de Gabinete lo afirm\u00f3 al tratarse de \"la persona que aport\u00f3 el arma\" de la que sali\u00f3 el disparo que mat\u00f3 al fiscal Nisman. Al volver a tomar distancia de la pericia de parte presentada la jueza Sandra Arroyo Salgado, Fern\u00e1ndez record\u00f3 que en la investigaci\u00f3n que lleva\u2026","rel":"","context":"En \u00abLegislativo\u00bb","block_context":{"text":"Legislativo","link":"http:\/\/www.24baires.com\/?cat=75"},"img":{"alt_text":"fern\u00e1ndez an\u00edbal","src":"https:\/\/i0.wp.com\/www.24baires.com\/wp-content\/uploads\/2012\/11\/fern%C3%A1ndez-an%C3%ADbal.jpg?resize=350%2C200","width":350,"height":200,"srcset":"https:\/\/i0.wp.com\/www.24baires.com\/wp-content\/uploads\/2012\/11\/fern%C3%A1ndez-an%C3%ADbal.jpg?resize=350%2C200 1x, https:\/\/i0.wp.com\/www.24baires.com\/wp-content\/uploads\/2012\/11\/fern%C3%A1ndez-an%C3%ADbal.jpg?resize=525%2C300 1.5x"},"classes":[]},{"id":60876,"url":"http:\/\/www.24baires.com\/?p=60876","url_meta":{"origin":62913,"position":1},"title":"Seg\u00fan el abogado de Lagomarsino, \u00abprestar un arma no es delito\u00bb","author":"GB","date":"28\/01\/2015","format":false,"excerpt":"Maximiliano Rusconi se present\u00f3 en la fiscal\u00eda de Viviana Fein. Pedir\u00e1 que la Justicia cite a declarar a Cristina y a An\u00edbal Fern\u00e1ndez. El abogado de Diego Lagomarsino, \u00fanico imputado en el marco de la causa en la que se investiga la muerte del fiscal Alberto Nisman, se present\u00f3 en\u2026","rel":"","context":"En \u00abPol\u00edtica\u00bb","block_context":{"text":"Pol\u00edtica","link":"http:\/\/www.24baires.com\/?cat=51"},"img":{"alt_text":"lagomarsino-1","src":"https:\/\/i0.wp.com\/www.24baires.com\/wp-content\/uploads\/2015\/01\/lagomarsino-1.jpg?resize=350%2C200","width":350,"height":200,"srcset":"https:\/\/i0.wp.com\/www.24baires.com\/wp-content\/uploads\/2015\/01\/lagomarsino-1.jpg?resize=350%2C200 1x, https:\/\/i0.wp.com\/www.24baires.com\/wp-content\/uploads\/2015\/01\/lagomarsino-1.jpg?resize=525%2C300 1.5x"},"classes":[]},{"id":60626,"url":"http:\/\/www.24baires.com\/?p=60626","url_meta":{"origin":62913,"position":2},"title":"Lagomarsino ser\u00e1 custodiado por Gendarmer\u00eda","author":"Grupo Sierra","date":"24\/01\/2015","format":false,"excerpt":"La jueza Palmaghini respondi\u00f3 as\u00ed al ofrecimiento que la Ministra de Seguridad, Mar\u00eda Cecilia Rodr\u00edguez y el hombre que le dio el arma al fallecido fiscal Nisman recibir\u00e1 custodia. Gendarmer\u00eda Nacional, a pedido de la jueza Fabiana Palmaghini, ya se encuentra custodiando a Diego Lagomarsino, el hombre que le entreg\u00f3\u2026","rel":"","context":"En \u00abJUDICIALES\u00bb","block_context":{"text":"JUDICIALES","link":"http:\/\/www.24baires.com\/?cat=68"},"img":{"alt_text":"","src":"https:\/\/i0.wp.com\/www.24baires.com\/wp-content\/uploads\/2015\/01\/lagormarsino.jpg?resize=350%2C200","width":350,"height":200,"srcset":"https:\/\/i0.wp.com\/www.24baires.com\/wp-content\/uploads\/2015\/01\/lagormarsino.jpg?resize=350%2C200 1x, https:\/\/i0.wp.com\/www.24baires.com\/wp-content\/uploads\/2015\/01\/lagormarsino.jpg?resize=525%2C300 1.5x"},"classes":[]},{"id":64273,"url":"http:\/\/www.24baires.com\/?p=64273","url_meta":{"origin":62913,"position":3},"title":"An\u00edbal consider\u00f3 que \u00abhay cosas muy raras\u201d en el comportamiento de la madre de Nisman","author":"GB","date":"15\/04\/2015","format":false,"excerpt":"El jefe de Gabinete record\u00f3 que \u201cen pleno duelo\u201d por la muerte de su hijo, Sara Garfunkel fue \u201cal banco para sacar las cosas de la caja\u201d, y no inform\u00f3 que en su casa ten\u00eda \u201cun arma de las mismas caracter\u00edsticas a la que le hab\u00eda provisto Diego Lagomarsino\u201d. El\u2026","rel":"","context":"En \u00abPol\u00edtica\u00bb","block_context":{"text":"Pol\u00edtica","link":"http:\/\/www.24baires.com\/?cat=51"},"img":{"alt_text":"anibal conferencia","src":"https:\/\/i0.wp.com\/www.24baires.com\/wp-content\/uploads\/2015\/04\/anibal-conferencia.jpg?resize=350%2C200","width":350,"height":200,"srcset":"https:\/\/i0.wp.com\/www.24baires.com\/wp-content\/uploads\/2015\/04\/anibal-conferencia.jpg?resize=350%2C200 1x, https:\/\/i0.wp.com\/www.24baires.com\/wp-content\/uploads\/2015\/04\/anibal-conferencia.jpg?resize=525%2C300 1.5x"},"classes":[]},{"id":60746,"url":"http:\/\/www.24baires.com\/?p=60746","url_meta":{"origin":62913,"position":4},"title":"Fein imput\u00f3 a Lagomarsino por facilitarle el arma a Nisman","author":"GB","date":"26\/01\/2015","format":false,"excerpt":"Es por el delito que conlleva el haber prestado un arma de fuego a quien no era su leg\u00edtimo due\u00f1o. Se trata del Bersa calibre 22 que fue hallada junto al cuerpo del fiscal Nisman en su departamento de Puerto Madero. La fiscal a cargo de la investigaci\u00f3n por la\u2026","rel":"","context":"En \u00abPol\u00edtica\u00bb","block_context":{"text":"Pol\u00edtica","link":"http:\/\/www.24baires.com\/?cat=51"},"img":{"alt_text":"lagomarsino-1","src":"https:\/\/i0.wp.com\/www.24baires.com\/wp-content\/uploads\/2015\/01\/lagomarsino-1.jpg?resize=350%2C200","width":350,"height":200,"srcset":"https:\/\/i0.wp.com\/www.24baires.com\/wp-content\/uploads\/2015\/01\/lagomarsino-1.jpg?resize=350%2C200 1x, https:\/\/i0.wp.com\/www.24baires.com\/wp-content\/uploads\/2015\/01\/lagomarsino-1.jpg?resize=525%2C300 1.5x"},"classes":[]},{"id":60611,"url":"http:\/\/www.24baires.com\/?p=60611","url_meta":{"origin":62913,"position":5},"title":"Proh\u00edben a Lagomarsino salir del pa\u00eds","author":"AF","date":"23\/01\/2015","format":false,"excerpt":"La jueza Flavia Palmaghini dispuso la prohibici\u00f3n de salida del pa\u00eds de Diego Lagomarsino, el colaborador de Alberto Nisman que le facilit\u00f3 el arma y lo vio por \u00faltima vez. La jueza Flavia Palmaghini dispuso la prohibici\u00f3n de salida del pa\u00eds de Diego Lagomarsino, el colaborador de Alberto Nisman que\u2026","rel":"","context":"En \u00abJUDICIALES\u00bb","block_context":{"text":"JUDICIALES","link":"http:\/\/www.24baires.com\/?cat=68"},"img":{"alt_text":"","src":"","width":0,"height":0},"classes":[]}],"jetpack_sharing_enabled":true,"jetpack_likes_enabled":true,"jetpack_featured_media_url":"","_links":{"self":[{"href":"http:\/\/www.24baires.com\/index.php?rest_route=\/wp\/v2\/posts\/62913","targetHints":{"allow":["GET"]}}],"collection":[{"href":"http:\/\/www.24baires.com\/index.php?rest_route=\/wp\/v2\/posts"}],"about":[{"href":"http:\/\/www.24baires.com\/index.php?rest_route=\/wp\/v2\/types\/post"}],"author":[{"embeddable":true,"href":"http:\/\/www.24baires.com\/index.php?rest_route=\/wp\/v2\/users\/4"}],"replies":[{"embeddable":true,"href":"http:\/\/www.24baires.com\/index.php?rest_route=%2Fwp%2Fv2%2Fcomments&post=62913"}],"version-history":[{"count":1,"href":"http:\/\/www.24baires.com\/index.php?rest_route=\/wp\/v2\/posts\/62913\/revisions"}],"predecessor-version":[{"id":62914,"href":"http:\/\/www.24baires.com\/index.php?rest_route=\/wp\/v2\/posts\/62913\/revisions\/62914"}],"wp:attachment":[{"href":"http:\/\/www.24baires.com\/index.php?rest_route=%2Fwp%2Fv2%2Fmedia&parent=62913"}],"wp:term":[{"taxonomy":"category","embeddable":true,"href":"http:\/\/www.24baires.com\/index.php?rest_route=%2Fwp%2Fv2%2Fcategories&post=62913"},{"taxonomy":"post_tag","embeddable":true,"href":"http:\/\/www.24baires.com\/index.php?rest_route=%2Fwp%2Fv2%2Ftags&post=62913"}],"curies":[{"name":"wp","href":"https:\/\/api.w.org\/{rel}","templated":true}]}}