{"id":62883,"date":"2015-03-09T16:43:24","date_gmt":"2015-03-09T19:43:24","guid":{"rendered":"http:\/\/www.24baires.com\/?p=62883"},"modified":"2015-03-09T16:43:24","modified_gmt":"2015-03-09T19:43:24","slug":"la-policia-local-no-responde-a-ninguna-bandera-politica-aseguro-granados","status":"publish","type":"post","link":"http:\/\/www.24baires.com\/?p=62883","title":{"rendered":"\u00abLa polic\u00eda local no responde a ninguna bandera pol\u00edtica\u00bb, asegur\u00f3 Granados"},"content":{"rendered":"<p><img data-recalc-dims=\"1\" loading=\"lazy\" decoding=\"async\" class=\"aligncenter size-full wp-image-48992\" src=\"https:\/\/i0.wp.com\/www.24baires.com\/wp-content\/uploads\/2014\/06\/scioli-granados.jpg?resize=560%2C314\" alt=\"scioli - granados\" width=\"560\" height=\"314\" srcset=\"https:\/\/i0.wp.com\/www.24baires.com\/wp-content\/uploads\/2014\/06\/scioli-granados.jpg?w=560 560w, https:\/\/i0.wp.com\/www.24baires.com\/wp-content\/uploads\/2014\/06\/scioli-granados.jpg?resize=300%2C168 300w\" sizes=\"auto, (max-width: 560px) 100vw, 560px\" \/>As\u00ed lo asegur\u00f3 el ministro de Seguridad bonaerense, durante la presentaci\u00f3n de la fuerza en Malvinas Argentinas y Hurlingham.<!--more--><\/p>\n<p>El ministro de Seguridad bonaerense, Alejandro Granados, asegur\u00f3 que \u00abla polic\u00eda de prevenci\u00f3n local no responde a ninguna bandera pol\u00edtica, sino que tiene la vocaci\u00f3n de prevenir el delito\u00bb, al poner en marcha dicha fuerza en los distritos de Malvinas Argentinas y Hurlingham.<\/p>\n<p>\u00abCon esta organizaci\u00f3n y estos integrantes de la academia tendr\u00e1n a una de las mejores polic\u00edas locales de la Provincia\u00bb, dijo Granados al valorar la formaci\u00f3n de los integrantes de la flamante fuerza policial.<\/p>\n<p>Acompa\u00f1ado de los intendentes Jes\u00fas Cariglino, de Malvinas Argentinas y Luis Acu\u00f1a, de Hurlingam, el ministro dijo que \u00abla ciudadan\u00eda est\u00e1 encantada con nuestra Polic\u00eda Local\u00bb y resalt\u00f3 la decisi\u00f3n del gobernador, Daniel Scioli, por firmar el decreto que estableci\u00f3 la fuerza, que ya comenz\u00f3 a funcionar en Ezeiza y Avellaneda, y a la que adhirieron un total de 53 comunas.<\/p>\n<p>Seg\u00fan se precis\u00f3, Malvinas Argentinas cuenta desde hoy con 350 agentes que se suman a las tareas preventivas, y Hurlingham tendr\u00e1 110, de un total de 15.000 efectivos que antes de julio trabajar\u00e1n en la prevenci\u00f3n del delito en toda la provincia.<\/p>\n<p>&nbsp;<\/p>\n<p>&nbsp;<\/p>\n<p>&nbsp;<\/p>\n<p>&nbsp;<\/p>\n<p>&nbsp;<\/p>\n<p>&nbsp;<\/p>\n<p>&nbsp;<\/p>\n<p>&nbsp;<\/p>\n<p>&nbsp;<\/p>\n<p>&nbsp;<\/p>\n","protected":false},"excerpt":{"rendered":"<p>As\u00ed lo asegur\u00f3 el ministro de Seguridad bonaerense, durante la presentaci\u00f3n de la fuerza en Malvinas Argentinas y Hurlingham.<\/p>\n","protected":false},"author":8,"featured_media":0,"comment_status":"open","ping_status":"open","sticky":false,"template":"","format":"standard","meta":{"_jetpack_newsletter_access":"","_jetpack_dont_email_post_to_subs":false,"_jetpack_newsletter_tier_id":0,"_jetpack_memberships_contains_paywalled_content":false,"_jetpack_memberships_contains_paid_content":false,"footnotes":""},"categories":[51],"tags":[],"class_list":["post-62883","post","type-post","status-publish","format-standard","hentry","category-politica"],"jetpack_shortlink":"https:\/\/wp.me\/p2JWE0-gmf","jetpack-related-posts":[{"id":58999,"url":"http:\/\/www.24baires.com\/?p=58999","url_meta":{"origin":62883,"position":0},"title":"Granados puso en marcha el \u00faltimo CPC en la Provincia","author":"GB","date":"22\/12\/2014","format":false,"excerpt":"El ministro de Seguridad, Alejandro Granados, cumpli\u00f3 hoy una agenda de trabajo en los municipios de Almirante Brown, Malvinas Argentinas y Hurlingham, donde puso en marcha, el \u00faltimo Comando de Prevenci\u00f3n Comunitaria en la Provincia y entreg\u00f3 m\u00f3viles policiales para la prevenci\u00f3n. Granados enfatiz\u00f3 que \u201chay miles de cosas para\u2026","rel":"","context":"En \u00abProvincia\u00bb","block_context":{"text":"Provincia","link":"http:\/\/www.24baires.com\/?cat=40"},"img":{"alt_text":"","src":"https:\/\/i0.wp.com\/www.24baires.com\/wp-content\/uploads\/2014\/12\/granados-y-cariglino.jpg?resize=350%2C200","width":350,"height":200,"srcset":"https:\/\/i0.wp.com\/www.24baires.com\/wp-content\/uploads\/2014\/12\/granados-y-cariglino.jpg?resize=350%2C200 1x, https:\/\/i0.wp.com\/www.24baires.com\/wp-content\/uploads\/2014\/12\/granados-y-cariglino.jpg?resize=525%2C300 1.5x"},"classes":[]},{"id":117352,"url":"http:\/\/www.24baires.com\/?p=117352","url_meta":{"origin":62883,"position":1},"title":"Kicillof y Berni entregar\u00e1n patrulleros en Mar del Plata","author":"GB","date":"25\/03\/2021","format":false,"excerpt":"En medios de nuevas tensiones con Frederic, el ministro de Seguridad bonaerense compartir\u00e1 escenario con el gobernador El gobernador Axel Kicillof visitar\u00e1 Mar del Plata junto a su ministro de Seguridad, Sergio Berni, para encabezar el acto de entrega de 40 patrulleros, que se realizar\u00e1 en el polideportivo Islas Malvinas\u2026","rel":"","context":"En \u00abProvincia\u00bb","block_context":{"text":"Provincia","link":"http:\/\/www.24baires.com\/?cat=40"},"img":{"alt_text":"","src":"https:\/\/i0.wp.com\/www.24baires.com\/wp-content\/uploads\/2021\/03\/20210325072440_kicillof.jpg?resize=350%2C200","width":350,"height":200,"srcset":"https:\/\/i0.wp.com\/www.24baires.com\/wp-content\/uploads\/2021\/03\/20210325072440_kicillof.jpg?resize=350%2C200 1x, https:\/\/i0.wp.com\/www.24baires.com\/wp-content\/uploads\/2021\/03\/20210325072440_kicillof.jpg?resize=525%2C300 1.5x"},"classes":[]},{"id":116025,"url":"http:\/\/www.24baires.com\/?p=116025","url_meta":{"origin":62883,"position":2},"title":"Fern\u00e1ndez asegura que el Gobierno nacional est\u00e1 dando \u00abotro paso\u00bb despu\u00e9s \u00abde dos pandemias\u00bb","author":"AF","date":"21\/08\/2020","format":false,"excerpt":"El Presidente anunci\u00f3 obras de infraestructura para los partidos bonaerenses de San Fernando, Escobar y Malvinas Argentinas, por una inversi\u00f3n de casi 2.600 millones de pesos. El presidente Alberto Fern\u00e1ndez present\u00f3 como \"otro paso\" para \"poner de pie a la Argentina\" las mejoras en el servicio de Ferrocarriles que hoy\u2026","rel":"","context":"En \u00abPol\u00edtica\u00bb","block_context":{"text":"Pol\u00edtica","link":"http:\/\/www.24baires.com\/?cat=51"},"img":{"alt_text":"","src":"https:\/\/i0.wp.com\/www.24baires.com\/wp-content\/uploads\/2020\/08\/alberto-fern%C3%A1ndez.jpg?resize=350%2C200","width":350,"height":200,"srcset":"https:\/\/i0.wp.com\/www.24baires.com\/wp-content\/uploads\/2020\/08\/alberto-fern%C3%A1ndez.jpg?resize=350%2C200 1x, https:\/\/i0.wp.com\/www.24baires.com\/wp-content\/uploads\/2020\/08\/alberto-fern%C3%A1ndez.jpg?resize=525%2C300 1.5x"},"classes":[]},{"id":116419,"url":"http:\/\/www.24baires.com\/?p=116419","url_meta":{"origin":62883,"position":3},"title":"Berni aclar\u00f3 que ning\u00fan municipio est\u00e1 autorizado a utilizar pistolas Taser","author":"AF","date":"07\/10\/2020","format":false,"excerpt":"El ministro de Seguridad bonaerense asegur\u00f3 que \"hay que dejar de hacer demagogia y pensar en c\u00f3mo aplicar el Plan Integral de Seguridad, que se trabaj\u00f3 con el Gobierno nacional\". Sergio Berni cuestion\u00f3 este mi\u00e9rcoles la iniciativa del partido de Lan\u00fas de adquirir pistolas Taser ya que \"ese distrito no\u2026","rel":"","context":"En \u00abProvincia\u00bb","block_context":{"text":"Provincia","link":"http:\/\/www.24baires.com\/?cat=40"},"img":{"alt_text":"","src":"https:\/\/i0.wp.com\/www.24baires.com\/wp-content\/uploads\/2015\/02\/berni.jpg?resize=350%2C200","width":350,"height":200,"srcset":"https:\/\/i0.wp.com\/www.24baires.com\/wp-content\/uploads\/2015\/02\/berni.jpg?resize=350%2C200 1x, https:\/\/i0.wp.com\/www.24baires.com\/wp-content\/uploads\/2015\/02\/berni.jpg?resize=525%2C300 1.5x"},"classes":[]},{"id":48161,"url":"http:\/\/www.24baires.com\/?p=48161","url_meta":{"origin":62883,"position":4},"title":"Granados visit\u00f3 Malvinas Argentinas para hablar de seguridad con Cariglino","author":"AF","date":"17\/06\/2014","format":false,"excerpt":"El intendente de Malvinas Argentinas, Jes\u00fas Cariglino, recibi\u00f3 la visita del ministro de Seguridad, Alejandro Granados, con quien se reuni\u00f3 por 45 minutos y hablaron sobre seguridad y temas de actualidad provincial. El jefe comunal asegur\u00f3 que en poco tiempo estar\u00e1 listo el edificio que donar\u00e1 el municipio a la\u2026","rel":"","context":"En \u00abLocales\u00bb","block_context":{"text":"Locales","link":"http:\/\/www.24baires.com\/?cat=38"},"img":{"alt_text":"granados cariglino","src":"https:\/\/i0.wp.com\/www.24baires.com\/wp-content\/uploads\/2014\/06\/granados-cariglino.jpg?resize=350%2C200","width":350,"height":200},"classes":[]},{"id":119690,"url":"http:\/\/www.24baires.com\/?p=119690","url_meta":{"origin":62883,"position":5},"title":"Fern\u00e1ndez asegur\u00f3 que la usurpaci\u00f3n de Malvinas \u00abdeber\u00eda avergonzar a todo el mundo\u00bb","author":"AF","date":"03\/01\/2023","format":false,"excerpt":"El Presidente encabez\u00f3 la inauguraci\u00f3n, junto al ministro de Defensa, Jorge Taiana, de un monumento conmemorativo de las Malvinas construido por el Astillero Tandanor frente al Edificio Libertador. El presidente Alberto Fern\u00e1ndez advirti\u00f3 hoy que la usurpaci\u00f3n de las Islas Malvinas por parte del Reino Unido \"deber\u00eda avergonzar a todo\u2026","rel":"","context":"En \u00abSociedad\u00bb","block_context":{"text":"Sociedad","link":"http:\/\/www.24baires.com\/?cat=1"},"img":{"alt_text":"","src":"https:\/\/i0.wp.com\/www.24baires.com\/wp-content\/uploads\/2023\/01\/malvinas.jpg?resize=350%2C200","width":350,"height":200,"srcset":"https:\/\/i0.wp.com\/www.24baires.com\/wp-content\/uploads\/2023\/01\/malvinas.jpg?resize=350%2C200 1x, https:\/\/i0.wp.com\/www.24baires.com\/wp-content\/uploads\/2023\/01\/malvinas.jpg?resize=525%2C300 1.5x, https:\/\/i0.wp.com\/www.24baires.com\/wp-content\/uploads\/2023\/01\/malvinas.jpg?resize=700%2C400 2x, https:\/\/i0.wp.com\/www.24baires.com\/wp-content\/uploads\/2023\/01\/malvinas.jpg?resize=1050%2C600 3x"},"classes":[]}],"jetpack_sharing_enabled":true,"jetpack_likes_enabled":true,"jetpack_featured_media_url":"","_links":{"self":[{"href":"http:\/\/www.24baires.com\/index.php?rest_route=\/wp\/v2\/posts\/62883","targetHints":{"allow":["GET"]}}],"collection":[{"href":"http:\/\/www.24baires.com\/index.php?rest_route=\/wp\/v2\/posts"}],"about":[{"href":"http:\/\/www.24baires.com\/index.php?rest_route=\/wp\/v2\/types\/post"}],"author":[{"embeddable":true,"href":"http:\/\/www.24baires.com\/index.php?rest_route=\/wp\/v2\/users\/8"}],"replies":[{"embeddable":true,"href":"http:\/\/www.24baires.com\/index.php?rest_route=%2Fwp%2Fv2%2Fcomments&post=62883"}],"version-history":[{"count":1,"href":"http:\/\/www.24baires.com\/index.php?rest_route=\/wp\/v2\/posts\/62883\/revisions"}],"predecessor-version":[{"id":62884,"href":"http:\/\/www.24baires.com\/index.php?rest_route=\/wp\/v2\/posts\/62883\/revisions\/62884"}],"wp:attachment":[{"href":"http:\/\/www.24baires.com\/index.php?rest_route=%2Fwp%2Fv2%2Fmedia&parent=62883"}],"wp:term":[{"taxonomy":"category","embeddable":true,"href":"http:\/\/www.24baires.com\/index.php?rest_route=%2Fwp%2Fv2%2Fcategories&post=62883"},{"taxonomy":"post_tag","embeddable":true,"href":"http:\/\/www.24baires.com\/index.php?rest_route=%2Fwp%2Fv2%2Ftags&post=62883"}],"curies":[{"name":"wp","href":"https:\/\/api.w.org\/{rel}","templated":true}]}}