{"id":62858,"date":"2015-03-09T11:30:00","date_gmt":"2015-03-09T14:30:00","guid":{"rendered":"http:\/\/www.24baires.com\/?p=62858"},"modified":"2015-03-09T11:59:38","modified_gmt":"2015-03-09T14:59:38","slug":"el-gobernador-nego-que-desde-el-kirchnerismo-hayan-bajado-a-marangoni","status":"publish","type":"post","link":"http:\/\/www.24baires.com\/?p=62858","title":{"rendered":"El Gobernador neg\u00f3 que desde el kirchnerismo hayan \u00abbajado\u00bb a Marangoni"},"content":{"rendered":"<p><a href=\"https:\/\/i0.wp.com\/www.24baires.com\/wp-content\/uploads\/2015\/03\/wpid-wp-1425912526328.png\"><img data-recalc-dims=\"1\" decoding=\"async\" title=\"wp-1425912526328\" class=\"alignleft size-full\"  alt=\"image\" src=\"https:\/\/i0.wp.com\/www.24baires.com\/wp-content\/uploads\/2015\/03\/wpid-wp-1425912526328.png?w=860\" \/><\/a><\/p>\n<p>El gobernador bonaerense, Daniel Scioli, evit\u00f3 confrontar con el kirchnerismo, luego que en el cierre de listas en la Ciudad de Buenos Aires, el FpV decidiera marginar la candidatura del presidente del Banco Provincia, Gustavo Marangoni, que ni siquiera logr\u00f3 un lugar en la n\u00f3mina de legisladores.<!--more--> <\/p>\n<p>\u00abMarangoni, que es una persona inteligente, facilit\u00f3 esto con su decisi\u00f3n. No era cuesti\u00f3n de que se bajaba, era una cuesti\u00f3n de responsabilidad\u00bb, se\u00f1al\u00f3 Scioli, quien a su vez evit\u00f3 brindarle su apoyo al titular de Aerol\u00edneas Argentinas y dirigente de La C\u00e1mpora, Mariano Recalde.<\/p>\n<p>En di\u00e1logo con radio El Mundo, despu\u00e9s del cierre de listas, el gobernador sostuvo que \u00abno es como se dice, que lo bajaron\u00bb a su delf\u00edn de la elecci\u00f3n porte\u00f1a, la que ser\u00e1 una gran vidriera de los comicios presidenciales de octubre. \u201cEs una cuesti\u00f3n de responsabilidad, \u00e9l evalu\u00f3 y dijo si yo puedo contribuir desde un protagonismo bueno, ser\u00e1 desde otro lugar\u00bb, se\u00f1al\u00f3.<\/p>\n<p>El kirchnerismo en la Ciudad tendr\u00e1 cinco candidatos para las Primarias de abril: Mariano Recalde, An\u00edbal Ibarra, Carlos Heller, Gustavo L\u00f3pez y Gabriela Cerruti. En ese contexto, Scioli evit\u00f3 responder si apoyar\u00e1 la precandidatura de Recalde, y respondi\u00f3 que \u00ablo importante\u00bb es que despu\u00e9s de las PASO en la Ciudad \u00abquede fortalecido el candidato del Frente de la Victoria\u00bb.<\/p>\n","protected":false},"excerpt":{"rendered":"<p>El gobernador bonaerense, Daniel Scioli, evit\u00f3 confrontar con el kirchnerismo, luego que en el cierre de listas en la Ciudad de Buenos Aires, el FpV decidiera marginar la candidatura del presidente del Banco Provincia, Gustavo Marangoni, que ni siquiera logr\u00f3 un lugar en la n\u00f3mina de legisladores.<\/p>\n","protected":false},"author":4,"featured_media":0,"comment_status":"open","ping_status":"open","sticky":false,"template":"","format":"standard","meta":{"_jetpack_newsletter_access":"","_jetpack_dont_email_post_to_subs":false,"_jetpack_newsletter_tier_id":0,"_jetpack_memberships_contains_paywalled_content":false,"_jetpack_memberships_contains_paid_content":false,"footnotes":""},"categories":[51],"tags":[],"class_list":["post-62858","post","type-post","status-publish","format-standard","hentry","category-politica"],"jetpack_shortlink":"https:\/\/wp.me\/p2JWE0-glQ","jetpack-related-posts":[{"id":62846,"url":"http:\/\/www.24baires.com\/?p=62846","url_meta":{"origin":62858,"position":0},"title":"Daniel Scioli dijo que no responder\u00e1 \u00aba ninguna provocaci\u00f3n pol\u00edtica ni medi\u00e1tica\u00bb","author":"AF","date":"08\/03\/2015","format":false,"excerpt":"El gobernador neg\u00f3 presiones para que baje la precandidatura de Gustavo Marangoni y asegur\u00f3: \"Nosotros siempre vamos a contribuir a fortalecer el espacio, no a debilitarlo\". En declaraciones formuladas hoy en el programa \"No Va M\u00e1s\", que se emite por Radio el Mundo, el gobernador neg\u00f3 presiones de la Casa\u2026","rel":"","context":"En \u00abPol\u00edtica\u00bb","block_context":{"text":"Pol\u00edtica","link":"http:\/\/www.24baires.com\/?cat=51"},"img":{"alt_text":"","src":"","width":0,"height":0},"classes":[]},{"id":13897,"url":"http:\/\/www.24baires.com\/?p=13897","url_meta":{"origin":62858,"position":1},"title":"El sciolismo no descarta enfrentar al kirchnerismo en las primarias","author":"Grupo Sierra","date":"28\/01\/2013","format":false,"excerpt":"En medio de los cruces por una nueva distribuci\u00f3n de la coparticipaci\u00f3n federal de impuestos, dirigentes alineados con el gobernador bonaerense, Daniel Scioli, no descartaron la posibilidad de armar listas propias y enfrentar al kirchnerismo en las primarias abiertas y obligatorias. \u00a0As\u00ed lo manifest\u00f3 el diputado provincial y referente sciolista\u2026","rel":"","context":"En \u00abPol\u00edtica\u00bb","block_context":{"text":"Pol\u00edtica","link":"http:\/\/www.24baires.com\/?cat=51"},"img":{"alt_text":"","src":"","width":0,"height":0},"classes":[]},{"id":85738,"url":"http:\/\/www.24baires.com\/?p=85738","url_meta":{"origin":62858,"position":2},"title":"El expresidente del Banco Provincia defiende a Scioli","author":"AF","date":"01\/08\/2016","format":false,"excerpt":"El ex presidente del Banco Provincia, Gustavo Marangoni, rechaz\u00f3 este lunes la denuncia por la que se investiga al ex gobernador Daniel Scioli por el supuesto retiro en efectivo de m\u00e1s de 20.000 millones de pesos de las arcas provinciales entre 2014 y 2015. En declaraciones radiales, Marangoni asegur\u00f3 que\u2026","rel":"","context":"En \u00abPol\u00edtica\u00bb","block_context":{"text":"Pol\u00edtica","link":"http:\/\/www.24baires.com\/?cat=51"},"img":{"alt_text":"marangoni scioli","src":"https:\/\/i0.wp.com\/www.24baires.com\/wp-content\/uploads\/2012\/12\/marangoni-scioli.jpg?resize=350%2C200","width":350,"height":200,"srcset":"https:\/\/i0.wp.com\/www.24baires.com\/wp-content\/uploads\/2012\/12\/marangoni-scioli.jpg?resize=350%2C200 1x, https:\/\/i0.wp.com\/www.24baires.com\/wp-content\/uploads\/2012\/12\/marangoni-scioli.jpg?resize=525%2C300 1.5x"},"classes":[]},{"id":74798,"url":"http:\/\/www.24baires.com\/?p=74798","url_meta":{"origin":62858,"position":3},"title":"\u201cAbrir el cepo va a tener una gran incidencia en la cotizaci\u00f3n del d\u00f3lar\u201d","author":"GB","date":"09\/11\/2015","format":false,"excerpt":"El presidente del Banco Provincia fundament\u00f3, contra la postura de Cambiemos, sobre la necesidad de mantener el cepo al se\u00f1alar que \u201chay que fortalecer las reservas\u201d. En di\u00e1logo con radio Am\u00e9rica, Marangoni dijo que \u201csi adem\u00e1s se busca el d\u00f3lar \u00fanico que dice Cambiemos es equivocado que no se vaya\u2026","rel":"","context":"En \u00abEconom\u00eda\u00bb","block_context":{"text":"Econom\u00eda","link":"http:\/\/www.24baires.com\/?cat=45"},"img":{"alt_text":"marangoni gustavo","src":"https:\/\/i0.wp.com\/www.24baires.com\/wp-content\/uploads\/2013\/05\/marangoni-gustavo.png?resize=350%2C200","width":350,"height":200},"classes":[]},{"id":20688,"url":"http:\/\/www.24baires.com\/?p=20688","url_meta":{"origin":62858,"position":4},"title":"El Banco Provincia ya otorg\u00f3 cr\u00e9ditos por $5 millones a damnificados por el temporal","author":"AF","date":"10\/04\/2013","format":false,"excerpt":"As\u00ed lo inform\u00f3 el presidente de la entidad bancaria, Gustavo Marangoni, tras un encuentro con el gobernador Daniel Scioli. Dijo que \"ayer (por este martes) se otorgaron cinco millones de pesos en cr\u00e9ditos\" y subray\u00f3 que estos \"son los primeros y no hay un monto tope\". Se otorgan cr\u00e9ditos de\u2026","rel":"","context":"En \u00abEconom\u00eda\u00bb","block_context":{"text":"Econom\u00eda","link":"http:\/\/www.24baires.com\/?cat=45"},"img":{"alt_text":"","src":"https:\/\/i0.wp.com\/www.24baires.com\/wp-content\/uploads\/2013\/04\/donaciones-LP.jpg?resize=350%2C200","width":350,"height":200},"classes":[]},{"id":62483,"url":"http:\/\/www.24baires.com\/?p=62483","url_meta":{"origin":62858,"position":5},"title":"Marangoni: \u201cMacri le sali\u00f3 caro a los porte\u00f1os\u201d","author":"GB","date":"01\/03\/2015","format":false,"excerpt":"El presidente del Banco Provincia dijo que pese a haber aumentado los impuestos un \"mil por ciento\" no efectu\u00f3 obras en consecuencia. El presidente del Banco Provincia y candidato a Jefe de Gobierno porte\u00f1o, Gustavo Marangoni, dijo que al escuchar a Mauricio Macri, en la apertura de sesiones ordinarias de\u2026","rel":"","context":"En \u00abPol\u00edtica\u00bb","block_context":{"text":"Pol\u00edtica","link":"http:\/\/www.24baires.com\/?cat=51"},"img":{"alt_text":"marangoni gustavo","src":"https:\/\/i0.wp.com\/www.24baires.com\/wp-content\/uploads\/2013\/05\/marangoni-gustavo.png?resize=350%2C200","width":350,"height":200},"classes":[]}],"jetpack_sharing_enabled":true,"jetpack_likes_enabled":true,"jetpack_featured_media_url":"","_links":{"self":[{"href":"http:\/\/www.24baires.com\/index.php?rest_route=\/wp\/v2\/posts\/62858","targetHints":{"allow":["GET"]}}],"collection":[{"href":"http:\/\/www.24baires.com\/index.php?rest_route=\/wp\/v2\/posts"}],"about":[{"href":"http:\/\/www.24baires.com\/index.php?rest_route=\/wp\/v2\/types\/post"}],"author":[{"embeddable":true,"href":"http:\/\/www.24baires.com\/index.php?rest_route=\/wp\/v2\/users\/4"}],"replies":[{"embeddable":true,"href":"http:\/\/www.24baires.com\/index.php?rest_route=%2Fwp%2Fv2%2Fcomments&post=62858"}],"version-history":[{"count":1,"href":"http:\/\/www.24baires.com\/index.php?rest_route=\/wp\/v2\/posts\/62858\/revisions"}],"predecessor-version":[{"id":62859,"href":"http:\/\/www.24baires.com\/index.php?rest_route=\/wp\/v2\/posts\/62858\/revisions\/62859"}],"wp:attachment":[{"href":"http:\/\/www.24baires.com\/index.php?rest_route=%2Fwp%2Fv2%2Fmedia&parent=62858"}],"wp:term":[{"taxonomy":"category","embeddable":true,"href":"http:\/\/www.24baires.com\/index.php?rest_route=%2Fwp%2Fv2%2Fcategories&post=62858"},{"taxonomy":"post_tag","embeddable":true,"href":"http:\/\/www.24baires.com\/index.php?rest_route=%2Fwp%2Fv2%2Ftags&post=62858"}],"curies":[{"name":"wp","href":"https:\/\/api.w.org\/{rel}","templated":true}]}}