{"id":62846,"date":"2015-03-08T20:51:50","date_gmt":"2015-03-08T23:51:50","guid":{"rendered":"http:\/\/www.24baires.com\/?p=62846"},"modified":"2015-03-08T20:51:50","modified_gmt":"2015-03-08T23:51:50","slug":"daniel-scioli-dijo-que-no-respondera-a-ninguna-provocacion-politica-ni-mediatica","status":"publish","type":"post","link":"http:\/\/www.24baires.com\/?p=62846","title":{"rendered":"Daniel Scioli dijo que no responder\u00e1 \u00aba ninguna provocaci\u00f3n pol\u00edtica ni medi\u00e1tica\u00bb"},"content":{"rendered":"<p><a href=\"https:\/\/i0.wp.com\/www.24baires.com\/wp-content\/uploads\/2015\/03\/wpid-wp-1425858580945.jpeg\"><img data-recalc-dims=\"1\" decoding=\"async\" title=\"wp-1425858580945\" class=\"alignnone size-full\"  alt=\"image\" src=\"https:\/\/i0.wp.com\/www.24baires.com\/wp-content\/uploads\/2015\/03\/wpid-wp-1425858580945.jpeg?w=860\" \/><\/a><\/p>\n<p>El gobernador neg\u00f3 presiones para que baje la precandidatura de Gustavo Marangoni y asegur\u00f3: \u00abNosotros siempre vamos a contribuir a fortalecer el espacio, no a debilitarlo\u00bb. En declaraciones formuladas hoy en el programa \u00abNo Va M\u00e1s\u00bb, que se emite por Radio el Mundo, el gobernador neg\u00f3 presiones de la Casa Rosada para que baje la precandidatura de Gustavo Marangoni y asegur\u00f3 que no va a \u00abresponder a ninguna provocaci\u00f3n pol\u00edtica ni medi\u00e1tica\u00bb.<!--more--><\/p>\n<p>\u00ab\u00bfQui\u00e9n dijo que no permitieron que participe? Yo no voy a responder a ninguna provocaci\u00f3n pol\u00edtica ni medi\u00e1tica\u00bb indic\u00f3 Scioli y analiz\u00f3 que \u00abhay una diversidad de candidatos y nosotros siempre vamos a contribuir a fortalecer el espacio, no a debilitarlo o a escalar confrontaciones que no le traen soluciones a la gente. Siempre hay llamadas y conversaciones en un cierre de listas, es normal que eso ocurra\u00bb, dijo.<\/p>\n<p>Las declaraciones del gobernador se dan luego de que distintos medios, entre ellos el diario Clar\u00edn, aseguraran hoy que el gobierno nacional \u00abmargin\u00f3\u00bb la precandidatura a jefe de gobierno porte\u00f1o de Gustavo Marangoni, durante el cierre de listas del Frente para la Victoria realizado ayer.<\/p>\n<p>Al mismo tiempo, afirm\u00f3 que \u00abest\u00e1n movilizados todos los sectores que integran el FpV, que se nutre de la diversidad, de la complementaci\u00f3n y la integraci\u00f3n, no como otros espacios que arman de no s\u00e9 d\u00f3nde s\u00f3lo para las elecciones\u00bb.<\/p>\n<p>\u00abEl oficialismo est\u00e1 activo como nunca y eso es bueno. El FpV est\u00e1 en movimiento, no est\u00e1 est\u00e1tico. Hay debate, est\u00e1 bueno. Despu\u00e9s, en el final del camino, necesitamos que estemos todos unidos por el bien de la Argentina\u00bb, culmin\u00f3 Scioli y opin\u00f3 que \u00abyo doy previsibilidad, confianza y esperanza\u00bb.<\/p>\n<p>Con respecto a las elecciones porte\u00f1as, se\u00f1al\u00f3 que \u00abme parece importante que despu\u00e9s de las PASO, el Frente para la Victoria quede fortalecido y Marangoni, que es una persona inteligente, facilit\u00f3 esto con su decisi\u00f3n\u00bb.<\/p>\n<p>\u00abEs una cuesti\u00f3n de responsabilidad. \u00c9l evalu\u00f3 que pod\u00eda ayudar y contribuir desde otro lugar. Marangoni es una persona de mi confianza, un colaborador desde el inicio de mi carrera\u00bb, explic\u00f3 y a\u00f1adi\u00f3 que \u00abcomo presidente del Banco Provincia, hizo un trabajo extraordinario, el Bapro era un problema y hoy es el banco de las pymes y de desarrollo\u00bb.<\/p>\n","protected":false},"excerpt":{"rendered":"<p>El gobernador neg\u00f3 presiones para que baje la precandidatura de Gustavo Marangoni y asegur\u00f3: \u00abNosotros siempre vamos a contribuir a fortalecer el espacio, no a debilitarlo\u00bb. En declaraciones formuladas hoy en el programa \u00abNo Va M\u00e1s\u00bb, que se emite por Radio el Mundo, el gobernador neg\u00f3 presiones de la Casa Rosada para que baje la precandidatura de Gustavo Marangoni y [&#8230;]<\/p>\n","protected":false},"author":4,"featured_media":0,"comment_status":"open","ping_status":"open","sticky":false,"template":"","format":"standard","meta":{"_jetpack_newsletter_access":"","_jetpack_dont_email_post_to_subs":false,"_jetpack_newsletter_tier_id":0,"_jetpack_memberships_contains_paywalled_content":false,"_jetpack_memberships_contains_paid_content":false,"footnotes":""},"categories":[51],"tags":[],"class_list":["post-62846","post","type-post","status-publish","format-standard","hentry","category-politica"],"jetpack_shortlink":"https:\/\/wp.me\/p2JWE0-glE","jetpack-related-posts":[{"id":62858,"url":"http:\/\/www.24baires.com\/?p=62858","url_meta":{"origin":62846,"position":0},"title":"El Gobernador neg\u00f3 que desde el kirchnerismo hayan \u00abbajado\u00bb a Marangoni","author":"AF","date":"09\/03\/2015","format":false,"excerpt":"El gobernador bonaerense, Daniel Scioli, evit\u00f3 confrontar con el kirchnerismo, luego que en el cierre de listas en la Ciudad de Buenos Aires, el FpV decidiera marginar la candidatura del presidente del Banco Provincia, Gustavo Marangoni, que ni siquiera logr\u00f3 un lugar en la n\u00f3mina de legisladores. \"Marangoni, que es\u2026","rel":"","context":"En \u00abPol\u00edtica\u00bb","block_context":{"text":"Pol\u00edtica","link":"http:\/\/www.24baires.com\/?cat=51"},"img":{"alt_text":"","src":"","width":0,"height":0},"classes":[]},{"id":120226,"url":"http:\/\/www.24baires.com\/?p=120226","url_meta":{"origin":62846,"position":1},"title":"Cristina recibi\u00f3 a Scioli: \u201cA seguir trabajando, que es lo que hay que hacer\u201d","author":"AF","date":"28\/06\/2023","format":false,"excerpt":"\"Hablamos mucho, con sinceridad y con el respeto de siempre. Me transmiti\u00f3 que su vocaci\u00f3n es ayudar y colaborar como un compa\u00f1ero m\u00e1s\", asegur\u00f3 a trav\u00e9s de las redes sociales la Vicepresidenta sobre el encuentro. La Vicepresidenta Cristina Fern\u00e1ndez de Kirchner public\u00f3 en redes sociales una foto con el embajador\u2026","rel":"","context":"En \u00abPol\u00edtica\u00bb","block_context":{"text":"Pol\u00edtica","link":"http:\/\/www.24baires.com\/?cat=51"},"img":{"alt_text":"","src":"https:\/\/i0.wp.com\/www.24baires.com\/wp-content\/uploads\/2023\/06\/WhatsApp-Image-2023-06-28-at-23.30.42.jpeg?resize=350%2C200","width":350,"height":200,"srcset":"https:\/\/i0.wp.com\/www.24baires.com\/wp-content\/uploads\/2023\/06\/WhatsApp-Image-2023-06-28-at-23.30.42.jpeg?resize=350%2C200 1x, https:\/\/i0.wp.com\/www.24baires.com\/wp-content\/uploads\/2023\/06\/WhatsApp-Image-2023-06-28-at-23.30.42.jpeg?resize=525%2C300 1.5x, https:\/\/i0.wp.com\/www.24baires.com\/wp-content\/uploads\/2023\/06\/WhatsApp-Image-2023-06-28-at-23.30.42.jpeg?resize=700%2C400 2x"},"classes":[]},{"id":108334,"url":"http:\/\/www.24baires.com\/?p=108334","url_meta":{"origin":62846,"position":2},"title":"Lavagna: \u00abNi Cristina ni cambiemos\u00bb","author":"AF","date":"22\/05\/2019","format":false,"excerpt":"\"Recibimos a los radicales que no se sientan representados por el PRO\", sostuvo por C5N el candidato presidencial por Consenso 19, quien remarc\u00f3 que el kirchnerismo \"no puede recibir nada de nosotros\". El ex ministro de Econom\u00eda Roberto Lavagna ratific\u00f3 este mi\u00e9rcoles por la tarde su precandidatura presidencial por Consenso\u2026","rel":"","context":"En \u00abPol\u00edtica\u00bb","block_context":{"text":"Pol\u00edtica","link":"http:\/\/www.24baires.com\/?cat=51"},"img":{"alt_text":"","src":"https:\/\/i0.wp.com\/www.24baires.com\/wp-content\/uploads\/2013\/12\/lavagna-solo.jpg?resize=350%2C200","width":350,"height":200,"srcset":"https:\/\/i0.wp.com\/www.24baires.com\/wp-content\/uploads\/2013\/12\/lavagna-solo.jpg?resize=350%2C200 1x, https:\/\/i0.wp.com\/www.24baires.com\/wp-content\/uploads\/2013\/12\/lavagna-solo.jpg?resize=525%2C300 1.5x"},"classes":[]},{"id":52385,"url":"http:\/\/www.24baires.com\/?p=52385","url_meta":{"origin":62846,"position":3},"title":"Intendentes de Los Oktubres se cruzaron con el sciolismo","author":"AF","date":"25\/08\/2014","format":false,"excerpt":"Los intendentes que integran la agrupaci\u00f3n K Los Oktubres salieron al cruce de las declaraciones del titular del Banco Provincia, Gustavo Marangoni, a favor del liberalismo y contra el progresismo \u201cberreta\u201d, que provocaron las cr\u00edticas de sectores kirchneristas. \"Los Oktubres queremos manifestar nuestro m\u00e1s profundo rechazo a las declaraciones de\u2026","rel":"","context":"En \u00abPol\u00edtica\u00bb","block_context":{"text":"Pol\u00edtica","link":"http:\/\/www.24baires.com\/?cat=51"},"img":{"alt_text":"Daniel-Scioli","src":"https:\/\/i0.wp.com\/www.24baires.com\/wp-content\/uploads\/2014\/05\/Daniel-Scioli.jpg?resize=350%2C200","width":350,"height":200,"srcset":"https:\/\/i0.wp.com\/www.24baires.com\/wp-content\/uploads\/2014\/05\/Daniel-Scioli.jpg?resize=350%2C200 1x, https:\/\/i0.wp.com\/www.24baires.com\/wp-content\/uploads\/2014\/05\/Daniel-Scioli.jpg?resize=525%2C300 1.5x"},"classes":[]},{"id":13897,"url":"http:\/\/www.24baires.com\/?p=13897","url_meta":{"origin":62846,"position":4},"title":"El sciolismo no descarta enfrentar al kirchnerismo en las primarias","author":"Grupo Sierra","date":"28\/01\/2013","format":false,"excerpt":"En medio de los cruces por una nueva distribuci\u00f3n de la coparticipaci\u00f3n federal de impuestos, dirigentes alineados con el gobernador bonaerense, Daniel Scioli, no descartaron la posibilidad de armar listas propias y enfrentar al kirchnerismo en las primarias abiertas y obligatorias. \u00a0As\u00ed lo manifest\u00f3 el diputado provincial y referente sciolista\u2026","rel":"","context":"En \u00abPol\u00edtica\u00bb","block_context":{"text":"Pol\u00edtica","link":"http:\/\/www.24baires.com\/?cat=51"},"img":{"alt_text":"","src":"","width":0,"height":0},"classes":[]},{"id":85738,"url":"http:\/\/www.24baires.com\/?p=85738","url_meta":{"origin":62846,"position":5},"title":"El expresidente del Banco Provincia defiende a Scioli","author":"AF","date":"01\/08\/2016","format":false,"excerpt":"El ex presidente del Banco Provincia, Gustavo Marangoni, rechaz\u00f3 este lunes la denuncia por la que se investiga al ex gobernador Daniel Scioli por el supuesto retiro en efectivo de m\u00e1s de 20.000 millones de pesos de las arcas provinciales entre 2014 y 2015. En declaraciones radiales, Marangoni asegur\u00f3 que\u2026","rel":"","context":"En \u00abPol\u00edtica\u00bb","block_context":{"text":"Pol\u00edtica","link":"http:\/\/www.24baires.com\/?cat=51"},"img":{"alt_text":"marangoni scioli","src":"https:\/\/i0.wp.com\/www.24baires.com\/wp-content\/uploads\/2012\/12\/marangoni-scioli.jpg?resize=350%2C200","width":350,"height":200,"srcset":"https:\/\/i0.wp.com\/www.24baires.com\/wp-content\/uploads\/2012\/12\/marangoni-scioli.jpg?resize=350%2C200 1x, https:\/\/i0.wp.com\/www.24baires.com\/wp-content\/uploads\/2012\/12\/marangoni-scioli.jpg?resize=525%2C300 1.5x"},"classes":[]}],"jetpack_sharing_enabled":true,"jetpack_likes_enabled":true,"jetpack_featured_media_url":"","_links":{"self":[{"href":"http:\/\/www.24baires.com\/index.php?rest_route=\/wp\/v2\/posts\/62846","targetHints":{"allow":["GET"]}}],"collection":[{"href":"http:\/\/www.24baires.com\/index.php?rest_route=\/wp\/v2\/posts"}],"about":[{"href":"http:\/\/www.24baires.com\/index.php?rest_route=\/wp\/v2\/types\/post"}],"author":[{"embeddable":true,"href":"http:\/\/www.24baires.com\/index.php?rest_route=\/wp\/v2\/users\/4"}],"replies":[{"embeddable":true,"href":"http:\/\/www.24baires.com\/index.php?rest_route=%2Fwp%2Fv2%2Fcomments&post=62846"}],"version-history":[{"count":1,"href":"http:\/\/www.24baires.com\/index.php?rest_route=\/wp\/v2\/posts\/62846\/revisions"}],"predecessor-version":[{"id":62847,"href":"http:\/\/www.24baires.com\/index.php?rest_route=\/wp\/v2\/posts\/62846\/revisions\/62847"}],"wp:attachment":[{"href":"http:\/\/www.24baires.com\/index.php?rest_route=%2Fwp%2Fv2%2Fmedia&parent=62846"}],"wp:term":[{"taxonomy":"category","embeddable":true,"href":"http:\/\/www.24baires.com\/index.php?rest_route=%2Fwp%2Fv2%2Fcategories&post=62846"},{"taxonomy":"post_tag","embeddable":true,"href":"http:\/\/www.24baires.com\/index.php?rest_route=%2Fwp%2Fv2%2Ftags&post=62846"}],"curies":[{"name":"wp","href":"https:\/\/api.w.org\/{rel}","templated":true}]}}