{"id":62822,"date":"2015-03-08T12:10:31","date_gmt":"2015-03-08T15:10:31","guid":{"rendered":"http:\/\/www.24baires.com\/?p=62822"},"modified":"2015-03-08T11:33:30","modified_gmt":"2015-03-08T14:33:30","slug":"scioli-estamos-en-contra-de-los-que-hacen-alianzas-electorales-forzadas","status":"publish","type":"post","link":"http:\/\/www.24baires.com\/?p=62822","title":{"rendered":"Scioli: \u00abEstamos en contra de los que hacen alianzas electorales forzadas\u00bb"},"content":{"rendered":"<p><img data-recalc-dims=\"1\" loading=\"lazy\" decoding=\"async\" class=\"aligncenter size-full wp-image-4405\" src=\"https:\/\/i0.wp.com\/www.24baires.com\/wp-content\/uploads\/2012\/11\/Scioli-clima-politico.jpg?resize=560%2C401\" alt=\"Scioli clima politico\" width=\"560\" height=\"401\" srcset=\"https:\/\/i0.wp.com\/www.24baires.com\/wp-content\/uploads\/2012\/11\/Scioli-clima-politico.jpg?w=560 560w, https:\/\/i0.wp.com\/www.24baires.com\/wp-content\/uploads\/2012\/11\/Scioli-clima-politico.jpg?resize=300%2C214 300w\" sizes=\"auto, (max-width: 560px) 100vw, 560px\" \/>El Gobernador bonaerense lo dijo en referencia a un eventual acuerdo entre el PRO y la UCR. Asegur\u00f3 que \u00ablos contrastes est\u00e1n muy claros\u00bb.<!--more--><\/p>\n<p>El precandidato presidencial del Frente para la Victoria sostuvo: \u00abNosotros vamos por las pol\u00edticas que le han generado avances a los humildes. Hay un contraste claro entre las pol\u00edticas que han generado avances contra los que dicen que van a cambiar todo y hacen alianzas electorales forzadas, ya hemos visto las consecuencias que eso genera\u00bb. De esta manera, Scioli critic\u00f3 un posible acuerdo entre el macrismo y el radicalismo que podr\u00eda llegar a sellarse el pr\u00f3ximo fin de semana durante la reuni\u00f3n de la Convenci\u00f3n Nacional de la UCR en la ciudad entrerriana de Gualeguaych\u00fa.<\/p>\n<p>Durante una recorrida por la Fiesta de la Vendimia, en Mendoza, el mandatario bonaerense destac\u00f3 que \u00ablos contrastes est\u00e1n muy claros\u00bb e indic\u00f3 que el kirchnerismo \u00abva por las pol\u00edticas que le han generado avances a los los trabajadores, las clases medias\u00bb.<\/p>\n<p>\u00abEst\u00e1n los que dicen que van a cambiar todo y no saben contestar m\u00e1s que con medidas demag\u00f3gicas, que han generado una presi\u00f3n impositiva asfixiante en la Ciudad de Buenos Aires, que se opusieron a estatizar YPF y a recuperar la Anses, con lo que no tendr\u00edamos ni asignaci\u00f3n universal, ni Procrear, ni Conectar Igualdad\u00bb, afirm\u00f3 Scioli en una cr\u00edtica directa al jefe de Gobierno porte\u00f1o, Mauricio Macri.<\/p>\n<p>&nbsp;<\/p>\n<p>&nbsp;<\/p>\n<p>&nbsp;<\/p>\n<p>&nbsp;<\/p>\n<p>&nbsp;<\/p>\n","protected":false},"excerpt":{"rendered":"<p>El Gobernador bonaerense lo dijo en referencia a un eventual acuerdo entre el PRO y la UCR. Asegur\u00f3 que \u00ablos contrastes est\u00e1n muy claros\u00bb.<\/p>\n","protected":false},"author":11,"featured_media":0,"comment_status":"open","ping_status":"open","sticky":false,"template":"","format":"standard","meta":{"_jetpack_newsletter_access":"","_jetpack_dont_email_post_to_subs":false,"_jetpack_newsletter_tier_id":0,"_jetpack_memberships_contains_paywalled_content":false,"_jetpack_memberships_contains_paid_content":false,"footnotes":""},"categories":[51],"tags":[],"class_list":["post-62822","post","type-post","status-publish","format-standard","hentry","category-politica"],"jetpack_shortlink":"https:\/\/wp.me\/p2JWE0-glg","jetpack-related-posts":[{"id":108412,"url":"http:\/\/www.24baires.com\/?p=108412","url_meta":{"origin":62822,"position":0},"title":"La convenci\u00f3n de la UCR y el futuro de la alianza Cambiemos","author":"AF","date":"27\/05\/2019","format":false,"excerpt":"En Casa Rosada aguardan la decisi\u00f3n del radicalismo para definir la estrategia electoral, mientras crecen los reclamos internos por cambiar al candidato y ampliar la alianza oficialista. Mauricio Macri esperar\u00e1 al resultado de la Convenci\u00f3n de la UCR para definir sus pr\u00f3ximos pasos. Si, como espera, los radicales ratifican su\u2026","rel":"","context":"En \u00abPol\u00edtica\u00bb","block_context":{"text":"Pol\u00edtica","link":"http:\/\/www.24baires.com\/?cat=51"},"img":{"alt_text":"","src":"https:\/\/i0.wp.com\/www.24baires.com\/wp-content\/uploads\/2013\/03\/ucr.jpg?resize=350%2C200","width":350,"height":200,"srcset":"https:\/\/i0.wp.com\/www.24baires.com\/wp-content\/uploads\/2013\/03\/ucr.jpg?resize=350%2C200 1x, https:\/\/i0.wp.com\/www.24baires.com\/wp-content\/uploads\/2013\/03\/ucr.jpg?resize=525%2C300 1.5x"},"classes":[]},{"id":63584,"url":"http:\/\/www.24baires.com\/?p=63584","url_meta":{"origin":62822,"position":1},"title":"Seg\u00fan Scioli, la alianza entre la UCR y el PRO \u00abpotencia las posibilidades del FpV\u00bb","author":"AF","date":"26\/03\/2015","format":false,"excerpt":"El precandidato presidencial Daniel Scioli afirm\u00f3 hoy que el acuerdo electoral entre la UCR y el PRO \"potencia\" las posibilidades del Frente para la Victoria ya que el oficialsmo, seg\u00fan dijo ofrece \"previsibilidad\" y \"certidumbre\" frente a una propuesta que ser\u00eda, seg\u00fan evalu\u00f3, \"una vuelta al pasado\". \"Al contrario, la\u2026","rel":"","context":"En \u00abPol\u00edtica\u00bb","block_context":{"text":"Pol\u00edtica","link":"http:\/\/www.24baires.com\/?cat=51"},"img":{"alt_text":"scioli 1","src":"https:\/\/i0.wp.com\/www.24baires.com\/wp-content\/uploads\/2015\/01\/scioli-1.jpg?resize=350%2C200","width":350,"height":200,"srcset":"https:\/\/i0.wp.com\/www.24baires.com\/wp-content\/uploads\/2015\/01\/scioli-1.jpg?resize=350%2C200 1x, https:\/\/i0.wp.com\/www.24baires.com\/wp-content\/uploads\/2015\/01\/scioli-1.jpg?resize=525%2C300 1.5x"},"classes":[]},{"id":108296,"url":"http:\/\/www.24baires.com\/?p=108296","url_meta":{"origin":62822,"position":2},"title":"El radicalismo bonaerense ratific\u00f3 su pertenencia a Cambiemos","author":"GB","date":"21\/05\/2019","format":false,"excerpt":"En la Convenci\u00f3n de Brandsen, Daniel Salvador critic\u00f3 a los \"radicales sueltos\" que cuestionan al PRO. Afirm\u00f3 que junto al macrismo \"vamos a derrotar para siempre al populismo que tanto da\u00f1o nos hizo\". El radicalismo bonaerense ratific\u00f3 este fin de semana su pertenencia a Cambiemos. En la Convenci\u00f3n partidaria que\u2026","rel":"","context":"En \u00abProvincia\u00bb","block_context":{"text":"Provincia","link":"http:\/\/www.24baires.com\/?cat=40"},"img":{"alt_text":"","src":"https:\/\/i0.wp.com\/www.24baires.com\/wp-content\/uploads\/2019\/05\/radicalismo-baires.jpg?resize=350%2C200","width":350,"height":200,"srcset":"https:\/\/i0.wp.com\/www.24baires.com\/wp-content\/uploads\/2019\/05\/radicalismo-baires.jpg?resize=350%2C200 1x, https:\/\/i0.wp.com\/www.24baires.com\/wp-content\/uploads\/2019\/05\/radicalismo-baires.jpg?resize=525%2C300 1.5x"},"classes":[]},{"id":110766,"url":"http:\/\/www.24baires.com\/?p=110766","url_meta":{"origin":62822,"position":3},"title":"\u00abCambiemos\u00bb pasa a llamarse \u00abJuntos por el cambio\u00bb","author":"AF","date":"12\/06\/2019","format":false,"excerpt":"Tras anunciar el acuerdo con Miguel Pichetto para que acompa\u00f1e a Mauricio Macri en la f\u00f3rmula presidencial, el oficialismo realiz\u00f3 una lavada de cara al m\u00e1rketing electoral. Con la necesidad de reinventarse de cara a las presidenciales de 2019, el Gobierno confirm\u00f3 que \"Juntos por el Cambio\" ser\u00e1 el nombre\u2026","rel":"","context":"En \u00abPol\u00edtica\u00bb","block_context":{"text":"Pol\u00edtica","link":"http:\/\/www.24baires.com\/?cat=51"},"img":{"alt_text":"","src":"https:\/\/i0.wp.com\/www.24baires.com\/wp-content\/uploads\/2019\/03\/MACRI-CONGRESO.png?resize=350%2C200","width":350,"height":200,"srcset":"https:\/\/i0.wp.com\/www.24baires.com\/wp-content\/uploads\/2019\/03\/MACRI-CONGRESO.png?resize=350%2C200 1x, https:\/\/i0.wp.com\/www.24baires.com\/wp-content\/uploads\/2019\/03\/MACRI-CONGRESO.png?resize=525%2C300 1.5x"},"classes":[]},{"id":63181,"url":"http:\/\/www.24baires.com\/?p=63181","url_meta":{"origin":62822,"position":4},"title":"\u00abCuando se unen &#8216;en contra de&#8217;, las cosas nunca salen a favor\u00bb","author":"AF","date":"15\/03\/2015","format":false,"excerpt":"El gobernador bonaerense Daniel Scioli se refiri\u00f3 as\u00ed a la Convenci\u00f3n de la UCR que ratific\u00f3 anoche el acuerdo electoral con el PRO de cara a las elecciones nacionales de este a\u00f1o. \"Yo siento la enorme responsabilidad de llevar al peronismo a la victoria frente a esta alianza que se\u2026","rel":"","context":"En \u00abPol\u00edtica\u00bb","block_context":{"text":"Pol\u00edtica","link":"http:\/\/www.24baires.com\/?cat=51"},"img":{"alt_text":"","src":"","width":0,"height":0},"classes":[]},{"id":120181,"url":"http:\/\/www.24baires.com\/?p=120181","url_meta":{"origin":62822,"position":5},"title":"El Frente de Todos pasa a llamarse \u00abUni\u00f3n por la Patria\u00bb","author":"AF","date":"14\/06\/2023","format":false,"excerpt":"Los distintos sectores que componen el frente oficialista mantienen reuniones para definir, entre otras cosas, la constituci\u00f3n de su junta partidaria y el reglamento electoral que fijar\u00e1 pisos y porcentajes para la integraci\u00f3n de listas. El Frente de Todos (FdT) se llamar\u00e1 Uni\u00f3n por la Patria (UxP) en las pr\u00f3ximas\u2026","rel":"","context":"En \u00abPol\u00edtica\u00bb","block_context":{"text":"Pol\u00edtica","link":"http:\/\/www.24baires.com\/?cat=51"},"img":{"alt_text":"","src":"https:\/\/i0.wp.com\/www.24baires.com\/wp-content\/uploads\/2023\/06\/cfk-25-5.png?resize=350%2C200","width":350,"height":200,"srcset":"https:\/\/i0.wp.com\/www.24baires.com\/wp-content\/uploads\/2023\/06\/cfk-25-5.png?resize=350%2C200 1x, https:\/\/i0.wp.com\/www.24baires.com\/wp-content\/uploads\/2023\/06\/cfk-25-5.png?resize=525%2C300 1.5x, https:\/\/i0.wp.com\/www.24baires.com\/wp-content\/uploads\/2023\/06\/cfk-25-5.png?resize=700%2C400 2x, https:\/\/i0.wp.com\/www.24baires.com\/wp-content\/uploads\/2023\/06\/cfk-25-5.png?resize=1050%2C600 3x"},"classes":[]}],"jetpack_sharing_enabled":true,"jetpack_likes_enabled":true,"jetpack_featured_media_url":"","_links":{"self":[{"href":"http:\/\/www.24baires.com\/index.php?rest_route=\/wp\/v2\/posts\/62822","targetHints":{"allow":["GET"]}}],"collection":[{"href":"http:\/\/www.24baires.com\/index.php?rest_route=\/wp\/v2\/posts"}],"about":[{"href":"http:\/\/www.24baires.com\/index.php?rest_route=\/wp\/v2\/types\/post"}],"author":[{"embeddable":true,"href":"http:\/\/www.24baires.com\/index.php?rest_route=\/wp\/v2\/users\/11"}],"replies":[{"embeddable":true,"href":"http:\/\/www.24baires.com\/index.php?rest_route=%2Fwp%2Fv2%2Fcomments&post=62822"}],"version-history":[{"count":1,"href":"http:\/\/www.24baires.com\/index.php?rest_route=\/wp\/v2\/posts\/62822\/revisions"}],"predecessor-version":[{"id":62823,"href":"http:\/\/www.24baires.com\/index.php?rest_route=\/wp\/v2\/posts\/62822\/revisions\/62823"}],"wp:attachment":[{"href":"http:\/\/www.24baires.com\/index.php?rest_route=%2Fwp%2Fv2%2Fmedia&parent=62822"}],"wp:term":[{"taxonomy":"category","embeddable":true,"href":"http:\/\/www.24baires.com\/index.php?rest_route=%2Fwp%2Fv2%2Fcategories&post=62822"},{"taxonomy":"post_tag","embeddable":true,"href":"http:\/\/www.24baires.com\/index.php?rest_route=%2Fwp%2Fv2%2Ftags&post=62822"}],"curies":[{"name":"wp","href":"https:\/\/api.w.org\/{rel}","templated":true}]}}