{"id":62808,"date":"2015-03-07T21:30:33","date_gmt":"2015-03-08T00:30:33","guid":{"rendered":"http:\/\/www.24baires.com\/?p=62808"},"modified":"2015-03-07T21:13:45","modified_gmt":"2015-03-08T00:13:45","slug":"por-problemas-internos-se-postergo-la-convencion-de-la-ucr-bonaerense","status":"publish","type":"post","link":"http:\/\/www.24baires.com\/?p=62808","title":{"rendered":"Por problemas internos, se posterg\u00f3 la convenci\u00f3n de la UCR bonaerense"},"content":{"rendered":"<p>La Convenci\u00f3n de ese espacio de la provincia de Buenos Aires no pudo dar inicio a la sesi\u00f3n en la localidad de Arrecifes por falta de qu\u00f3rum debido a la ausencia de sectores del radicalismo que est\u00e1n enfrentados por la decisi\u00f3n partidaria de realizar alianzas con otros espacios pol\u00edticos para las elecciones de este a\u00f1o a nivel nacional, provincial y municipal.<!--more--><\/p>\n<p>En las horas previas al comienzo de la Convenci\u00f3n radical, el esp\u00edritu consensuado entre los distintos sectores de la UCR provincial era emitir un documento en el que se avalaran \u201clas alianzas locales abiertas\u201d despu\u00e9s de la ruptura del Frente Amplio UNEN, pero no se lleg\u00f3 a debatir este punto porque no hubo qu\u00f3rum para iniciar.<\/p>\n<p>Desde el alfonsinismo apuntaron como responsables de la ca\u00edda de la Convenci\u00f3n a los sectores que lideran los dirigentes Federico Storani, Leopoldo Moreau y algunos radicales que responden al intendente de San Isidro, Gustavo Posse, porque \u201cellos quer\u00edan tener mayor\u00eda para ganar la conducci\u00f3n de la Convenci\u00f3n provincial\u00bb.<\/p>\n<p>Sin embargo, Moreau aclar\u00f3, en di\u00e1logo con T\u00e9lam, que no tuvo \u00abinjerencia alguna en lo que pas\u00f3 en la Convenci\u00f3n\u00bb y adem\u00e1s sentenci\u00f3 que ahora pertenece \u00abal Movimiento Radical Alfonsinista (MNA)\u00bb.<\/p>\n<p>La postergaci\u00f3n complica a la UCR bonaerense por una superposici\u00f3n de fechas, ya que el pr\u00f3ximo s\u00e1bado ser\u00e1 la Convenci\u00f3n Nacional en Gualeguaych\u00fa, Entre R\u00edos.<\/p>\n<p>Tambi\u00e9n la ca\u00edda de la Convenci\u00f3n gener\u00f3 un \u00abdolor de cabeza\u00bb para Alfons\u00edn ya que era una prueba clave, porque el diputado nacional pretend\u00eda a reunir a la mayor cantidad de los 73 convencionales nacionales que tiene la Provincia para respaldar la postulaci\u00f3n de Julio Cobos en la reuni\u00f3n nacional a orillas del Uruguay y mantener a la UCR en el marco de alianzas del agonizante FAU.<\/p>\n<p>El clima de tensi\u00f3n que vive el partido en el orden nacional por el proselitismo en favor de distintas alianzas, ya sea con el macrismo o con el massismo, y los \u00faltimos cruces entre Cobos y Sanz, se traslad\u00f3 al escenario bonaerense, que ni siquiera lleg\u00f3 a discutir sobre ese tema.<\/p>\n<p>Al no poder empezar la Convenci\u00f3n por falta de qu\u00f3rum, los miembros de la Juventud Radical entonaron c\u00e1nticos contra Sanz y los sectores radicales que quieren una alianza con partidos de centroderecha, al grito de \u00abse va a pudrir todo\u00bb.<\/p>\n<p>&nbsp;<\/p>\n<p>&nbsp;<\/p>\n<p>&nbsp;<\/p>\n<p>&nbsp;<\/p>\n<p>&nbsp;<\/p>\n<p>&nbsp;<\/p>\n<p>&nbsp;<\/p>\n<p>&nbsp;<\/p>\n<p>&nbsp;<\/p>\n<p>&nbsp;<\/p>\n","protected":false},"excerpt":{"rendered":"<p>La Convenci\u00f3n de ese espacio de la provincia de Buenos Aires no pudo dar inicio a la sesi\u00f3n en la localidad de Arrecifes por falta de qu\u00f3rum debido a la ausencia de sectores del radicalismo que est\u00e1n enfrentados por la decisi\u00f3n partidaria de realizar alianzas con otros espacios pol\u00edticos para las elecciones de este a\u00f1o a nivel nacional, provincial y [&#8230;]<\/p>\n","protected":false},"author":8,"featured_media":0,"comment_status":"open","ping_status":"open","sticky":false,"template":"","format":"standard","meta":{"_jetpack_newsletter_access":"","_jetpack_dont_email_post_to_subs":false,"_jetpack_newsletter_tier_id":0,"_jetpack_memberships_contains_paywalled_content":false,"_jetpack_memberships_contains_paid_content":false,"footnotes":""},"categories":[51],"tags":[],"class_list":["post-62808","post","type-post","status-publish","format-standard","hentry","category-politica"],"jetpack_shortlink":"https:\/\/wp.me\/p2JWE0-gl2","jetpack-related-posts":[{"id":15936,"url":"http:\/\/www.24baires.com\/?p=15936","url_meta":{"origin":62808,"position":0},"title":"El radicalismo bonaerense definir\u00e1 en Olavarr\u00eda su pol\u00edtica de alianzas","author":"Grupo Sierra","date":"17\/02\/2013","format":false,"excerpt":"Alrededor de 200 convencionales radicales se reunir\u00e1n en Olavarr\u00eda el s\u00e1bado 2 de marzo. La convenci\u00f3n contar\u00e1 con la presencia de intendentes, concejales y legisladores de la UCR que discutir\u00e1n las pol\u00edticas a seguir en este a\u00f1o electoral. Si hay acuerdo, de Olavarr\u00eda pueden salir definiciones para futuras alianzas electorales.\u2026","rel":"","context":"En \u00abPol\u00edtica\u00bb","block_context":{"text":"Pol\u00edtica","link":"http:\/\/www.24baires.com\/?cat=51"},"img":{"alt_text":"","src":"","width":0,"height":0},"classes":[]},{"id":62773,"url":"http:\/\/www.24baires.com\/?p=62773","url_meta":{"origin":62808,"position":1},"title":"Los radicales bonaerenses debaten su futuro en Arrecifes","author":"Grupo Sierra","date":"07\/03\/2015","format":false,"excerpt":"La Convenci\u00f3n de la UCR bonaerense se reunir\u00e1 hoy para establecer el marco de alianzas del partido en la mayor provincia del pa\u00eds, en medio de fricciones internas por la estrategia nacional que tendr\u00e1n los radicales de cara a las primarias generales de agosto. Los bonaerenses deliberar\u00e1n en el Club\u2026","rel":"","context":"En \u00abPol\u00edtica\u00bb","block_context":{"text":"Pol\u00edtica","link":"http:\/\/www.24baires.com\/?cat=51"},"img":{"alt_text":"cobos sanz ucr","src":"https:\/\/i0.wp.com\/www.24baires.com\/wp-content\/uploads\/2014\/05\/cobos-sanz-ucr.jpg?resize=350%2C200","width":350,"height":200,"srcset":"https:\/\/i0.wp.com\/www.24baires.com\/wp-content\/uploads\/2014\/05\/cobos-sanz-ucr.jpg?resize=350%2C200 1x, https:\/\/i0.wp.com\/www.24baires.com\/wp-content\/uploads\/2014\/05\/cobos-sanz-ucr.jpg?resize=525%2C300 1.5x"},"classes":[]},{"id":17249,"url":"http:\/\/www.24baires.com\/?p=17249","url_meta":{"origin":62808,"position":2},"title":"El alfonsinismo rompi\u00f3 con Posse y va por un acuerdo con \u00abfuerzas afines\u00bb en Buenos Aires","author":"Grupo Sierra","date":"02\/03\/2013","format":false,"excerpt":"OLAVARR\u00cdA.- El alfonsinismo rompi\u00f3 hoy formalmente su acuerdo con el intendente Gustavo Posse y aprob\u00f3 en la Convenci\u00f3n de la Provincia de Buenos Aires una declaraci\u00f3n para avanzar en el di\u00e1logo con \"fuerzas afines\" para sellar un frente electoral en las pr\u00f3ximas legislativas. Luego de un amplio debate, la Convenci\u00f3n\u2026","rel":"","context":"En \u00abPol\u00edtica\u00bb","block_context":{"text":"Pol\u00edtica","link":"http:\/\/www.24baires.com\/?cat=51"},"img":{"alt_text":"","src":"","width":0,"height":0},"classes":[]},{"id":108412,"url":"http:\/\/www.24baires.com\/?p=108412","url_meta":{"origin":62808,"position":3},"title":"La convenci\u00f3n de la UCR y el futuro de la alianza Cambiemos","author":"AF","date":"27\/05\/2019","format":false,"excerpt":"En Casa Rosada aguardan la decisi\u00f3n del radicalismo para definir la estrategia electoral, mientras crecen los reclamos internos por cambiar al candidato y ampliar la alianza oficialista. Mauricio Macri esperar\u00e1 al resultado de la Convenci\u00f3n de la UCR para definir sus pr\u00f3ximos pasos. Si, como espera, los radicales ratifican su\u2026","rel":"","context":"En \u00abPol\u00edtica\u00bb","block_context":{"text":"Pol\u00edtica","link":"http:\/\/www.24baires.com\/?cat=51"},"img":{"alt_text":"","src":"https:\/\/i0.wp.com\/www.24baires.com\/wp-content\/uploads\/2013\/03\/ucr.jpg?resize=350%2C200","width":350,"height":200,"srcset":"https:\/\/i0.wp.com\/www.24baires.com\/wp-content\/uploads\/2013\/03\/ucr.jpg?resize=350%2C200 1x, https:\/\/i0.wp.com\/www.24baires.com\/wp-content\/uploads\/2013\/03\/ucr.jpg?resize=525%2C300 1.5x"},"classes":[]},{"id":94656,"url":"http:\/\/www.24baires.com\/?p=94656","url_meta":{"origin":62808,"position":4},"title":"La UCR bonaerense ratific\u00f3 la alianza Cambiemos","author":"GB","date":"21\/05\/2017","format":false,"excerpt":"El m\u00e1ximo \u00f3rgano partidario de la UCR ratific\u00f3 la alianza que mantiene con el PRO, la CC y el Partido FE en el principal distrito de la rep\u00fablica, donde el control partidario por parte el vicegobernador de Vidal, Daniel Salvador, qued\u00f3 en evidencia. No solamente el sector mayoritario que conduce\u2026","rel":"","context":"En \u00abPoliciales\u00bb","block_context":{"text":"Policiales","link":"http:\/\/www.24baires.com\/?cat=49"},"img":{"alt_text":"","src":"https:\/\/i0.wp.com\/www.24baires.com\/wp-content\/uploads\/2017\/05\/radicales.jpg?resize=350%2C200","width":350,"height":200,"srcset":"https:\/\/i0.wp.com\/www.24baires.com\/wp-content\/uploads\/2017\/05\/radicales.jpg?resize=350%2C200 1x, https:\/\/i0.wp.com\/www.24baires.com\/wp-content\/uploads\/2017\/05\/radicales.jpg?resize=525%2C300 1.5x"},"classes":[]},{"id":108296,"url":"http:\/\/www.24baires.com\/?p=108296","url_meta":{"origin":62808,"position":5},"title":"El radicalismo bonaerense ratific\u00f3 su pertenencia a Cambiemos","author":"GB","date":"21\/05\/2019","format":false,"excerpt":"En la Convenci\u00f3n de Brandsen, Daniel Salvador critic\u00f3 a los \"radicales sueltos\" que cuestionan al PRO. Afirm\u00f3 que junto al macrismo \"vamos a derrotar para siempre al populismo que tanto da\u00f1o nos hizo\". El radicalismo bonaerense ratific\u00f3 este fin de semana su pertenencia a Cambiemos. En la Convenci\u00f3n partidaria que\u2026","rel":"","context":"En \u00abProvincia\u00bb","block_context":{"text":"Provincia","link":"http:\/\/www.24baires.com\/?cat=40"},"img":{"alt_text":"","src":"https:\/\/i0.wp.com\/www.24baires.com\/wp-content\/uploads\/2019\/05\/radicalismo-baires.jpg?resize=350%2C200","width":350,"height":200,"srcset":"https:\/\/i0.wp.com\/www.24baires.com\/wp-content\/uploads\/2019\/05\/radicalismo-baires.jpg?resize=350%2C200 1x, https:\/\/i0.wp.com\/www.24baires.com\/wp-content\/uploads\/2019\/05\/radicalismo-baires.jpg?resize=525%2C300 1.5x"},"classes":[]}],"jetpack_sharing_enabled":true,"jetpack_likes_enabled":true,"jetpack_featured_media_url":"","_links":{"self":[{"href":"http:\/\/www.24baires.com\/index.php?rest_route=\/wp\/v2\/posts\/62808","targetHints":{"allow":["GET"]}}],"collection":[{"href":"http:\/\/www.24baires.com\/index.php?rest_route=\/wp\/v2\/posts"}],"about":[{"href":"http:\/\/www.24baires.com\/index.php?rest_route=\/wp\/v2\/types\/post"}],"author":[{"embeddable":true,"href":"http:\/\/www.24baires.com\/index.php?rest_route=\/wp\/v2\/users\/8"}],"replies":[{"embeddable":true,"href":"http:\/\/www.24baires.com\/index.php?rest_route=%2Fwp%2Fv2%2Fcomments&post=62808"}],"version-history":[{"count":1,"href":"http:\/\/www.24baires.com\/index.php?rest_route=\/wp\/v2\/posts\/62808\/revisions"}],"predecessor-version":[{"id":62809,"href":"http:\/\/www.24baires.com\/index.php?rest_route=\/wp\/v2\/posts\/62808\/revisions\/62809"}],"wp:attachment":[{"href":"http:\/\/www.24baires.com\/index.php?rest_route=%2Fwp%2Fv2%2Fmedia&parent=62808"}],"wp:term":[{"taxonomy":"category","embeddable":true,"href":"http:\/\/www.24baires.com\/index.php?rest_route=%2Fwp%2Fv2%2Fcategories&post=62808"},{"taxonomy":"post_tag","embeddable":true,"href":"http:\/\/www.24baires.com\/index.php?rest_route=%2Fwp%2Fv2%2Ftags&post=62808"}],"curies":[{"name":"wp","href":"https:\/\/api.w.org\/{rel}","templated":true}]}}