{"id":62803,"date":"2015-03-07T19:30:21","date_gmt":"2015-03-07T22:30:21","guid":{"rendered":"http:\/\/www.24baires.com\/?p=62803"},"modified":"2015-03-07T18:30:42","modified_gmt":"2015-03-07T21:30:42","slug":"jorge-macri-le-pidio-a-los-jovenes-pro-que-militen-como-la-campora","status":"publish","type":"post","link":"http:\/\/www.24baires.com\/?p=62803","title":{"rendered":"Jorge Macri le pidi\u00f3 a los j\u00f3venes PRO que militen como La C\u00e1mpora"},"content":{"rendered":"<p><img data-recalc-dims=\"1\" loading=\"lazy\" decoding=\"async\" class=\"aligncenter size-full wp-image-41618\" src=\"https:\/\/i0.wp.com\/www.24baires.com\/wp-content\/uploads\/2014\/03\/macri-jorge.jpg?resize=560%2C336\" alt=\"macri jorge\" width=\"560\" height=\"336\" srcset=\"https:\/\/i0.wp.com\/www.24baires.com\/wp-content\/uploads\/2014\/03\/macri-jorge.jpg?w=560 560w, https:\/\/i0.wp.com\/www.24baires.com\/wp-content\/uploads\/2014\/03\/macri-jorge.jpg?resize=300%2C180 300w\" sizes=\"auto, (max-width: 560px) 100vw, 560px\" \/><strong>VICENTE L\u00d3PEZ-<\/strong>El intendente de Vicente L\u00f3pez les pidi\u00f3 a los j\u00f3venes del PRO que militen como lo hacen los militantes de La C\u00e1mpora y desat\u00f3 la pol\u00e9mica dentro del macrismo y tambi\u00e9n en el kirchnerismo, desde donde salieron al cruce del jefe comunal macrista.<!--more--><\/p>\n<p>El intendente de Vicente L\u00f3pez, Jorge Macri, les pidi\u00f3 a los j\u00f3venes del PRO que militen como lo hacen los militantes de La C\u00e1mpora y desat\u00f3 la pol\u00e9mica dentro del macrismo y tambi\u00e9n en el kirchnerismo.<\/p>\n<p>Tras desestimar su candidatura a gobernador bonaerense por el macrismo luego de que su primo y l\u00edder del PRO, Mauricio Macri, eligiera a Mar\u00eda Eugenia Vidal en su lugar, el jefe comunal solicit\u00f3 a sus militantes que imiten a los j\u00f3venes kirchneristas al se\u00f1alar: \u00abMiliten as\u00ed como lo hacen otros, con la misma convicci\u00f3n y entusiasmo que lo hacen ellos\u00bb.<\/p>\n<p>\u00abLes pido que levanten la bandera del cambio y que militen discutiendo en la cola del banco, en la peluquer\u00eda o en la sobremesa del domingo para que esta no sea una oportunidad perdida\u00bb, reclam\u00f3 Jorge Macri durante una recorrida por el municipio de Escobar, seg\u00fan medios locales .<\/p>\n<p>Al conocerse estas declaraciones de Macri, el jefe del bloque de concejales del Frente para la Victoria en Vicente L\u00f3pez, Leo Rial, sali\u00f3 al cruce del intendente y fustig\u00f3: \u00abPara militar como La C\u00e1mpora hay que estar convencido de un proyecto pol\u00edtico, econ\u00f3mico y social para mejorarle la calidad de vida a la gente\u00bb.<\/p>\n<p>\u00abPara militar como lo hace La C\u00e1mpora debe existir un proyecto com\u00fan destinado a mejorarle la vida a la gente, y un liderazgo coherente y convincente como el que encabeza la presidenta Cristina Fern\u00e1ndez de Kirchner\u00bb, remarc\u00f3 Rial.<\/p>\n<p>Por su parte a diferencia de su primo, el jefe de gobierno de la Ciudad de Buenos Aires, Mauricio Macri, ayer en la muestra Expoagro se refiri\u00f3 a cu\u00e1l ser\u00e1 el rol de La C\u00e1mpora si llegara a ser electo, expresando: \u00abNo les tengo miedo; vamos a poder separar a aquellos que no laburan\u00bb.<\/p>\n<p>En plena campa\u00f1a electoral, Macri agreg\u00f3 que \u00abel Estado est\u00e1 para administrar los bienes sociales que la gente tiene que recibir, como buena salud, seguridad, justicia independiente, sistema de producci\u00f3n industrial\u00bb, en lugar de \u00abhacer pol\u00edtica\u00bb o realizar \u00abcomit\u00e9s pol\u00edticos\u00bb.<\/p>\n<p>Al respecto, la legisladora porte\u00f1a del Frente para la Victoria y militante de La C\u00e1mpora, Paula Penacca, expres\u00f3 que \u00abun gobierno como el del Pro que multiplic\u00f3 la deuda p\u00fablica, dejando hipotecado el futuro de todos los porte\u00f1os para pagar sobreprecios a empresas amigas no puede hablar de buena gesti\u00f3n de los recursos\u00bb.<\/p>\n<p>Para Penacca \u00abes una verg\u00fcenza que Macri hable de gesti\u00f3n eficiente de los recursos y que ponga como ejemplo su paso por Boca cuando sus legisladores quisieron facilitar que una empresa privada se robe un terreno que estaba destinado a la construcci\u00f3n de viviendas para beneficiarse econ\u00f3micamente\u00bb.<\/p>\n<p>\u00abCon la muestra que dio en la Ciudad, da miedo que Macri quiera gobernar el pa\u00eds\u00bb, finaliz\u00f3.<\/p>\n","protected":false},"excerpt":{"rendered":"<p>VICENTE L\u00d3PEZ-El intendente de Vicente L\u00f3pez les pidi\u00f3 a los j\u00f3venes del PRO que militen como lo hacen los militantes de La C\u00e1mpora y desat\u00f3 la pol\u00e9mica dentro del macrismo y tambi\u00e9n en el kirchnerismo, desde donde salieron al cruce del jefe comunal macrista.<\/p>\n","protected":false},"author":8,"featured_media":0,"comment_status":"open","ping_status":"open","sticky":false,"template":"","format":"standard","meta":{"_jetpack_newsletter_access":"","_jetpack_dont_email_post_to_subs":false,"_jetpack_newsletter_tier_id":0,"_jetpack_memberships_contains_paywalled_content":false,"_jetpack_memberships_contains_paid_content":false,"footnotes":""},"categories":[51],"tags":[],"class_list":["post-62803","post","type-post","status-publish","format-standard","hentry","category-politica"],"jetpack_shortlink":"https:\/\/wp.me\/p2JWE0-gkX","jetpack-related-posts":[{"id":24917,"url":"http:\/\/www.24baires.com\/?p=24917","url_meta":{"origin":62803,"position":0},"title":"De la Sota se acerca a Mauricio Macri","author":"AF","date":"02\/06\/2013","format":false,"excerpt":"El gobernador cordob\u00e9s, Jos\u00e9 Manuel de la Sota, admiti\u00f3 ayer que en su provincia los peronistas estaban \u201cdispuestos\u201d a encarar conversaciones con el macrismo con miras a las elecciones legislativas y record\u00f3 que el PJ era \u201cun movimiento de puertas abiertas\u201d. A poco de se\u00f1alar que entre Mauricio Macri y\u2026","rel":"","context":"En \u00abPol\u00edtica\u00bb","block_context":{"text":"Pol\u00edtica","link":"http:\/\/www.24baires.com\/?cat=51"},"img":{"alt_text":"","src":"","width":0,"height":0},"classes":[]},{"id":106352,"url":"http:\/\/www.24baires.com\/?p=106352","url_meta":{"origin":62803,"position":1},"title":"Gray pidi\u00f3 que el senador bonaerense acusado de abuso sexual renuncie a su banca","author":"GB","date":"15\/01\/2019","format":false,"excerpt":"El presidente del PJ bonaerense e intendente de Esteban Echeverr\u00eda, Fernando Gray, asegur\u00f3 hoy que el senador provincia de La C\u00e1mpora acusado por abusar de una joven militante \"deber\u00eda renunciar\" al cargo, y adelant\u00f3 que en caso de que ello no ocurra pedir\u00e1 que el partido analice su conducta. Gray\u2026","rel":"","context":"En \u00abMunicipios\u00bb","block_context":{"text":"Municipios","link":"http:\/\/www.24baires.com\/?cat=44"},"img":{"alt_text":"","src":"https:\/\/i0.wp.com\/www.24baires.com\/wp-content\/uploads\/2018\/12\/gray-pj-bonaerense.jpg?resize=350%2C200","width":350,"height":200,"srcset":"https:\/\/i0.wp.com\/www.24baires.com\/wp-content\/uploads\/2018\/12\/gray-pj-bonaerense.jpg?resize=350%2C200 1x, https:\/\/i0.wp.com\/www.24baires.com\/wp-content\/uploads\/2018\/12\/gray-pj-bonaerense.jpg?resize=525%2C300 1.5x"},"classes":[]},{"id":103432,"url":"http:\/\/www.24baires.com\/?p=103432","url_meta":{"origin":62803,"position":2},"title":"Jorge Macri, pol\u00e9mico: \u00abHubo gente que aport\u00f3 y se olvid\u00f3\u00bb","author":"AF","date":"19\/07\/2018","format":false,"excerpt":"Fue la frase que esgrimi\u00f3 el primo presidencial para referirse a los millones de pesos en danza por los aportes truchos que se hicieron a Cambiemos en la campa\u00f1a bonaerense. Despu\u00e9s de un mes de explotado el esc\u00e1ndalo por los \"aportes truchos\" a la campa\u00f1a bonaerense de Cambiemos en 2015\u2026","rel":"","context":"En \u00abPol\u00edtica\u00bb","block_context":{"text":"Pol\u00edtica","link":"http:\/\/www.24baires.com\/?cat=51"},"img":{"alt_text":"","src":"https:\/\/i0.wp.com\/www.24baires.com\/wp-content\/uploads\/2014\/03\/macri-jorge.jpg?resize=350%2C200","width":350,"height":200,"srcset":"https:\/\/i0.wp.com\/www.24baires.com\/wp-content\/uploads\/2014\/03\/macri-jorge.jpg?resize=350%2C200 1x, https:\/\/i0.wp.com\/www.24baires.com\/wp-content\/uploads\/2014\/03\/macri-jorge.jpg?resize=525%2C300 1.5x"},"classes":[]},{"id":112977,"url":"http:\/\/www.24baires.com\/?p=112977","url_meta":{"origin":62803,"position":3},"title":"Vidal se re\u00fane con intendentes y dirigentes \u201csin tierra\u201d","author":"GB","date":"13\/11\/2019","format":false,"excerpt":"La mandataria delinea la estrategia 2020, teniendo como objetivo principal la unidad de Cambiemos. La gobernadora, Mar\u00eda Eugenia Vidal, tendr\u00e1 este mi\u00e9rcoles su \u00faltima reuni\u00f3n de gabinete ampliado con la presencia de unos 300 funcionarios. Y por la tarde, se reunir\u00e1 con los \u201csin tierra\u201d para continuar con su jornada.\u2026","rel":"","context":"En \u00abProvincia\u00bb","block_context":{"text":"Provincia","link":"http:\/\/www.24baires.com\/?cat=40"},"img":{"alt_text":"","src":"https:\/\/i0.wp.com\/www.24baires.com\/wp-content\/uploads\/2019\/11\/vidal-reunion.jpg?resize=350%2C200","width":350,"height":200,"srcset":"https:\/\/i0.wp.com\/www.24baires.com\/wp-content\/uploads\/2019\/11\/vidal-reunion.jpg?resize=350%2C200 1x, https:\/\/i0.wp.com\/www.24baires.com\/wp-content\/uploads\/2019\/11\/vidal-reunion.jpg?resize=525%2C300 1.5x"},"classes":[]},{"id":117864,"url":"http:\/\/www.24baires.com\/?p=117864","url_meta":{"origin":62803,"position":4},"title":"Jorge Macri se baj\u00f3 de la interna bonaerense de Juntos por el Cambio","author":"AF","date":"15\/07\/2021","format":false,"excerpt":"\"Llego a esta decisi\u00f3n convencido de que todos debemos ceder para fortalecer algo m\u00e1s grande que cada uno de nosotros\", dijo a trav\u00e9s de su cuenta de Twitter el intendente de Vicente L\u00f3pez. Pidi\u00f3 \"gestos de unidad\" en la alianza opositora. El intendente de Vicente L\u00f3pez, Jorge Macri, anunci\u00f3 este\u2026","rel":"","context":"En \u00abPol\u00edtica\u00bb","block_context":{"text":"Pol\u00edtica","link":"http:\/\/www.24baires.com\/?cat=51"},"img":{"alt_text":"","src":"https:\/\/i0.wp.com\/www.24baires.com\/wp-content\/uploads\/2021\/07\/jorge-macri.jpg?resize=350%2C200","width":350,"height":200,"srcset":"https:\/\/i0.wp.com\/www.24baires.com\/wp-content\/uploads\/2021\/07\/jorge-macri.jpg?resize=350%2C200 1x, https:\/\/i0.wp.com\/www.24baires.com\/wp-content\/uploads\/2021\/07\/jorge-macri.jpg?resize=525%2C300 1.5x"},"classes":[]},{"id":33479,"url":"http:\/\/www.24baires.com\/?p=33479","url_meta":{"origin":62803,"position":5},"title":"Vicente L\u00f3pez: FpV denunci\u00f3 agresiones por parte del PRO y el massismo","author":"GB","date":"13\/10\/2013","format":false,"excerpt":"Seg\u00fan un comunicado, en la ma\u00f1ana del s\u00e1bado \"militantes del Frente para la Victoria de Vicente L\u00f3pez recibieron amenazas y fueron agredidos f\u00edsicamente por miembros de la alianza del PRO-Frente Renovador\". El Frente para la Victoria de Vicente L\u00f3pez denunci\u00f3 amenazas y agresiones por parte de militantes de la alianza\u2026","rel":"","context":"En \u00abELECCIONES 2013\u00bb","block_context":{"text":"ELECCIONES 2013","link":"http:\/\/www.24baires.com\/?cat=72"},"img":{"alt_text":"","src":"","width":0,"height":0},"classes":[]}],"jetpack_sharing_enabled":true,"jetpack_likes_enabled":true,"jetpack_featured_media_url":"","_links":{"self":[{"href":"http:\/\/www.24baires.com\/index.php?rest_route=\/wp\/v2\/posts\/62803","targetHints":{"allow":["GET"]}}],"collection":[{"href":"http:\/\/www.24baires.com\/index.php?rest_route=\/wp\/v2\/posts"}],"about":[{"href":"http:\/\/www.24baires.com\/index.php?rest_route=\/wp\/v2\/types\/post"}],"author":[{"embeddable":true,"href":"http:\/\/www.24baires.com\/index.php?rest_route=\/wp\/v2\/users\/8"}],"replies":[{"embeddable":true,"href":"http:\/\/www.24baires.com\/index.php?rest_route=%2Fwp%2Fv2%2Fcomments&post=62803"}],"version-history":[{"count":1,"href":"http:\/\/www.24baires.com\/index.php?rest_route=\/wp\/v2\/posts\/62803\/revisions"}],"predecessor-version":[{"id":62804,"href":"http:\/\/www.24baires.com\/index.php?rest_route=\/wp\/v2\/posts\/62803\/revisions\/62804"}],"wp:attachment":[{"href":"http:\/\/www.24baires.com\/index.php?rest_route=%2Fwp%2Fv2%2Fmedia&parent=62803"}],"wp:term":[{"taxonomy":"category","embeddable":true,"href":"http:\/\/www.24baires.com\/index.php?rest_route=%2Fwp%2Fv2%2Fcategories&post=62803"},{"taxonomy":"post_tag","embeddable":true,"href":"http:\/\/www.24baires.com\/index.php?rest_route=%2Fwp%2Fv2%2Ftags&post=62803"}],"curies":[{"name":"wp","href":"https:\/\/api.w.org\/{rel}","templated":true}]}}