{"id":62794,"date":"2015-03-07T16:30:27","date_gmt":"2015-03-07T19:30:27","guid":{"rendered":"http:\/\/www.24baires.com\/?p=62794"},"modified":"2015-03-07T17:06:50","modified_gmt":"2015-03-07T20:06:50","slug":"nuestro-adversario-es-la-derecha-y-no-esta-dentro-del-frente-para-la-victoria","status":"publish","type":"post","link":"http:\/\/www.24baires.com\/?p=62794","title":{"rendered":"\u00abNuestro adversario es la derecha y no est\u00e1 dentro del Frente para la Victoria\u00bb"},"content":{"rendered":"<p><img data-recalc-dims=\"1\" loading=\"lazy\" decoding=\"async\" class=\"aligncenter size-full wp-image-61674\" src=\"https:\/\/i0.wp.com\/www.24baires.com\/wp-content\/uploads\/2015\/02\/rossi1.jpg?resize=560%2C373\" alt=\"rossi\" width=\"560\" height=\"373\" srcset=\"https:\/\/i0.wp.com\/www.24baires.com\/wp-content\/uploads\/2015\/02\/rossi1.jpg?w=560 560w, https:\/\/i0.wp.com\/www.24baires.com\/wp-content\/uploads\/2015\/02\/rossi1.jpg?resize=300%2C200 300w\" sizes=\"auto, (max-width: 560px) 100vw, 560px\" \/>El ministro de Defensa y precandidato presidencial realiz\u00f3 esas declaraciones al encabezar este mediod\u00eda un plenario de la Corriente Nacional de la Militancia en la ciudad de Santa Fe.<!--more--><\/p>\n<p>Rossi realiz\u00f3 esas declaraciones al encabezar este mediod\u00eda un plenario de la Corriente Nacional de la Militancia en la ciudad de Santa Fe, donde brind\u00f3 su apoyo a candidatos locales con miras a las primarias abiertas del pr\u00f3ximo 19 de abril en este distrito.<\/p>\n<p>\u201cNosotros siempre trabajamos para que el peronismo haga la mejor elecci\u00f3n y sea una alternativa de gobierno para los santafesinos\u201d, dijo Rossi durante la actividad.<\/p>\n<p>En ese sentido, el titular de la cartera de Defensa sostuvo que \u201csiempre defendimos las mismas ideas y estuvimos posicionados ideol\u00f3gicamente en el mismo lugar\u201d.<\/p>\n<p>\u201cTenemos las mejores expectativas porque creemos que una gran mayor\u00eda de los santafesinos acompa\u00f1ar\u00e1n las pol\u00edticas nacionales y el modelo que encabeza Cristina\u00bb, a\u00f1adi\u00f3 Rossi.<\/p>\n<p>Seg\u00fan se inform\u00f3 a trav\u00e9s de un comunicado, el plenario de la Corriente Nacional de la Militancia brind\u00f3 su apoyo a la lista de diputados provinciales que encabezan Luis Rubeo y Leandro Busatto, adem\u00e1s de las listas a intendente, concejales y presidentes comunales del centro-norte santafesino.<\/p>\n<p>\u201cNuestro adversario no est\u00e1 dentro del FPV. Nuestro adversario es la derecha argentina\u201d, aclar\u00f3 el ministro y precandidato presidencial del oficialismo.<\/p>\n<p>Adem\u00e1s, se\u00f1al\u00f3 que en la lista de diputados provinciales de su sector interno \u201cest\u00e1n representadas todas regiones de nuestra provincia\u201d y destac\u00f3 \u201cel apoyo a la f\u00f3rmula integrada por Omar Perotti y Alejandro Ramos para la gobernaci\u00f3n\u201d.<\/p>\n","protected":false},"excerpt":{"rendered":"<p>El ministro de Defensa y precandidato presidencial realiz\u00f3 esas declaraciones al encabezar este mediod\u00eda un plenario de la Corriente Nacional de la Militancia en la ciudad de Santa Fe.<\/p>\n","protected":false},"author":8,"featured_media":0,"comment_status":"open","ping_status":"open","sticky":false,"template":"","format":"standard","meta":{"_jetpack_newsletter_access":"","_jetpack_dont_email_post_to_subs":false,"_jetpack_newsletter_tier_id":0,"_jetpack_memberships_contains_paywalled_content":false,"_jetpack_memberships_contains_paid_content":false,"footnotes":""},"categories":[51],"tags":[],"class_list":["post-62794","post","type-post","status-publish","format-standard","hentry","category-politica"],"jetpack_shortlink":"https:\/\/wp.me\/p2JWE0-gkO","jetpack-related-posts":[{"id":64220,"url":"http:\/\/www.24baires.com\/?p=64220","url_meta":{"origin":62794,"position":0},"title":"Rossi pidi\u00f3 el voto para Sukerman, Rubeo y Mu\u00f1oz en Santa Fe","author":"GB","date":"13\/04\/2015","format":false,"excerpt":"El ministro de Defensa y precandidato presidencial, Agust\u00edn Rossi, pidi\u00f3 el voto para los candidatos del Frente Justicialista para la Victoria, de cara a las elecciones primarias que se celebrar\u00e1n el pr\u00f3ximo domingo en la provincia de Santa Fe. En Casa de la Corriente de Rosario, el candidato presidencial brind\u00f3\u2026","rel":"","context":"En \u00abElecciones 2015\u00bb","block_context":{"text":"Elecciones 2015","link":"http:\/\/www.24baires.com\/?cat=74"},"img":{"alt_text":"","src":"https:\/\/i0.wp.com\/www.24baires.com\/wp-content\/uploads\/2015\/04\/rossi-sobre-santa-fe.jpg?resize=350%2C200","width":350,"height":200,"srcset":"https:\/\/i0.wp.com\/www.24baires.com\/wp-content\/uploads\/2015\/04\/rossi-sobre-santa-fe.jpg?resize=350%2C200 1x, https:\/\/i0.wp.com\/www.24baires.com\/wp-content\/uploads\/2015\/04\/rossi-sobre-santa-fe.jpg?resize=525%2C300 1.5x"},"classes":[]},{"id":44814,"url":"http:\/\/www.24baires.com\/?p=44814","url_meta":{"origin":62794,"position":1},"title":"Comenz\u00f3 el Plenario de la Militancia","author":"GB","date":"27\/04\/2014","format":false,"excerpt":"El jefe de Gabinete Jorge Capitanich y el presidente del Partido Justicialista bonaerense Fernando Espinoza realizaron este mediod\u00eda el acto de apertura del Plenario de la Militancia bajo la consigna \"La militancia debate y construye futuro\", ante un auditorio colmado de militantes en el Mercado Central. Jorge Capitanich y el\u2026","rel":"","context":"En \u00abPol\u00edtica\u00bb","block_context":{"text":"Pol\u00edtica","link":"http:\/\/www.24baires.com\/?cat=51"},"img":{"alt_text":"","src":"https:\/\/i0.wp.com\/www.24baires.com\/wp-content\/uploads\/2014\/04\/capi-plenario-militancia.jpg?resize=350%2C200","width":350,"height":200},"classes":[]},{"id":35281,"url":"http:\/\/www.24baires.com\/?p=35281","url_meta":{"origin":62794,"position":2},"title":"Finaliz\u00f3 en Rosario el 2\u00ba Encuentro de la Corriente Nacional de la Militancia","author":"Grupo Sierra","date":"16\/11\/2013","format":false,"excerpt":"Con una enf\u00e1tica defensa de las pol\u00edticas del gobierno nacional de estos \u00faltimos 10 a\u00f1os y del modelo de pa\u00eds que lleva adelante la presidenta Cristina Fern\u00e1ndez de Kirchner, finaliz\u00f3 esta noche en Rosario el segundo congreso federal de la Corriente Nacional de la Militancia. El encuentro se realiz\u00f3 en\u2026","rel":"","context":"En \u00abPol\u00edtica\u00bb","block_context":{"text":"Pol\u00edtica","link":"http:\/\/www.24baires.com\/?cat=51"},"img":{"alt_text":"","src":"https:\/\/i0.wp.com\/www.24baires.com\/wp-content\/uploads\/2013\/11\/CORRIENTE-MILITANCIA.jpg?resize=350%2C200","width":350,"height":200,"srcset":"https:\/\/i0.wp.com\/www.24baires.com\/wp-content\/uploads\/2013\/11\/CORRIENTE-MILITANCIA.jpg?resize=350%2C200 1x, https:\/\/i0.wp.com\/www.24baires.com\/wp-content\/uploads\/2013\/11\/CORRIENTE-MILITANCIA.jpg?resize=525%2C300 1.5x"},"classes":[]},{"id":30559,"url":"http:\/\/www.24baires.com\/?p=30559","url_meta":{"origin":62794,"position":3},"title":"Rossi elogi\u00f3 el rol del ejercito y expres\u00f3 la necesidad de vincular a las Fuerzas Armadas con la sociedad","author":"GB","date":"21\/08\/2013","format":false,"excerpt":"Durante un acto con soldados que participaron de las tareas de rescate en la tragedia de Rosario, el ministro de Defensa abog\u00f3 por \u201cconstruir puentes que permitan vincular a las Fuerzas Armadas con la sociedad civil\". \u201cMi objetivo es que cuando termine mi gesti\u00f3n tengamos unas Fuerzas Armadas de las\u2026","rel":"","context":"En \u00abPol\u00edtica\u00bb","block_context":{"text":"Pol\u00edtica","link":"http:\/\/www.24baires.com\/?cat=51"},"img":{"alt_text":"Rossi","src":"https:\/\/i0.wp.com\/www.24baires.com\/wp-content\/uploads\/2013\/08\/Rossi-300x190.jpg?resize=350%2C200","width":350,"height":200},"classes":[]},{"id":103525,"url":"http:\/\/www.24baires.com\/?p=103525","url_meta":{"origin":62794,"position":4},"title":"Presentan proyecto para derogar el decreto de Macri de intervenci\u00f3n de las Fuerzas Armadas","author":"AF","date":"25\/07\/2018","format":false,"excerpt":"Los fundamentos de la iniciativa que encabeza el presidente del bloque FPV-PJ, Agust\u00edn Rossi, sostienen que el presidente \u201ca trav\u00e9s de un simple decreto reglamentario intenta cambiar las bases sobre las que est\u00e1 estructurado nuestro sistema de Defensa Nacional, construido desde la recuperaci\u00f3n democr\u00e1tica\u201d. Diputados y diputadas del bloque FPV-PJ\u2026","rel":"","context":"En \u00abLocales\u00bb","block_context":{"text":"Locales","link":"http:\/\/www.24baires.com\/?cat=38"},"img":{"alt_text":"","src":"https:\/\/i0.wp.com\/www.24baires.com\/wp-content\/uploads\/2018\/07\/macri-fuerzas.jpg?resize=350%2C200","width":350,"height":200,"srcset":"https:\/\/i0.wp.com\/www.24baires.com\/wp-content\/uploads\/2018\/07\/macri-fuerzas.jpg?resize=350%2C200 1x, https:\/\/i0.wp.com\/www.24baires.com\/wp-content\/uploads\/2018\/07\/macri-fuerzas.jpg?resize=525%2C300 1.5x"},"classes":[]},{"id":61668,"url":"http:\/\/www.24baires.com\/?p=61668","url_meta":{"origin":62794,"position":5},"title":"Rossi: \u00abEsta marcha de algunos fiscales esconde muchas cosas\u00bb","author":"GB","date":"12\/02\/2015","format":false,"excerpt":"El ministro de Defensa record\u00f3 que el fiscal Marijuan, uno de los m\u00e1s activos convocantes a la marcha del 18 es amigo del abogado de Hugo Tognoli, el ex jefe de polic\u00eda de Santa F\u00e9, preso por narcotr\u00e1fico. El ministro de Defensa, Agust\u00edn Rossi, manifest\u00f3 hoy que le resulta \"una\u2026","rel":"","context":"En \u00abPol\u00edtica\u00bb","block_context":{"text":"Pol\u00edtica","link":"http:\/\/www.24baires.com\/?cat=51"},"img":{"alt_text":"rossi","src":"https:\/\/i0.wp.com\/www.24baires.com\/wp-content\/uploads\/2014\/08\/rossi.jpg?resize=350%2C200","width":350,"height":200,"srcset":"https:\/\/i0.wp.com\/www.24baires.com\/wp-content\/uploads\/2014\/08\/rossi.jpg?resize=350%2C200 1x, https:\/\/i0.wp.com\/www.24baires.com\/wp-content\/uploads\/2014\/08\/rossi.jpg?resize=525%2C300 1.5x"},"classes":[]}],"jetpack_sharing_enabled":true,"jetpack_likes_enabled":true,"jetpack_featured_media_url":"","_links":{"self":[{"href":"http:\/\/www.24baires.com\/index.php?rest_route=\/wp\/v2\/posts\/62794","targetHints":{"allow":["GET"]}}],"collection":[{"href":"http:\/\/www.24baires.com\/index.php?rest_route=\/wp\/v2\/posts"}],"about":[{"href":"http:\/\/www.24baires.com\/index.php?rest_route=\/wp\/v2\/types\/post"}],"author":[{"embeddable":true,"href":"http:\/\/www.24baires.com\/index.php?rest_route=\/wp\/v2\/users\/8"}],"replies":[{"embeddable":true,"href":"http:\/\/www.24baires.com\/index.php?rest_route=%2Fwp%2Fv2%2Fcomments&post=62794"}],"version-history":[{"count":1,"href":"http:\/\/www.24baires.com\/index.php?rest_route=\/wp\/v2\/posts\/62794\/revisions"}],"predecessor-version":[{"id":62795,"href":"http:\/\/www.24baires.com\/index.php?rest_route=\/wp\/v2\/posts\/62794\/revisions\/62795"}],"wp:attachment":[{"href":"http:\/\/www.24baires.com\/index.php?rest_route=%2Fwp%2Fv2%2Fmedia&parent=62794"}],"wp:term":[{"taxonomy":"category","embeddable":true,"href":"http:\/\/www.24baires.com\/index.php?rest_route=%2Fwp%2Fv2%2Fcategories&post=62794"},{"taxonomy":"post_tag","embeddable":true,"href":"http:\/\/www.24baires.com\/index.php?rest_route=%2Fwp%2Fv2%2Ftags&post=62794"}],"curies":[{"name":"wp","href":"https:\/\/api.w.org\/{rel}","templated":true}]}}