{"id":62755,"date":"2015-03-06T18:08:39","date_gmt":"2015-03-06T21:08:39","guid":{"rendered":"http:\/\/www.24baires.com\/?p=62755"},"modified":"2015-03-06T18:08:39","modified_gmt":"2015-03-06T21:08:39","slug":"abogado-de-lagomarsino-cuestiono-la-pericia-de-arroyo-salgado","status":"publish","type":"post","link":"http:\/\/www.24baires.com\/?p=62755","title":{"rendered":"Abogado de Lagomarsino cuestion\u00f3 la pericia de Arroyo Salgado"},"content":{"rendered":"<p><img data-recalc-dims=\"1\" loading=\"lazy\" decoding=\"async\" class=\"aligncenter size-full wp-image-60888\" src=\"https:\/\/i0.wp.com\/www.24baires.com\/wp-content\/uploads\/2015\/01\/lagomarsino-11.jpg?resize=560%2C313\" alt=\"lagomarsino 1\" width=\"560\" height=\"313\" srcset=\"https:\/\/i0.wp.com\/www.24baires.com\/wp-content\/uploads\/2015\/01\/lagomarsino-11.jpg?w=560 560w, https:\/\/i0.wp.com\/www.24baires.com\/wp-content\/uploads\/2015\/01\/lagomarsino-11.jpg?resize=300%2C168 300w\" sizes=\"auto, (max-width: 560px) 100vw, 560px\" \/>Maximiliano Rusconi revel\u00f3 que en el expediente que investiga la muerte del fiscal obra una pericia que corrobor\u00f3 que \u201cel domingo (18 de enero) a las 8 de la ma\u00f1ana\u201d, que se presume fue el propio fiscal, \u201cingres\u00f3 a su computadora, ley\u00f3 los diarios y su casilla de emails\u201d.<!--more--><\/p>\n<p>En este sentido, consign\u00f3 que los par\u00e1metros de la b\u00fasqueda indican que se trat\u00f3 de \u201cuna b\u00fasqueda normal de alguien que, por el perfil, hace un tipo de b\u00fasqueda absolutamente compatible con el rol funcional del fiscal\u201d, con lo cual \u201cno hay par\u00e1metros que hagan pensar que pod\u00eda ser un tercero\u201d.<\/p>\n<p>De esta forma, Rusconi busc\u00f3 salir a descartar la posibilidad de que la situaci\u00f3n procesal de su cliente se complique a ra\u00edz de las pericias de parte dadas a conocer ayer por la ex esposa del fiscal y jueza federal de San Isidro Sandra Arroyo Salgado, a quien cuestion\u00f3 por estar instalando \u201cuna investigaci\u00f3n paralela\u201d.<\/p>\n<p>As\u00ed lo plante\u00f3 en declaraciones formuladas a la radio La Red, en la que sostuvo que, lo que hizo ayer la jueza Arroyo Salgado, quien encabeza la querella en representaci\u00f3n de la familia, \u201cconfunde a la comunidad porque, si uno hace una lectura particular s\u00f3lo de un camino probatorio alejado del expediente, impide que la gente se entere de esto que s\u00ed est\u00e1 en el expediente y es oficial\u201d.<\/p>\n<p>\u00abEs una investigaci\u00f3n que todav\u00eda est\u00e1 en pleno desarrollo con lo cual ninguna hip\u00f3tesis debe ser excluida\u00bb, enfatiz\u00f3.<\/p>\n<p>El abogado de Lagomarsino -quien volvi\u00f3 a desligar enf\u00e1ticamente a su cliente de un eventual homicidio- advirti\u00f3 sobre la posibilidad de que la presentaci\u00f3n p\u00fablica realizada ayer por Arroyo Salgado est\u00e9 vinculada \u201ccon la generaci\u00f3n inmediata de un planteo de competencia para pasar la investigaci\u00f3n al fuero federal\u201d.<\/p>\n<p>En este sentido, entendi\u00f3 que buscar que el expediente por la muerte de Nisman pase en esta instancia al fuero federal \u201cser\u00eda un modo de interrumpir la investigaci\u00f3n y de obstaculizar la averiguaci\u00f3n de la verdad\u201d.<\/p>\n<p>En ese marco, adem\u00e1s, el abogado confirm\u00f3 lo que algunas versiones period\u00edsticas se\u00f1alaron hoy, que es que la pericia sobre las comunicaciones telef\u00f3nicas y las computadoras, \u201cse encuentra interrumpida\u201d merced a un planteo de la querella que, a su criterio es \u201cbastante discutible\u201d.<\/p>\n<p>Por eso, con estos argumentos, cont\u00f3 lo que -indic\u00f3- s\u00ed se pudo constatar al inicio de esa pericia actualmente interrumpida, que contradice lo que surge de la presentaci\u00f3n realizada ayer por Salgado, que expuso p\u00fablicamente las conclusiones de los peritos de parte que aseguran que se trat\u00f3 de un homicidio cometido entre la noche del s\u00e1bado y la madrugada del domingo.<\/p>\n<p>\u201cEn relaci\u00f3n puntual con el horario, dir\u00eda que Arroyo Salgado sabe, como lo sabe un perito que ella coloc\u00f3 en el \u00e1mbito de la investigaci\u00f3n de las llamadas telef\u00f3nicas y las computadoras, que el domingo a las 8 de la ma\u00f1ana alguien, suponemos que el fiscal Nisman, ingres\u00f3 a su computadora, ley\u00f3 los diarios e ingres\u00f3 a su casilla de emails\u201d, consign\u00f3 el abogado de Lagomarsino.<\/p>\n<p>Adem\u00e1s, defendi\u00f3 la actuaci\u00f3n de la fiscal Viviana Fein en la causa que investiga la muerte del fiscal -cuyo cad\u00e1ver fue encontrado el pasado 18 de enero en su departamento de la zona de Puerto Madero- al se\u00f1alar que se trata de \u201cuna investigaci\u00f3n que se desarrolla con la m\u00e1xima amplitud\u201d y que, \u201cno est\u00e1 dominada ni por el impacto medi\u00e1tico ni por la influencia pol\u00edtica\u201d.<\/p>\n<p>Tambi\u00e9n, indic\u00f3 que \u201cser\u00eda una mala noticia para la Argentina\u201d que Lagomarsino sea convertido \u201cen un perejil\u201d en el marco de la causa y afirm\u00f3 que, \u201cque este caso no se encuentre al verdadero culpable, ser\u00eda espantoso\u201d.<\/p>\n<p>&nbsp;<\/p>\n<p>&nbsp;<\/p>\n<p>&nbsp;<\/p>\n<p>&nbsp;<\/p>\n<p>&nbsp;<\/p>\n<p>&nbsp;<\/p>\n<p>&nbsp;<\/p>\n<p>&nbsp;<\/p>\n<p>&nbsp;<\/p>\n<p>&nbsp;<\/p>\n<p>&nbsp;<\/p>\n","protected":false},"excerpt":{"rendered":"<p>Maximiliano Rusconi revel\u00f3 que en el expediente que investiga la muerte del fiscal obra una pericia que corrobor\u00f3 que \u201cel domingo (18 de enero) a las 8 de la ma\u00f1ana\u201d, que se presume fue el propio fiscal, \u201cingres\u00f3 a su computadora, ley\u00f3 los diarios y su casilla de emails\u201d.<\/p>\n","protected":false},"author":8,"featured_media":0,"comment_status":"open","ping_status":"open","sticky":false,"template":"","format":"standard","meta":{"_jetpack_newsletter_access":"","_jetpack_dont_email_post_to_subs":false,"_jetpack_newsletter_tier_id":0,"_jetpack_memberships_contains_paywalled_content":false,"_jetpack_memberships_contains_paid_content":false,"footnotes":""},"categories":[51],"tags":[],"class_list":["post-62755","post","type-post","status-publish","format-standard","hentry","category-politica"],"jetpack_shortlink":"https:\/\/wp.me\/p2JWE0-gkb","jetpack-related-posts":[{"id":63970,"url":"http:\/\/www.24baires.com\/?p=63970","url_meta":{"origin":62755,"position":0},"title":"La jueza Palmaghini define si aparta a Fein de la causa","author":"GB","date":"07\/04\/2015","format":false,"excerpt":"La jueza de instrucci\u00f3n resolver\u00e1 entre la \u00faltima hora de hoy y ma\u00f1ana si aparta a la fiscal de la investigaci\u00f3n de la muerte de Nisman, a pedido de Sandra Arroyo Salgado, en la audiencia de recusaci\u00f3n en la que, como querellante, reiter\u00f3 su disgusto con la forma en la\u2026","rel":"","context":"En \u00abPol\u00edtica\u00bb","block_context":{"text":"Pol\u00edtica","link":"http:\/\/www.24baires.com\/?cat=51"},"img":{"alt_text":"","src":"","width":0,"height":0},"classes":[]},{"id":62950,"url":"http:\/\/www.24baires.com\/?p=62950","url_meta":{"origin":62755,"position":1},"title":"Arroyo Salgado dijo que \u00aba Nisman lo habr\u00edan matado por dinero\u00bb","author":"Grupo Sierra","date":"10\/03\/2015","format":false,"excerpt":"La exde Nisman se present\u00f3 el lunes a declarar de forma sorpresiva para ampliar su testimonio como querellante en la causa. Revel\u00f3 su hip\u00f3tesis que la hace pensar que fue un \"asesinato\". Tendr\u00eda que ver con un tema econ\u00f3mico. El lunes a la tarde, la jueza de San Isidro, Sandra\u2026","rel":"","context":"En \u00abJUDICIALES\u00bb","block_context":{"text":"JUDICIALES","link":"http:\/\/www.24baires.com\/?cat=68"},"img":{"alt_text":"arroyo_salgado_senado nisman","src":"https:\/\/i0.wp.com\/www.24baires.com\/wp-content\/uploads\/2015\/02\/arroyo_salgado_senado-nisman.jpg?resize=350%2C200","width":350,"height":200,"srcset":"https:\/\/i0.wp.com\/www.24baires.com\/wp-content\/uploads\/2015\/02\/arroyo_salgado_senado-nisman.jpg?resize=350%2C200 1x, https:\/\/i0.wp.com\/www.24baires.com\/wp-content\/uploads\/2015\/02\/arroyo_salgado_senado-nisman.jpg?resize=525%2C300 1.5x"},"classes":[]},{"id":63426,"url":"http:\/\/www.24baires.com\/?p=63426","url_meta":{"origin":62755,"position":2},"title":"Arroyo Salgado neg\u00f3 que haya pedido que se suspendan pericias inform\u00e1tica","author":"GB","date":"20\/03\/2015","format":false,"excerpt":"La querella que representa a las hijas de Alberto Nisman en la causa que se investiga la muerte del fiscal de la UFI AMIA lo afirm\u00f3 a trav\u00e9s de un comunicado, y destac\u00f3 adem\u00e1s que la juez de Instrucci\u00f3n Fabiana Palmaghini \"nunca orden\u00f3 la suspensi\u00f3n\" de esa medida de prueba.\u2026","rel":"","context":"En \u00abPol\u00edtica\u00bb","block_context":{"text":"Pol\u00edtica","link":"http:\/\/www.24baires.com\/?cat=51"},"img":{"alt_text":"arroyo_salgado_senado nisman","src":"https:\/\/i0.wp.com\/www.24baires.com\/wp-content\/uploads\/2015\/02\/arroyo_salgado_senado-nisman.jpg?resize=350%2C200","width":350,"height":200,"srcset":"https:\/\/i0.wp.com\/www.24baires.com\/wp-content\/uploads\/2015\/02\/arroyo_salgado_senado-nisman.jpg?resize=350%2C200 1x, https:\/\/i0.wp.com\/www.24baires.com\/wp-content\/uploads\/2015\/02\/arroyo_salgado_senado-nisman.jpg?resize=525%2C300 1.5x"},"classes":[]},{"id":62685,"url":"http:\/\/www.24baires.com\/?p=62685","url_meta":{"origin":62755,"position":3},"title":"Para Arroyo Salgado, \u00abNisman no se suicid\u00f3, lo mataron\u00bb","author":"GB","date":"05\/03\/2015","format":false,"excerpt":"La jueza federal de San Isidro, Sandra Arroyo Salgado, anunci\u00f3 los resultados de las pericias que realizaron los expertos \u201cde parte\u201d que design\u00f3 en la causa en la que se investiga la muerte del ex fiscal Alberto Nisman. La jueza federal de San Isidro, Sandra Arroyo Salgado, asegur\u00f3 hoy que\u2026","rel":"","context":"En \u00abPol\u00edtica\u00bb","block_context":{"text":"Pol\u00edtica","link":"http:\/\/www.24baires.com\/?cat=51"},"img":{"alt_text":"arroyo_salgado_senado nisman","src":"https:\/\/i0.wp.com\/www.24baires.com\/wp-content\/uploads\/2015\/02\/arroyo_salgado_senado-nisman.jpg?resize=350%2C200","width":350,"height":200,"srcset":"https:\/\/i0.wp.com\/www.24baires.com\/wp-content\/uploads\/2015\/02\/arroyo_salgado_senado-nisman.jpg?resize=350%2C200 1x, https:\/\/i0.wp.com\/www.24baires.com\/wp-content\/uploads\/2015\/02\/arroyo_salgado_senado-nisman.jpg?resize=525%2C300 1.5x"},"classes":[]},{"id":106483,"url":"http:\/\/www.24baires.com\/?p=106483","url_meta":{"origin":62755,"position":4},"title":"B\u00fasqueda de la odont\u00f3loga de Berisso: rastrillan el Arroyo Rodr\u00edguez en Villa Elisa","author":"GB","date":"22\/01\/2019","format":false,"excerpt":"Gisella Sol\u00eds, de 47 a\u00f1os, contin\u00faa sin aparecer. Decenas de polic\u00edas rastrean en este momento el canal que atraviesa la Autopista La Plata \u2013 Buenos Aires. En paralelo buscan pistas en las c\u00e1maras de seguridad de Villa Arg\u00fcello. Citaron a declarar a la esposa de Abel Campos, el hombre que\u2026","rel":"","context":"En \u00abPol\u00edtica\u00bb","block_context":{"text":"Pol\u00edtica","link":"http:\/\/www.24baires.com\/?cat=51"},"img":{"alt_text":"","src":"https:\/\/i0.wp.com\/www.24baires.com\/wp-content\/uploads\/2019\/01\/gisella-solis.jpg?resize=350%2C200","width":350,"height":200,"srcset":"https:\/\/i0.wp.com\/www.24baires.com\/wp-content\/uploads\/2019\/01\/gisella-solis.jpg?resize=350%2C200 1x, https:\/\/i0.wp.com\/www.24baires.com\/wp-content\/uploads\/2019\/01\/gisella-solis.jpg?resize=525%2C300 1.5x"},"classes":[]},{"id":62849,"url":"http:\/\/www.24baires.com\/?p=62849","url_meta":{"origin":62755,"position":5},"title":"An\u00edbal Fern\u00e1ndez volvi\u00f3 a cuestionar el informe de Arroyo Salgado","author":"AF","date":"09\/03\/2015","format":false,"excerpt":"El jefe de Gabinete consider\u00f3 \"llamativo\" el informe presentado la semana pasada por ex esposa del Alberto Nisman. \"Ac\u00e1 no hay dos pericias: hay una sola realizada a pedido de la fiscal Fein, que hizo un equipo con enorme prestigio\u201d, y la otra es un informe hecho por profesionales con\u2026","rel":"","context":"En \u00abJUDICIALES\u00bb","block_context":{"text":"JUDICIALES","link":"http:\/\/www.24baires.com\/?cat=68"},"img":{"alt_text":"wpid-wp-1425646392210.jpeg","src":"https:\/\/i0.wp.com\/www.24baires.com\/wp-content\/uploads\/2015\/03\/wpid-wp-1425646392210.jpeg?resize=350%2C200","width":350,"height":200,"srcset":"https:\/\/i0.wp.com\/www.24baires.com\/wp-content\/uploads\/2015\/03\/wpid-wp-1425646392210.jpeg?resize=350%2C200 1x, https:\/\/i0.wp.com\/www.24baires.com\/wp-content\/uploads\/2015\/03\/wpid-wp-1425646392210.jpeg?resize=525%2C300 1.5x"},"classes":[]}],"jetpack_sharing_enabled":true,"jetpack_likes_enabled":true,"jetpack_featured_media_url":"","_links":{"self":[{"href":"http:\/\/www.24baires.com\/index.php?rest_route=\/wp\/v2\/posts\/62755","targetHints":{"allow":["GET"]}}],"collection":[{"href":"http:\/\/www.24baires.com\/index.php?rest_route=\/wp\/v2\/posts"}],"about":[{"href":"http:\/\/www.24baires.com\/index.php?rest_route=\/wp\/v2\/types\/post"}],"author":[{"embeddable":true,"href":"http:\/\/www.24baires.com\/index.php?rest_route=\/wp\/v2\/users\/8"}],"replies":[{"embeddable":true,"href":"http:\/\/www.24baires.com\/index.php?rest_route=%2Fwp%2Fv2%2Fcomments&post=62755"}],"version-history":[{"count":1,"href":"http:\/\/www.24baires.com\/index.php?rest_route=\/wp\/v2\/posts\/62755\/revisions"}],"predecessor-version":[{"id":62756,"href":"http:\/\/www.24baires.com\/index.php?rest_route=\/wp\/v2\/posts\/62755\/revisions\/62756"}],"wp:attachment":[{"href":"http:\/\/www.24baires.com\/index.php?rest_route=%2Fwp%2Fv2%2Fmedia&parent=62755"}],"wp:term":[{"taxonomy":"category","embeddable":true,"href":"http:\/\/www.24baires.com\/index.php?rest_route=%2Fwp%2Fv2%2Fcategories&post=62755"},{"taxonomy":"post_tag","embeddable":true,"href":"http:\/\/www.24baires.com\/index.php?rest_route=%2Fwp%2Fv2%2Ftags&post=62755"}],"curies":[{"name":"wp","href":"https:\/\/api.w.org\/{rel}","templated":true}]}}