{"id":62753,"date":"2015-03-06T17:45:07","date_gmt":"2015-03-06T20:45:07","guid":{"rendered":"http:\/\/www.24baires.com\/?p=62753"},"modified":"2015-03-06T17:45:07","modified_gmt":"2015-03-06T20:45:07","slug":"massa-sigue-perdiendo-aliados-esta-vez-un-senador-bonaerense","status":"publish","type":"post","link":"http:\/\/www.24baires.com\/?p=62753","title":{"rendered":"Massa sigue perdiendo aliados, esta vez un senador bonaerense"},"content":{"rendered":"<p><img data-recalc-dims=\"1\" loading=\"lazy\" decoding=\"async\" class=\"aligncenter size-full wp-image-59522\" src=\"https:\/\/i0.wp.com\/www.24baires.com\/wp-content\/uploads\/2015\/01\/massa-mate.jpg?resize=560%2C373\" alt=\"massa mate\" width=\"560\" height=\"373\" srcset=\"https:\/\/i0.wp.com\/www.24baires.com\/wp-content\/uploads\/2015\/01\/massa-mate.jpg?w=560 560w, https:\/\/i0.wp.com\/www.24baires.com\/wp-content\/uploads\/2015\/01\/massa-mate.jpg?resize=300%2C200 300w\" sizes=\"auto, (max-width: 560px) 100vw, 560px\" \/>El senador bonaerense Alfonso Coll Areco renunci\u00f3 a la bancada del Frente Renovador (FR) y anunci\u00f3 la creaci\u00f3n de un monobloque, convirti\u00e9ndose as\u00ed en el segundo legislador en enfrentarse a su referente pol\u00edtico y abandonar las filas del espacio que lidera Sergio Massa.<!--more--><\/p>\n<p>Coll Areco, quien lleg\u00f3 al Senado bonaerense de la mano del intendente massista de San Miguel, Joaqu\u00edn de la Torre, rompi\u00f3 relaciones con su jefe pol\u00edtico porque el Frente Renovador le prohibi\u00f3 ir en las internas abiertas como precandidato a intendente de ese distrito.<\/p>\n<p>El senador bonaerense explic\u00f3 su salida del massismo al asegurar que \u00abel Frente Renovador dijo que en los distritos en los que hay intendente massista, no habr\u00e1 dos listas. Y yo quiero competir en las elecciones. Entonces no me dejan posibilidades\u00bb, sentenci\u00f3.<\/p>\n<p>Adem\u00e1s, sentenci\u00f3: \u00abQuiero un cambio m\u00e1s profundo que el que ven\u00edamos proponiendo en el Frente Renovador\u00bb.<\/p>\n<p>\u00abPor una cuesti\u00f3n de respeto, aun no habl\u00e9 con referentes de otras fuerzas. Decid\u00ed salir del Frente Renovador, pero todav\u00eda no defin\u00ed nada m\u00e1s. Ahora voy a empezar a plasmar mi plataforma de contenido y ver\u00e9. La ingenier\u00eda electoral se ver\u00e1 despu\u00e9s\u00bb, afirm\u00f3 el senador bonaerense a esta agencia.<\/p>\n<p>Coll Areco fue jefe de Gabinete, jefe de campa\u00f1a y secretario de Gobierno de De la Torre -uno de los intendentes m\u00e1s cercanos a Massa y fundador del FR- y lleg\u00f3 al Senado provincial en 2013 como representante de la s\u00e9ptima secci\u00f3n electoral por un acuerdo con otro hombre fuerte del massismo en la provincia, Jos\u00e9 Eseverri.<\/p>\n<p>La salida de de Coll Areco se suma a la del senador Mariano San Pedro, quien tambi\u00e9n rompi\u00f3 con su jefe pol\u00edtico Dar\u00edo Giustozzi, abandon\u00f3 las filas del massismo y ya defini\u00f3 su futuro pol\u00edtico al volver al Frente para la Victoria.<\/p>\n<p>En ese marco, el massismo demuestra una profundizaci\u00f3n de la crisis interna en ese espacio debido a las disputas por ser el \u00fanico candidato del Frente Renovador a nivel municipal y tambi\u00e9n provincial porque hay muchos dirigentes que se fueron del FpV en 2013 que quieren tener mayor protagonismo este a\u00f1o electoral.<\/p>\n<p>Los roces entre los principales dirigentes fundadores del massismo ya gener\u00f3 dos rupturas entre los referentes pol\u00edticos y sus laderos, quienes dejaron muy mal posicionados a Giustozi y de la Torre, dos hombres del ri\u00f1\u00f3n de Massa.<\/p>\n<p>Ahora, el bloque massista en el Senado quedar\u00e1 con 18 legisladores ya que d\u00edas atr\u00e1s el senador Roberto Costa abandon\u00f3 esa bancada para pasarse al armado de Gustavo Posse; mientras que el Frente para la Victoria cuenta con 19 legisladores m\u00e1s dos aliados (Mario Ishii y M\u00f3nica Macha que tienen bancadas unipersonales); hay 3 senadores de la UCR; uno del GEN y 2 de Juntos por Buenos Aires.<\/p>\n<p>La nueva bancada de Coll Areco se llamar\u00e1 \u00abBuenos Aires de pie. 29 de Septiembre\u00bb, el alusi\u00f3n al D\u00eda de San Miguel Arcangel, el patrono del municipio de San Miguel.<\/p>\n<p>&nbsp;<\/p>\n<p>&nbsp;<\/p>\n<p>&nbsp;<\/p>\n<p>&nbsp;<\/p>\n<p>&nbsp;<\/p>\n<p>&nbsp;<\/p>\n<p>&nbsp;<\/p>\n<p>&nbsp;<\/p>\n<p>&nbsp;<\/p>\n<p>&nbsp;<\/p>\n<p>&nbsp;<\/p>\n<p>&nbsp;<\/p>\n<p>&nbsp;<\/p>\n","protected":false},"excerpt":{"rendered":"<p>El senador bonaerense Alfonso Coll Areco renunci\u00f3 a la bancada del Frente Renovador (FR) y anunci\u00f3 la creaci\u00f3n de un monobloque, convirti\u00e9ndose as\u00ed en el segundo legislador en enfrentarse a su referente pol\u00edtico y abandonar las filas del espacio que lidera Sergio Massa.<\/p>\n","protected":false},"author":8,"featured_media":0,"comment_status":"open","ping_status":"open","sticky":false,"template":"","format":"standard","meta":{"_jetpack_newsletter_access":"","_jetpack_dont_email_post_to_subs":false,"_jetpack_newsletter_tier_id":0,"_jetpack_memberships_contains_paywalled_content":false,"_jetpack_memberships_contains_paid_content":false,"footnotes":""},"categories":[51],"tags":[],"class_list":["post-62753","post","type-post","status-publish","format-standard","hentry","category-politica"],"jetpack_shortlink":"https:\/\/wp.me\/p2JWE0-gk9","jetpack-related-posts":[{"id":75526,"url":"http:\/\/www.24baires.com\/?p=75526","url_meta":{"origin":62753,"position":0},"title":"Dos senadores se unieron y conformaron el bloque Justicialismo Bonaerense","author":"AF","date":"24\/11\/2015","format":false,"excerpt":"Los senadores Alfonso Coll Areco y Roque Cariglino, que hasta el momento ten\u00edan bloques unipersonales, se juntaron para conformar uno nuevo: Justicialismo Bonaerense. Ambos legisladores formaron parte del Frente Renovador pero luego se fueron y quedaron con bloque propio. Coll Areco compiti\u00f3 en la interna por la intendencia de San\u2026","rel":"","context":"En \u00abProvincia\u00bb","block_context":{"text":"Provincia","link":"http:\/\/www.24baires.com\/?cat=40"},"img":{"alt_text":"","src":"","width":0,"height":0},"classes":[]},{"id":65630,"url":"http:\/\/www.24baires.com\/?p=65630","url_meta":{"origin":62753,"position":1},"title":"Roque Cariglino se suma a los que abandonan el Frente Renovador","author":"GB","date":"09\/05\/2015","format":false,"excerpt":"El hermano de Jes\u00fas Cariglino y senador bonaerense tambi\u00e9n pega el portazo, siguiendo la decisi\u00f3n del primero. El bloque de Sergio Massa ten\u00eda 20 miembros hasta diciembre del a\u00f1o pasado y ahora qued\u00f3 con 16, sin mayor\u00eda, superado nuevamente por el Frente para la Victoria. Como con Jes\u00fas, el massismo\u2026","rel":"","context":"En \u00abPol\u00edtica\u00bb","block_context":{"text":"Pol\u00edtica","link":"http:\/\/www.24baires.com\/?cat=51"},"img":{"alt_text":"","src":"https:\/\/i0.wp.com\/www.24baires.com\/wp-content\/uploads\/2015\/05\/roque-cariglino.jpg?resize=350%2C200","width":350,"height":200,"srcset":"https:\/\/i0.wp.com\/www.24baires.com\/wp-content\/uploads\/2015\/05\/roque-cariglino.jpg?resize=350%2C200 1x, https:\/\/i0.wp.com\/www.24baires.com\/wp-content\/uploads\/2015\/05\/roque-cariglino.jpg?resize=525%2C300 1.5x"},"classes":[]},{"id":65562,"url":"http:\/\/www.24baires.com\/?p=65562","url_meta":{"origin":62753,"position":2},"title":"San Miguel: denuncian al Intendente por quitarle alimentos a un comedor","author":"AF","date":"08\/05\/2015","format":false,"excerpt":"La denuncia recay\u00f3 sobre Joaqu\u00edn de la Torre y la hizo el senador Carlos Coll Areco, quien se\u00f1al\u00f3 que el jefe comunal dej\u00f3 de enviar la comida porque los trabajadores del comedor comunitario hab\u00edan advertido que no quer\u00edan \"trabajar pol\u00edticamente con Massa\". Se trata del comedor San Francisco de Sales\u2026","rel":"","context":"En \u00abLocales\u00bb","block_context":{"text":"Locales","link":"http:\/\/www.24baires.com\/?cat=38"},"img":{"alt_text":"comedors-escolares-610x360","src":"https:\/\/i0.wp.com\/www.24baires.com\/wp-content\/uploads\/2013\/05\/comedors-escolares-610x360.jpg?resize=350%2C200","width":350,"height":200,"srcset":"https:\/\/i0.wp.com\/www.24baires.com\/wp-content\/uploads\/2013\/05\/comedors-escolares-610x360.jpg?resize=350%2C200 1x, https:\/\/i0.wp.com\/www.24baires.com\/wp-content\/uploads\/2013\/05\/comedors-escolares-610x360.jpg?resize=525%2C300 1.5x"},"classes":[]},{"id":108380,"url":"http:\/\/www.24baires.com\/?p=108380","url_meta":{"origin":62753,"position":3},"title":"Reuni\u00f3n de Alberto Fern\u00e1ndez con intendentes del PJ bonaerense","author":"AF","date":"24\/05\/2019","format":false,"excerpt":"El precandidato presidencial Alberto Fern\u00e1ndez se reuni\u00f3 este mediod\u00eda con intendentes y legisladores peronistas en la localidad de San Antonio de Areco con la mirada puesta en recuperar los votos perdidos por el kirchnerismo en el interior rural bonaerense y continuar el debate respecto de la candidatura para gobernador. \"El\u2026","rel":"","context":"En \u00abPol\u00edtica\u00bb","block_context":{"text":"Pol\u00edtica","link":"http:\/\/www.24baires.com\/?cat=51"},"img":{"alt_text":"","src":"https:\/\/i0.wp.com\/www.24baires.com\/wp-content\/uploads\/2019\/05\/alberto-fernandez-intendentes-bonaerenses.jpg?resize=350%2C200","width":350,"height":200,"srcset":"https:\/\/i0.wp.com\/www.24baires.com\/wp-content\/uploads\/2019\/05\/alberto-fernandez-intendentes-bonaerenses.jpg?resize=350%2C200 1x, https:\/\/i0.wp.com\/www.24baires.com\/wp-content\/uploads\/2019\/05\/alberto-fernandez-intendentes-bonaerenses.jpg?resize=525%2C300 1.5x"},"classes":[]},{"id":100697,"url":"http:\/\/www.24baires.com\/?p=100697","url_meta":{"origin":62753,"position":4},"title":"Sol\u00e1: \u00abMassa va a tener que sumarse a la unidad del peronismo\u00bb","author":"GB","date":"23\/02\/2018","format":false,"excerpt":"El diputado nacional del FR sostuvo que \"lo importante es la unidad para enfrentar al neoliberalismo\". En medio de la discusi\u00f3n por la unidad del PJ de cara al 2019, el diputado nacional Felipe Sol\u00e1 presion\u00f3 a su actual jefe pol\u00edtico Sergio Massa para que haga a un lado sus\u2026","rel":"","context":"En \u00abPol\u00edtica\u00bb","block_context":{"text":"Pol\u00edtica","link":"http:\/\/www.24baires.com\/?cat=51"},"img":{"alt_text":"","src":"https:\/\/i0.wp.com\/www.24baires.com\/wp-content\/uploads\/2014\/07\/felipe-sol%C3%A1.jpg?resize=350%2C200","width":350,"height":200,"srcset":"https:\/\/i0.wp.com\/www.24baires.com\/wp-content\/uploads\/2014\/07\/felipe-sol%C3%A1.jpg?resize=350%2C200 1x, https:\/\/i0.wp.com\/www.24baires.com\/wp-content\/uploads\/2014\/07\/felipe-sol%C3%A1.jpg?resize=525%2C300 1.5x"},"classes":[]},{"id":105250,"url":"http:\/\/www.24baires.com\/?p=105250","url_meta":{"origin":62753,"position":5},"title":"Vidal se reuni\u00f3 con Massa en busca de un aliado para destrabar el Presupuesto 2019","author":"GB","date":"02\/11\/2018","format":false,"excerpt":"La gobernadora Mar\u00eda Eugenia Vidal mantuvo un encuentro con el l\u00edder del Frente Renovador, Sergio Massa, en busca de un aliado para aprobar el Presupuesto 2019 en la Legislatura bonaerense, y luego de que el dirigente dijera que se correr\u00eda de ese debate, cuando el espacio que encabeza es clave\u2026","rel":"","context":"En \u00abProvincia\u00bb","block_context":{"text":"Provincia","link":"http:\/\/www.24baires.com\/?cat=40"},"img":{"alt_text":"","src":"https:\/\/i0.wp.com\/www.24baires.com\/wp-content\/uploads\/2018\/11\/vidal-massa-300x200.jpg?resize=350%2C200","width":350,"height":200},"classes":[]}],"jetpack_sharing_enabled":true,"jetpack_likes_enabled":true,"jetpack_featured_media_url":"","_links":{"self":[{"href":"http:\/\/www.24baires.com\/index.php?rest_route=\/wp\/v2\/posts\/62753","targetHints":{"allow":["GET"]}}],"collection":[{"href":"http:\/\/www.24baires.com\/index.php?rest_route=\/wp\/v2\/posts"}],"about":[{"href":"http:\/\/www.24baires.com\/index.php?rest_route=\/wp\/v2\/types\/post"}],"author":[{"embeddable":true,"href":"http:\/\/www.24baires.com\/index.php?rest_route=\/wp\/v2\/users\/8"}],"replies":[{"embeddable":true,"href":"http:\/\/www.24baires.com\/index.php?rest_route=%2Fwp%2Fv2%2Fcomments&post=62753"}],"version-history":[{"count":1,"href":"http:\/\/www.24baires.com\/index.php?rest_route=\/wp\/v2\/posts\/62753\/revisions"}],"predecessor-version":[{"id":62754,"href":"http:\/\/www.24baires.com\/index.php?rest_route=\/wp\/v2\/posts\/62753\/revisions\/62754"}],"wp:attachment":[{"href":"http:\/\/www.24baires.com\/index.php?rest_route=%2Fwp%2Fv2%2Fmedia&parent=62753"}],"wp:term":[{"taxonomy":"category","embeddable":true,"href":"http:\/\/www.24baires.com\/index.php?rest_route=%2Fwp%2Fv2%2Fcategories&post=62753"},{"taxonomy":"post_tag","embeddable":true,"href":"http:\/\/www.24baires.com\/index.php?rest_route=%2Fwp%2Fv2%2Ftags&post=62753"}],"curies":[{"name":"wp","href":"https:\/\/api.w.org\/{rel}","templated":true}]}}