{"id":62750,"date":"2015-03-06T16:03:08","date_gmt":"2015-03-06T19:03:08","guid":{"rendered":"http:\/\/www.24baires.com\/?p=62750"},"modified":"2015-03-06T16:03:29","modified_gmt":"2015-03-06T19:03:29","slug":"binner-se-bajo-de-la-carrera-presidencial-y-postulo-a-stolizer","status":"publish","type":"post","link":"http:\/\/www.24baires.com\/?p=62750","title":{"rendered":"Binner se baj\u00f3 de la carrera presidencial y postul\u00f3 a Stolizer"},"content":{"rendered":"<p><img data-recalc-dims=\"1\" loading=\"lazy\" decoding=\"async\" class=\"aligncenter size-full wp-image-62751\" src=\"https:\/\/i0.wp.com\/www.24baires.com\/wp-content\/uploads\/2015\/03\/binner.jpg?resize=560%2C409\" alt=\"binner\" width=\"560\" height=\"409\" srcset=\"https:\/\/i0.wp.com\/www.24baires.com\/wp-content\/uploads\/2015\/03\/binner.jpg?w=560 560w, https:\/\/i0.wp.com\/www.24baires.com\/wp-content\/uploads\/2015\/03\/binner.jpg?resize=300%2C219 300w\" sizes=\"auto, (max-width: 560px) 100vw, 560px\" \/>El diputado socialista no competir\u00e1 en las PASO de agosto en el marco del Frente Amplio UNEN. La titular del GEN ir\u00e1 en su lugar en la interna, que por ahora contiene al radicalismo y Proyecto Sur.<!--more--><\/p>\n<p>El diputado socialista no competir\u00e1 en las PASO de agosto en el marco del Frente Amplio UNEN. La titular del GEN ir\u00e1 en su lugar en la interna, que por ahora contiene al radicalismo y Proyecto Sur.<\/p>\n<p>&nbsp;<\/p>\n<p>&nbsp;<\/p>\n<p>&nbsp;<\/p>\n<p>&nbsp;<\/p>\n<p>&nbsp;<\/p>\n<p>&nbsp;<\/p>\n<p>&nbsp;<\/p>\n<p>&nbsp;<\/p>\n<p>&nbsp;<\/p>\n<p>&nbsp;<\/p>\n<p>&nbsp;<\/p>\n","protected":false},"excerpt":{"rendered":"<p>El diputado socialista no competir\u00e1 en las PASO de agosto en el marco del Frente Amplio UNEN. La titular del GEN ir\u00e1 en su lugar en la interna, que por ahora contiene al radicalismo y Proyecto Sur.<\/p>\n","protected":false},"author":8,"featured_media":0,"comment_status":"open","ping_status":"open","sticky":false,"template":"","format":"standard","meta":{"_jetpack_newsletter_access":"","_jetpack_dont_email_post_to_subs":false,"_jetpack_newsletter_tier_id":0,"_jetpack_memberships_contains_paywalled_content":false,"_jetpack_memberships_contains_paid_content":false,"footnotes":""},"categories":[51],"tags":[],"class_list":["post-62750","post","type-post","status-publish","format-standard","hentry","category-politica"],"jetpack_shortlink":"https:\/\/wp.me\/p2JWE0-gk6","jetpack-related-posts":[{"id":60220,"url":"http:\/\/www.24baires.com\/?p=60220","url_meta":{"origin":62750,"position":0},"title":"Stolbizer contra Carri\u00f3 y la UCR","author":"Grupo Sierra","date":"16\/01\/2015","format":false,"excerpt":"La titular del GEN sostuvo que \"no est\u00e1 saldada\" la discusi\u00f3n sobre la t\u00e1ctica electoral en el Frente Amplio UNEN. La diputada responsabiliz\u00f3 a Elisa Carri\u00f3 y a la UCR de \u201cdebilitar\u201d al espacio con sus planteos a favor de acordar con el PRO o con el Frente Renovador para\u2026","rel":"","context":"En \u00abPol\u00edtica\u00bb","block_context":{"text":"Pol\u00edtica","link":"http:\/\/www.24baires.com\/?cat=51"},"img":{"alt_text":"Stolbizer2","src":"https:\/\/i0.wp.com\/www.24baires.com\/wp-content\/uploads\/2014\/08\/Stolbizer2.jpg?resize=350%2C200","width":350,"height":200,"srcset":"https:\/\/i0.wp.com\/www.24baires.com\/wp-content\/uploads\/2014\/08\/Stolbizer2.jpg?resize=350%2C200 1x, https:\/\/i0.wp.com\/www.24baires.com\/wp-content\/uploads\/2014\/08\/Stolbizer2.jpg?resize=525%2C300 1.5x"},"classes":[]},{"id":44341,"url":"http:\/\/www.24baires.com\/?p=44341","url_meta":{"origin":62750,"position":1},"title":"Cerrando el rejunte, presentan esta semana el espacio UNEN","author":"Grupo Sierra","date":"20\/04\/2014","format":false,"excerpt":"La alianza que nuclea a la UCR, el socialismo, Coalici\u00f3n C\u00edvica, Proyecto Sur, Libres del Sur, GEN y varios frentes provinciales har\u00e1 su ingreso formal a la pol\u00edtica nacional durante el martes, con un acto fundacional en el teatro Broadway de Avenida Corrientes. Las luces, sombras e interrogantes de un\u2026","rel":"","context":"En \u00abPol\u00edtica\u00bb","block_context":{"text":"Pol\u00edtica","link":"http:\/\/www.24baires.com\/?cat=51"},"img":{"alt_text":"","src":"https:\/\/i0.wp.com\/www.24baires.com\/wp-content\/uploads\/2014\/04\/UNEN.jpg?resize=350%2C200","width":350,"height":200,"srcset":"https:\/\/i0.wp.com\/www.24baires.com\/wp-content\/uploads\/2014\/04\/UNEN.jpg?resize=350%2C200 1x, https:\/\/i0.wp.com\/www.24baires.com\/wp-content\/uploads\/2014\/04\/UNEN.jpg?resize=525%2C300 1.5x"},"classes":[]},{"id":63148,"url":"http:\/\/www.24baires.com\/?p=63148","url_meta":{"origin":62750,"position":2},"title":"Convenci\u00f3n de la UCR: Sanz vencer\u00eda a Cobos","author":"AF","date":"14\/03\/2015","format":false,"excerpt":"El titular del comit\u00e9 nacional de la UCR, Ernesto Sanz, logr\u00f3 imponer sus posturas por sobre las del diputado nacional Julio Cobos en las primeras votaciones que se desarrollaron en la convenci\u00f3n nacional partidaria, por lo que les permiti\u00f3 a ambos dirigentes medir el nivel de fuerzas con el que\u2026","rel":"","context":"En \u00abPol\u00edtica\u00bb","block_context":{"text":"Pol\u00edtica","link":"http:\/\/www.24baires.com\/?cat=51"},"img":{"alt_text":"convenci\u00f3n radical","src":"https:\/\/i0.wp.com\/www.24baires.com\/wp-content\/uploads\/2015\/03\/convenci%C3%B3n-radical.jpg?resize=350%2C200","width":350,"height":200},"classes":[]},{"id":59041,"url":"http:\/\/www.24baires.com\/?p=59041","url_meta":{"origin":62750,"position":3},"title":"Binner \u00abno esperar\u00e1 m\u00e1s\u00bb a la UCR","author":"Grupo Sierra","date":"22\/12\/2014","format":false,"excerpt":"Con el apoyo del socialismo, el GEN y Libres del Sur, el dirigente santafesino anunci\u00f3 que no se demorar\u00e1 m\u00e1s y que se lanzar\u00e1 \"algo m\u00e1s dilu\u00eddo\" el 3 de enero. El Frente Amplio UNEN cada vez m\u00e1s desdibujado \"No nos vamos a quedar esperando a que los radicales resuelvan\u2026","rel":"","context":"En \u00abElecciones 2015\u00bb","block_context":{"text":"Elecciones 2015","link":"http:\/\/www.24baires.com\/?cat=74"},"img":{"alt_text":"binner","src":"https:\/\/i0.wp.com\/www.24baires.com\/wp-content\/uploads\/2014\/06\/binner.jpg?resize=350%2C200","width":350,"height":200,"srcset":"https:\/\/i0.wp.com\/www.24baires.com\/wp-content\/uploads\/2014\/06\/binner.jpg?resize=350%2C200 1x, https:\/\/i0.wp.com\/www.24baires.com\/wp-content\/uploads\/2014\/06\/binner.jpg?resize=525%2C300 1.5x"},"classes":[]},{"id":25782,"url":"http:\/\/www.24baires.com\/?p=25782","url_meta":{"origin":62750,"position":4},"title":"La UCR, GEN, Socialismo y Coalici\u00f3n C\u00edvica sellaron frente en la Provincia sobre la hora","author":"Grupo Sierra","date":"12\/06\/2013","format":false,"excerpt":"El Frente Progresista C\u00edvico y Social (FPCyS), que incluye a la UCR, el GEN, el socialismo, Libres del Sur y a la Coalici\u00f3n C\u00edvica-ARI (CC), fue inscripto anoche en la provincia de Buenos Aires, minutos antes del cierre del plazo para presentar alianzas, de cara a las primarias de agosto.\u2026","rel":"","context":"En \u00abPol\u00edtica\u00bb","block_context":{"text":"Pol\u00edtica","link":"http:\/\/www.24baires.com\/?cat=51"},"img":{"alt_text":"","src":"","width":0,"height":0},"classes":[]},{"id":59513,"url":"http:\/\/www.24baires.com\/?p=59513","url_meta":{"origin":62750,"position":5},"title":"Binner lanza su campa\u00f1a presidencial este lunes en Mar del Plata","author":"Grupo Sierra","date":"03\/01\/2015","format":false,"excerpt":"Hermes Binner, diputado nacional, ex gobernador de la Provincia de Santa F\u00e9 y uno de los principales referentes del Partido Socialista y del Frente Amplio UNEN lanzar\u00e1 el lunes 5 de enero su carrera presidencial en Mar del Plata acompa\u00f1ado por sus principales aliados en el FAP UNEN: Margarita Stolbizer\u2026","rel":"","context":"En \u00abElecciones 2015\u00bb","block_context":{"text":"Elecciones 2015","link":"http:\/\/www.24baires.com\/?cat=74"},"img":{"alt_text":"binner","src":"https:\/\/i0.wp.com\/www.24baires.com\/wp-content\/uploads\/2014\/06\/binner.jpg?resize=350%2C200","width":350,"height":200,"srcset":"https:\/\/i0.wp.com\/www.24baires.com\/wp-content\/uploads\/2014\/06\/binner.jpg?resize=350%2C200 1x, https:\/\/i0.wp.com\/www.24baires.com\/wp-content\/uploads\/2014\/06\/binner.jpg?resize=525%2C300 1.5x"},"classes":[]}],"jetpack_sharing_enabled":true,"jetpack_likes_enabled":true,"jetpack_featured_media_url":"","_links":{"self":[{"href":"http:\/\/www.24baires.com\/index.php?rest_route=\/wp\/v2\/posts\/62750","targetHints":{"allow":["GET"]}}],"collection":[{"href":"http:\/\/www.24baires.com\/index.php?rest_route=\/wp\/v2\/posts"}],"about":[{"href":"http:\/\/www.24baires.com\/index.php?rest_route=\/wp\/v2\/types\/post"}],"author":[{"embeddable":true,"href":"http:\/\/www.24baires.com\/index.php?rest_route=\/wp\/v2\/users\/8"}],"replies":[{"embeddable":true,"href":"http:\/\/www.24baires.com\/index.php?rest_route=%2Fwp%2Fv2%2Fcomments&post=62750"}],"version-history":[{"count":1,"href":"http:\/\/www.24baires.com\/index.php?rest_route=\/wp\/v2\/posts\/62750\/revisions"}],"predecessor-version":[{"id":62752,"href":"http:\/\/www.24baires.com\/index.php?rest_route=\/wp\/v2\/posts\/62750\/revisions\/62752"}],"wp:attachment":[{"href":"http:\/\/www.24baires.com\/index.php?rest_route=%2Fwp%2Fv2%2Fmedia&parent=62750"}],"wp:term":[{"taxonomy":"category","embeddable":true,"href":"http:\/\/www.24baires.com\/index.php?rest_route=%2Fwp%2Fv2%2Fcategories&post=62750"},{"taxonomy":"post_tag","embeddable":true,"href":"http:\/\/www.24baires.com\/index.php?rest_route=%2Fwp%2Fv2%2Ftags&post=62750"}],"curies":[{"name":"wp","href":"https:\/\/api.w.org\/{rel}","templated":true}]}}