{"id":62722,"date":"2015-03-06T10:00:00","date_gmt":"2015-03-06T13:00:00","guid":{"rendered":"http:\/\/www.24baires.com\/?p=62722"},"modified":"2015-03-07T11:26:25","modified_gmt":"2015-03-07T14:26:25","slug":"anibal-el-gobierno-no-forma-parte-del-proceso-judicial-del-caso-nisman","status":"publish","type":"post","link":"http:\/\/www.24baires.com\/?p=62722","title":{"rendered":"An\u00edbal: el Gobierno \u201cno forma parte del proceso judicial\u201d del caso Nisman"},"content":{"rendered":"<p><a href=\"https:\/\/i0.wp.com\/www.24baires.com\/wp-content\/uploads\/2015\/03\/wpid-wp-1425646392210.jpeg\"><img data-recalc-dims=\"1\" decoding=\"async\" title=\"wp-1425646392210\" class=\"alignnone size-full\"  alt=\"image\" src=\"https:\/\/i0.wp.com\/www.24baires.com\/wp-content\/uploads\/2015\/03\/wpid-wp-1425646392210.jpeg?w=860\" \/><\/a> <\/p>\n<p>El jefe de Gabinete afirm\u00f3 en ese sentido que el Ejecutivo \u201cno puede conocer m\u00e1s que lo que sale en los medios\u00bb sobre la investigaci\u00f3n y recalc\u00f3 que \u00abel Gobierno no tiene otro inter\u00e9s que no sea el que se llegue a la verdad jur\u00eddica objetiva\u00bb.\u00a0<br \/>\n<!--more--><br \/>\nEn tanto, tras el informe de los peritos que ayer dio a conocer la ex mujer de Nisman, la jueza federal Sandra Arroyo Salgado, en el que se afirm\u00f3 que al fiscal de la causa AMIA \u00ablo mataron\u00bb, el funcionario nacional indic\u00f3 que la discusi\u00f3n entre los peritos de parte y la realizada por el Cuerpo M\u00e9dico Forense es la discusi\u00f3n que tiene que estar sobre el tapete\u00bb.<\/p>\n","protected":false},"excerpt":{"rendered":"<p>El jefe de Gabinete afirm\u00f3 en ese sentido que el Ejecutivo \u201cno puede conocer m\u00e1s que lo que sale en los medios\u00bb sobre la investigaci\u00f3n y recalc\u00f3 que \u00abel Gobierno no tiene otro inter\u00e9s que no sea el que se llegue a la verdad jur\u00eddica objetiva\u00bb.\u00a0<\/p>\n","protected":false},"author":4,"featured_media":0,"comment_status":"open","ping_status":"open","sticky":false,"template":"","format":"standard","meta":{"_jetpack_newsletter_access":"","_jetpack_dont_email_post_to_subs":false,"_jetpack_newsletter_tier_id":0,"_jetpack_memberships_contains_paywalled_content":false,"_jetpack_memberships_contains_paid_content":false,"footnotes":""},"categories":[68,51],"tags":[],"class_list":["post-62722","post","type-post","status-publish","format-standard","hentry","category-judiciales","category-politica"],"jetpack_shortlink":"https:\/\/wp.me\/p2JWE0-gjE","jetpack-related-posts":[{"id":108378,"url":"http:\/\/www.24baires.com\/?p=108378","url_meta":{"origin":62722,"position":0},"title":"CFK fue autorizada a no concurrir a las audiencias, adem\u00e1s recus\u00f3 a un perito","author":"AF","date":"24\/05\/2019","format":false,"excerpt":"La ex presidenta Cristina Kirchner recus\u00f3 por \"enemistad manifiesta\" y \"prejuzgamiento\" al perito ingeniero designado para intervenir en el juicio oral por la obra p\u00fablica en Santa Cruz que comenz\u00f3 el martes pasado. En la presentaci\u00f3n hecha ante el Tribunal Oral Federal 2, que esta tarde tambi\u00e9n dio permiso para\u2026","rel":"","context":"En \u00abJUDICIALES\u00bb","block_context":{"text":"JUDICIALES","link":"http:\/\/www.24baires.com\/?cat=68"},"img":{"alt_text":"La imagen puede contener: 2 personas, personas sonriendo","src":"https:\/\/scontent.faep16-2.fna.fbcdn.net\/v\/t1.0-9\/61110567_10217030870115348_6373546865274650624_n.jpg?_nc_cat=105&_nc_eui2=AeEnlKaIszm5DPTuolyuKYDvh4csUDuhKah1EulGFIXBJbku9UIHRtDbBL4naNHGUkEgfbXkGKOvlfXJlkj_S9I5xWtVO-v9PNdcMKSGJGp5KQ&_nc_ht=scontent.faep16-2.fna&oh=c594b95b5f5f5548ca9476c316533987&oe=5D91B973","width":350,"height":200,"srcset":"https:\/\/scontent.faep16-2.fna.fbcdn.net\/v\/t1.0-9\/61110567_10217030870115348_6373546865274650624_n.jpg?_nc_cat=105&_nc_eui2=AeEnlKaIszm5DPTuolyuKYDvh4csUDuhKah1EulGFIXBJbku9UIHRtDbBL4naNHGUkEgfbXkGKOvlfXJlkj_S9I5xWtVO-v9PNdcMKSGJGp5KQ&_nc_ht=scontent.faep16-2.fna&oh=c594b95b5f5f5548ca9476c316533987&oe=5D91B973 1x, https:\/\/scontent.faep16-2.fna.fbcdn.net\/v\/t1.0-9\/61110567_10217030870115348_6373546865274650624_n.jpg?_nc_cat=105&_nc_eui2=AeEnlKaIszm5DPTuolyuKYDvh4csUDuhKah1EulGFIXBJbku9UIHRtDbBL4naNHGUkEgfbXkGKOvlfXJlkj_S9I5xWtVO-v9PNdcMKSGJGp5KQ&_nc_ht=scontent.faep16-2.fna&oh=c594b95b5f5f5548ca9476c316533987&oe=5D91B973 1.5x"},"classes":[]},{"id":62694,"url":"http:\/\/www.24baires.com\/?p=62694","url_meta":{"origin":62722,"position":1},"title":"\u00abQue los peritos de Salgado me expliquen c\u00f3mo llegaron a esas conclusiones\u00bb","author":"Grupo Sierra","date":"05\/03\/2015","format":false,"excerpt":"La fiscal Fein, que investiga la muerte de Nisman, llamar\u00e1 a declarar a los peritos de parte de la jueza Arroyo Salgado, que afirman que el fiscal fue asesinado. Viviana Fein, a cargo de la investigaci\u00f3n de la muerte de su colega Alberto Nisman, asegur\u00f3 que \u201cno puede descartar de\u2026","rel":"","context":"En \u00abJUDICIALES\u00bb","block_context":{"text":"JUDICIALES","link":"http:\/\/www.24baires.com\/?cat=68"},"img":{"alt_text":"fein","src":"https:\/\/i0.wp.com\/www.24baires.com\/wp-content\/uploads\/2015\/01\/fein.jpg?resize=350%2C200","width":350,"height":200,"srcset":"https:\/\/i0.wp.com\/www.24baires.com\/wp-content\/uploads\/2015\/01\/fein.jpg?resize=350%2C200 1x, https:\/\/i0.wp.com\/www.24baires.com\/wp-content\/uploads\/2015\/01\/fein.jpg?resize=525%2C300 1.5x"},"classes":[]},{"id":117875,"url":"http:\/\/www.24baires.com\/?p=117875","url_meta":{"origin":62722,"position":2},"title":"Cristina consider\u00f3 \u00abdisparate judicial, institucional y pol\u00edtico\u00bb a la causa del memor\u00e1ndum","author":"AF","date":"16\/07\/2021","format":false,"excerpt":"La vicepresidenta expuso durante la audiencia p\u00fablica, que fue escuchada por m\u00e1s de 20 mil personas a trav\u00e9s de YouTube. \"Se hicieron maniobras persecutorias para perjudicarnos a m\u00ed y mi familia\", asegur\u00f3. El Tribunal Oral Federal 8 debe resolver si declara o no la nulidad del proceso. La vicepresidenta Cristina\u2026","rel":"","context":"En \u00abJUDICIALES\u00bb","block_context":{"text":"JUDICIALES","link":"http:\/\/www.24baires.com\/?cat=68"},"img":{"alt_text":"","src":"https:\/\/i0.wp.com\/www.24baires.com\/wp-content\/uploads\/2021\/07\/cfk.jpg?resize=350%2C200","width":350,"height":200,"srcset":"https:\/\/i0.wp.com\/www.24baires.com\/wp-content\/uploads\/2021\/07\/cfk.jpg?resize=350%2C200 1x, https:\/\/i0.wp.com\/www.24baires.com\/wp-content\/uploads\/2021\/07\/cfk.jpg?resize=525%2C300 1.5x"},"classes":[]},{"id":102494,"url":"http:\/\/www.24baires.com\/?p=102494","url_meta":{"origin":62722,"position":3},"title":"La C\u00e1mara \u00abreflot\u00f3\u00bb la causa Nisman y asegura que se trat\u00f3 de un crimen","author":"AF","date":"01\/06\/2018","format":false,"excerpt":"Confirm\u00f3 que el ex juez Alberto Nisman fue asesinado. Agregaron que el motivo fue su denuncia contra Cristina Kirchner. Adem\u00e1s dejaron firme el procesamiento de Diego Lagomarsino. La C\u00e1mara Federal hizo su aparici\u00f3n en medio de la debacle econ\u00f3mica que enfrenta el gobierno de Mauricio Macri. Entre masivas manifestaciones en\u2026","rel":"","context":"En \u00abJUDICIALES\u00bb","block_context":{"text":"JUDICIALES","link":"http:\/\/www.24baires.com\/?cat=68"},"img":{"alt_text":"","src":"https:\/\/i0.wp.com\/www.24baires.com\/wp-content\/uploads\/2015\/07\/nisman.jpg?resize=350%2C200","width":350,"height":200,"srcset":"https:\/\/i0.wp.com\/www.24baires.com\/wp-content\/uploads\/2015\/07\/nisman.jpg?resize=350%2C200 1x, https:\/\/i0.wp.com\/www.24baires.com\/wp-content\/uploads\/2015\/07\/nisman.jpg?resize=525%2C300 1.5x"},"classes":[]},{"id":61861,"url":"http:\/\/www.24baires.com\/?p=61861","url_meta":{"origin":62722,"position":4},"title":"Fein calific\u00f3 de \u00abdescabellado\u00bb el testimonio de una testigo","author":"GB","date":"17\/02\/2015","format":false,"excerpt":"Viviana Fein sali\u00f3 al cruce de las declaraciones publicadas hoy por el diario Clar\u00edn de una testigo del operativo realizado en el departamento donde muri\u00f3 Alberto Nisman, asegur\u00f3 que las afirmaciones \u201cson expresiones descabelladas\u201d, y reclam\u00f3 \u201cseriedad\u201d a los medios. Ma\u00f1ana dar\u00e1n a conocer las pericias toxicol\u00f3gicas. La fiscal que\u2026","rel":"","context":"En \u00abPol\u00edtica\u00bb","block_context":{"text":"Pol\u00edtica","link":"http:\/\/www.24baires.com\/?cat=51"},"img":{"alt_text":"fein","src":"https:\/\/i0.wp.com\/www.24baires.com\/wp-content\/uploads\/2015\/01\/fein.jpg?resize=350%2C200","width":350,"height":200,"srcset":"https:\/\/i0.wp.com\/www.24baires.com\/wp-content\/uploads\/2015\/01\/fein.jpg?resize=350%2C200 1x, https:\/\/i0.wp.com\/www.24baires.com\/wp-content\/uploads\/2015\/01\/fein.jpg?resize=525%2C300 1.5x"},"classes":[]},{"id":60322,"url":"http:\/\/www.24baires.com\/?p=60322","url_meta":{"origin":62722,"position":5},"title":"La vaina servida se dispar\u00f3 del arma hallada debajo del cuerpo de Nisman","author":"AF","date":"19\/01\/2015","format":false,"excerpt":"As\u00ed lo confirmaron peritos de la Polic\u00eda Federal, quienes analizan el plomo extra\u00eddo de la cabeza del fiscal con la pistola calibre .22 que se encontr\u00f3 debajo de su cuerpo. Tambi\u00e9n se comprob\u00f3 que el arma hab\u00eda sido disparada recientemente. La vaina servida que se encontr\u00f3 junto al cad\u00e1ver del\u2026","rel":"","context":"En \u00abJUDICIALES\u00bb","block_context":{"text":"JUDICIALES","link":"http:\/\/www.24baires.com\/?cat=68"},"img":{"alt_text":"Alberto-Nisman","src":"https:\/\/i0.wp.com\/www.24baires.com\/wp-content\/uploads\/2015\/01\/Alberto-Nisman.jpg?resize=350%2C200","width":350,"height":200,"srcset":"https:\/\/i0.wp.com\/www.24baires.com\/wp-content\/uploads\/2015\/01\/Alberto-Nisman.jpg?resize=350%2C200 1x, https:\/\/i0.wp.com\/www.24baires.com\/wp-content\/uploads\/2015\/01\/Alberto-Nisman.jpg?resize=525%2C300 1.5x"},"classes":[]}],"jetpack_sharing_enabled":true,"jetpack_likes_enabled":true,"jetpack_featured_media_url":"","_links":{"self":[{"href":"http:\/\/www.24baires.com\/index.php?rest_route=\/wp\/v2\/posts\/62722","targetHints":{"allow":["GET"]}}],"collection":[{"href":"http:\/\/www.24baires.com\/index.php?rest_route=\/wp\/v2\/posts"}],"about":[{"href":"http:\/\/www.24baires.com\/index.php?rest_route=\/wp\/v2\/types\/post"}],"author":[{"embeddable":true,"href":"http:\/\/www.24baires.com\/index.php?rest_route=\/wp\/v2\/users\/4"}],"replies":[{"embeddable":true,"href":"http:\/\/www.24baires.com\/index.php?rest_route=%2Fwp%2Fv2%2Fcomments&post=62722"}],"version-history":[{"count":2,"href":"http:\/\/www.24baires.com\/index.php?rest_route=\/wp\/v2\/posts\/62722\/revisions"}],"predecessor-version":[{"id":62725,"href":"http:\/\/www.24baires.com\/index.php?rest_route=\/wp\/v2\/posts\/62722\/revisions\/62725"}],"wp:attachment":[{"href":"http:\/\/www.24baires.com\/index.php?rest_route=%2Fwp%2Fv2%2Fmedia&parent=62722"}],"wp:term":[{"taxonomy":"category","embeddable":true,"href":"http:\/\/www.24baires.com\/index.php?rest_route=%2Fwp%2Fv2%2Fcategories&post=62722"},{"taxonomy":"post_tag","embeddable":true,"href":"http:\/\/www.24baires.com\/index.php?rest_route=%2Fwp%2Fv2%2Ftags&post=62722"}],"curies":[{"name":"wp","href":"https:\/\/api.w.org\/{rel}","templated":true}]}}