{"id":62710,"date":"2015-03-05T20:35:45","date_gmt":"2015-03-05T23:35:45","guid":{"rendered":"http:\/\/www.24baires.com\/?p=62710"},"modified":"2015-03-05T19:37:08","modified_gmt":"2015-03-05T22:37:08","slug":"de-narvaez-lo-critico-y-bossio-se-la-devolvio","status":"publish","type":"post","link":"http:\/\/www.24baires.com\/?p=62710","title":{"rendered":"De Narv\u00e1ez lo critic\u00f3 y Bossio se la devolvi\u00f3"},"content":{"rendered":"<p><img data-recalc-dims=\"1\" loading=\"lazy\" decoding=\"async\" class=\"aligncenter size-full wp-image-49520\" src=\"https:\/\/i0.wp.com\/www.24baires.com\/wp-content\/uploads\/2014\/07\/diego-bossio-anses.jpg?resize=560%2C373\" alt=\"diego-bossio-anses\" width=\"560\" height=\"373\" srcset=\"https:\/\/i0.wp.com\/www.24baires.com\/wp-content\/uploads\/2014\/07\/diego-bossio-anses.jpg?w=560 560w, https:\/\/i0.wp.com\/www.24baires.com\/wp-content\/uploads\/2014\/07\/diego-bossio-anses.jpg?resize=300%2C199 300w\" sizes=\"auto, (max-width: 560px) 100vw, 560px\" \/>El \u201cColorado\u201d se quej\u00f3 de que ANSES est\u00e9 \u201cabriendo oficinas en toda la Provincia, hablando maravillas de quien la conduce\u201d. \u201cEntiendo que no sepa lo que es gestionar\u201d, respondi\u00f3 Bossio.<!--more--><\/p>\n<p>El titular de ANSES, Diego Bossio, sali\u00f3 al cruce de declaraciones del precandidato massista a la Gobernaci\u00f3n, Francisco De Narv\u00e1ez, que cuestion\u00f3 que ANSES abra oficinas en toda la Provincia y promocione la figura de su titular.<\/p>\n<p>\u201cEntiendo que no sepa lo que es gestionar, pero nosotros abrimos las oficinas para darle mejor atenci\u00f3n a la gente\u201d, devolvi\u00f3, picante, Bossio, quien le record\u00f3 a De Narv\u00e1ez \u201chace pocos a\u00f1os los jubilados ten\u00edan que recurrir a abogados y gestores para jubilarse; hoy le entregamos la jubilaci\u00f3n en mano a los abuelos, porque es f\u00e1cil, sencillo y claro\u201d.<\/p>\n<p>\u201cEstar\u00eda bueno que de Narv\u00e1ez hable con su jefe pol\u00edtico, Sergio Massa, para que vea las cosas que cambiaron durante todos estos a\u00f1os\u201d, lo inst\u00f3. Bossio inform\u00f3 que \u201cdurante mi gesti\u00f3n se abrieron 176 nuevas oficinas en todo el pa\u00eds llegando a un total de 435, presentamos el sistema de identificaci\u00f3n biom\u00e9trica \u201cMi Huella\u201d que simplifica la realizaci\u00f3n de tr\u00e1mites para los adultos mayores, implementamos una nueva moratoria previsional logrando casi el 100% de la cobertura previsional y otorgamos cr\u00e9ditos de PRO.CRE.AR para poner en marcha m\u00e1s de 150.000 casas con s\u00f3lo 31 morosos, entre otras cosas.<\/p>\n<p>\u201cLes pido disculpas a quienes les molesta, pero vamos a seguir inaugurando oficinas y brindando lo mejor que tenemos, porque creemos que el Estado tiene que estar al servicio de la gente y no de dirigentes que tienen otros intereses, que no tienen convicciones\u201d, culmin\u00f3 el titular de la ANSES.<\/p>\n<p>&nbsp;<\/p>\n<p>&nbsp;<\/p>\n<p>&nbsp;<\/p>\n","protected":false},"excerpt":{"rendered":"<p>El \u201cColorado\u201d se quej\u00f3 de que ANSES est\u00e9 \u201cabriendo oficinas en toda la Provincia, hablando maravillas de quien la conduce\u201d. \u201cEntiendo que no sepa lo que es gestionar\u201d, respondi\u00f3 Bossio.<\/p>\n","protected":false},"author":11,"featured_media":0,"comment_status":"open","ping_status":"open","sticky":false,"template":"","format":"standard","meta":{"_jetpack_newsletter_access":"","_jetpack_dont_email_post_to_subs":false,"_jetpack_newsletter_tier_id":0,"_jetpack_memberships_contains_paywalled_content":false,"_jetpack_memberships_contains_paid_content":false,"footnotes":""},"categories":[51],"tags":[],"class_list":["post-62710","post","type-post","status-publish","format-standard","hentry","category-politica"],"jetpack_shortlink":"https:\/\/wp.me\/p2JWE0-gjs","jetpack-related-posts":[{"id":64718,"url":"http:\/\/www.24baires.com\/?p=64718","url_meta":{"origin":62710,"position":0},"title":"\u00abDe Narv\u00e1ez quiere implementar un ajuste en la Provincia\u00bb, asegur\u00f3 Bossio","author":"AF","date":"22\/04\/2015","format":false,"excerpt":"El titular de la Anses, Diego Bossio, acus\u00f3 al precandidato a gobernador bonaerense por el Frente Renovador, Francisco De Narv\u00e1ez, de \"querer implementar un ajuste en la provincia de Buenos Aires\" y asegur\u00f3 adem\u00e1s que el Frente para la Victoria \"quiere la Provincia del desarrollo\". Durante el sorteo de Procrear\u2026","rel":"","context":"En \u00abPol\u00edtica\u00bb","block_context":{"text":"Pol\u00edtica","link":"http:\/\/www.24baires.com\/?cat=51"},"img":{"alt_text":"bossio3","src":"https:\/\/i0.wp.com\/www.24baires.com\/wp-content\/uploads\/2015\/03\/bossio3.jpg?resize=350%2C200","width":350,"height":200,"srcset":"https:\/\/i0.wp.com\/www.24baires.com\/wp-content\/uploads\/2015\/03\/bossio3.jpg?resize=350%2C200 1x, https:\/\/i0.wp.com\/www.24baires.com\/wp-content\/uploads\/2015\/03\/bossio3.jpg?resize=525%2C300 1.5x"},"classes":[]},{"id":61514,"url":"http:\/\/www.24baires.com\/?p=61514","url_meta":{"origin":62710,"position":1},"title":"Bossio no habla de elecciones pero ya recorre la Provincia","author":"Grupo Sierra","date":"09\/02\/2015","format":false,"excerpt":"El titular de la ANSES entreg\u00f3 jubilaciones por moratoria, firm\u00f3 convenios PRO.CRE.AR para la generaci\u00f3n de suelo urbano y otorg\u00f3 certificados de cr\u00e9dito hipotecario a familias en Lobos y Navarro, acompa\u00f1ado por Sobrero y Maggiotti. \u201cHace poco m\u00e1s de un d\u00e9cada, los argentinos est\u00e1bamos ante un pa\u00eds derrumbado, donde las\u2026","rel":"","context":"En \u00abProvincia\u00bb","block_context":{"text":"Provincia","link":"http:\/\/www.24baires.com\/?cat=40"},"img":{"alt_text":"bossio hurlingham","src":"https:\/\/i0.wp.com\/www.24baires.com\/wp-content\/uploads\/2014\/11\/bossio-hurlingham.jpg?resize=350%2C200","width":350,"height":200,"srcset":"https:\/\/i0.wp.com\/www.24baires.com\/wp-content\/uploads\/2014\/11\/bossio-hurlingham.jpg?resize=350%2C200 1x, https:\/\/i0.wp.com\/www.24baires.com\/wp-content\/uploads\/2014\/11\/bossio-hurlingham.jpg?resize=525%2C300 1.5x"},"classes":[]},{"id":69466,"url":"http:\/\/www.24baires.com\/?p=69466","url_meta":{"origin":62710,"position":2},"title":"Bossio: \u00abEstamos pagando los juicios que Massa gener\u00f3 cuando estuvo en la ANSES\u00bb","author":"Grupo Sierra","date":"23\/07\/2015","format":false,"excerpt":"El actual titular de ANSES Diego Bossio se despach\u00f3 contra su antecesor y hoy opositor Sergio Massa luego que este prometiera asignar el 82 por ciento m\u00f3vil a los jubilados. El director ejecutivo de Anses, Diego Bossio, critic\u00f3 al precandidato presidencial del Frente Renovador, Sergio Massa, quien prometi\u00f3 que de\u2026","rel":"","context":"En \u00abPol\u00edtica\u00bb","block_context":{"text":"Pol\u00edtica","link":"http:\/\/www.24baires.com\/?cat=51"},"img":{"alt_text":"diego-bossio-anses","src":"https:\/\/i0.wp.com\/www.24baires.com\/wp-content\/uploads\/2014\/07\/diego-bossio-anses.jpg?resize=350%2C200","width":350,"height":200,"srcset":"https:\/\/i0.wp.com\/www.24baires.com\/wp-content\/uploads\/2014\/07\/diego-bossio-anses.jpg?resize=350%2C200 1x, https:\/\/i0.wp.com\/www.24baires.com\/wp-content\/uploads\/2014\/07\/diego-bossio-anses.jpg?resize=525%2C300 1.5x"},"classes":[]},{"id":62052,"url":"http:\/\/www.24baires.com\/?p=62052","url_meta":{"origin":62710,"position":3},"title":"Chivilcoy: Randazzo y Bossio se mostraron juntos y generaron expectativa","author":"Grupo Sierra","date":"20\/02\/2015","format":false,"excerpt":"El ministro del Interior y Transporte y el titular de la ANSES recorrieron juntos la localidad. Gestiones compartidas y elogios que vinieron de todos lados. En Chivilcoy, provincia de Buenos Aires, el Director Ejecutivo de la ANSES, Diego Bossio, entreg\u00f3 nuevas jubilaciones por moratoria, certificados PRO.CRE.AR. a familias que obtuvieron\u2026","rel":"","context":"En \u00abLocales\u00bb","block_context":{"text":"Locales","link":"http:\/\/www.24baires.com\/?cat=38"},"img":{"alt_text":"","src":"https:\/\/i0.wp.com\/www.24baires.com\/wp-content\/uploads\/2015\/02\/randazzo-bossio.jpg?resize=350%2C200","width":350,"height":200,"srcset":"https:\/\/i0.wp.com\/www.24baires.com\/wp-content\/uploads\/2015\/02\/randazzo-bossio.jpg?resize=350%2C200 1x, https:\/\/i0.wp.com\/www.24baires.com\/wp-content\/uploads\/2015\/02\/randazzo-bossio.jpg?resize=525%2C300 1.5x"},"classes":[]},{"id":47301,"url":"http:\/\/www.24baires.com\/?p=47301","url_meta":{"origin":62710,"position":4},"title":"Bossio asegur\u00f3 que \u00abcayeron las demandas por jubilaciones mal liquidadas\u00bb","author":"GB","date":"03\/06\/2014","format":false,"excerpt":"El titular de la Administraci\u00f3n Nacional de la Seguridad Social afirm\u00f3 que en el \u00faltimo tiempo el Estado ha recibido menos juicios con relaci\u00f3n a los pagos de los haberes previsionales. Bossio detall\u00f3 que de los casi 334.000 nuevos jubilados de este a\u00f1o, \"s\u00f3lo iniciaron juicios 454 o sea el\u2026","rel":"","context":"En \u00abSociedad\u00bb","block_context":{"text":"Sociedad","link":"http:\/\/www.24baires.com\/?cat=1"},"img":{"alt_text":"bossio","src":"https:\/\/i0.wp.com\/www.24baires.com\/wp-content\/uploads\/2012\/11\/bossio-300x225.jpg?resize=350%2C200","width":350,"height":200},"classes":[]},{"id":43425,"url":"http:\/\/www.24baires.com\/?p=43425","url_meta":{"origin":62710,"position":5},"title":"Lincoln ya tiene su sede principal de ANSES","author":"Grupo Sierra","date":"07\/04\/2014","format":false,"excerpt":"El director Ejecutivo de la ANSES, Diego Bossio, visit\u00f3 Lincoln para presentar el nuevo espacio del organismo nacional. En ese marco, el funcionario asegur\u00f3 que \"existe un antes y un despu\u00e9s (de la aplicaci\u00f3n del plan) Conectar Igualdad en las aulas de nuestro pa\u00eds\". El director Ejecutivo de la ANSES,\u2026","rel":"","context":"En \u00abLocales\u00bb","block_context":{"text":"Locales","link":"http:\/\/www.24baires.com\/?cat=38"},"img":{"alt_text":"bossio procrear","src":"https:\/\/i0.wp.com\/www.24baires.com\/wp-content\/uploads\/2013\/11\/bossio-procrear-300x199.jpg?resize=350%2C200","width":350,"height":200},"classes":[]}],"jetpack_sharing_enabled":true,"jetpack_likes_enabled":true,"jetpack_featured_media_url":"","_links":{"self":[{"href":"http:\/\/www.24baires.com\/index.php?rest_route=\/wp\/v2\/posts\/62710","targetHints":{"allow":["GET"]}}],"collection":[{"href":"http:\/\/www.24baires.com\/index.php?rest_route=\/wp\/v2\/posts"}],"about":[{"href":"http:\/\/www.24baires.com\/index.php?rest_route=\/wp\/v2\/types\/post"}],"author":[{"embeddable":true,"href":"http:\/\/www.24baires.com\/index.php?rest_route=\/wp\/v2\/users\/11"}],"replies":[{"embeddable":true,"href":"http:\/\/www.24baires.com\/index.php?rest_route=%2Fwp%2Fv2%2Fcomments&post=62710"}],"version-history":[{"count":1,"href":"http:\/\/www.24baires.com\/index.php?rest_route=\/wp\/v2\/posts\/62710\/revisions"}],"predecessor-version":[{"id":62711,"href":"http:\/\/www.24baires.com\/index.php?rest_route=\/wp\/v2\/posts\/62710\/revisions\/62711"}],"wp:attachment":[{"href":"http:\/\/www.24baires.com\/index.php?rest_route=%2Fwp%2Fv2%2Fmedia&parent=62710"}],"wp:term":[{"taxonomy":"category","embeddable":true,"href":"http:\/\/www.24baires.com\/index.php?rest_route=%2Fwp%2Fv2%2Fcategories&post=62710"},{"taxonomy":"post_tag","embeddable":true,"href":"http:\/\/www.24baires.com\/index.php?rest_route=%2Fwp%2Fv2%2Ftags&post=62710"}],"curies":[{"name":"wp","href":"https:\/\/api.w.org\/{rel}","templated":true}]}}