{"id":62685,"date":"2015-03-05T15:22:37","date_gmt":"2015-03-05T18:22:37","guid":{"rendered":"http:\/\/www.24baires.com\/?p=62685"},"modified":"2015-03-05T15:20:29","modified_gmt":"2015-03-05T18:20:29","slug":"para-arroyo-salgado-nisman-no-se-suicido-lo-mataron","status":"publish","type":"post","link":"http:\/\/www.24baires.com\/?p=62685","title":{"rendered":"Para Arroyo Salgado, \u00abNisman no se suicid\u00f3, lo mataron\u00bb"},"content":{"rendered":"<p><img data-recalc-dims=\"1\" loading=\"lazy\" decoding=\"async\" class=\"aligncenter wp-image-61673 size-full\" src=\"https:\/\/i0.wp.com\/www.24baires.com\/wp-content\/uploads\/2015\/02\/arroyo_salgado_senado-nisman.jpg?resize=560%2C312\" alt=\"arroyo_salgado_senado nisman\" width=\"560\" height=\"312\" srcset=\"https:\/\/i0.wp.com\/www.24baires.com\/wp-content\/uploads\/2015\/02\/arroyo_salgado_senado-nisman.jpg?w=560 560w, https:\/\/i0.wp.com\/www.24baires.com\/wp-content\/uploads\/2015\/02\/arroyo_salgado_senado-nisman.jpg?resize=300%2C167 300w\" sizes=\"auto, (max-width: 560px) 100vw, 560px\" \/>La jueza federal de San Isidro, Sandra Arroyo Salgado, anunci\u00f3 los resultados de las pericias que realizaron los expertos \u201cde parte\u201d que design\u00f3 en la causa en la que se investiga la muerte del ex fiscal Alberto Nisman.<!--more--><\/p>\n<p>La jueza federal de San Isidro, Sandra Arroyo Salgado, asegur\u00f3 hoy que el fiscal Alberto Nisman \u201cfue v\u00edctima de un homicidio sin lugar a dudas\u201d, y tras descartar \u201cde plano\u201d la hip\u00f3tesis de suicidio o accidente, se\u00f1al\u00f3 que la conclusi\u00f3n cuenta con \u201crigor cient\u00edfico y respaldada\u201d por el informe elaborado por el equipo de la querella.<\/p>\n<p>Arroyo Salgado anunci\u00f3 hoy en San Isidro los resultados de las pericias que realizaron los expertos \u201cde parte\u201d que design\u00f3 en la causa en la que se investiga la muerte del ex fiscal, compuesto por los forenses Osvaldo Raffo y Daniel Salcedo, el defensor oficial Germ\u00e1n Carvelaro y el forense Julio Ravioli.<\/p>\n<p>La ex pareja de Nisman, \u00fanica oradora, brind\u00f3 las principales conclusiones del informe, de cien p\u00e1ginas, en el que \u201cdescarta con contundencia la hip\u00f3tesis de suicidio\u201d, al se\u00f1alar que se trat\u00f3 de un homicidio \u201cen base a la informaci\u00f3n reunida a partir de las fotos y videos del hallazgo del cuerpo realizado por Prefectura y la Polic\u00eda Federal, m\u00e1s im\u00e1genes del desarrollo de la autopsia e informes bal\u00edsticos y periciales\u201d.<\/p>\n<p>En ese marco, Arroyo Salgado detall\u00f3 los siguientes puntos destacados: Nisman \u201cfalleci\u00f3 a consecuencia de un proyectil de arma de fuego\u201d, la pistola Bersa calibre .22 que \u201cpresenta signos de haber sido usada en el hecho\u201d.<\/p>\n<p>Adem\u00e1s se\u00f1al\u00f3 que \u201clas pericias de barrido en busca de residuos en manos dieron resultado negativo\u201d y que \u201cla pericia toxicol\u00f3gica mostr\u00f3 cafe\u00edna y alcohol m\u00ednima cantidad, y no en sangre\u201d.<\/p>\n<p>Tambi\u00e9n resalta que \u201cno existi\u00f3 espasmo cadev\u00e9rico, es decir que hubo agon\u00eda\u201d de Nisman, agregando que \u201cla posici\u00f3n en la que fue encontrada el cuerpo no fue la final\u201d y que el cuerpo \u201cse encontraba exang\u00fce y laxo al momento de la autopsia, lunes 19 de enero\u201d.<\/p>\n<p>Por \u00faltimo destaca que \u201cel orificio de entrada es a cent\u00edmetros del pabell\u00f3n auricular; la distancia no fue de m\u00e1s de un cent\u00edmetro con trayectoria de derecha a izquierda, de abajo hacia arriba y de atr\u00e1s hacia adelante\u201d<\/p>\n","protected":false},"excerpt":{"rendered":"<p>La jueza federal de San Isidro, Sandra Arroyo Salgado, anunci\u00f3 los resultados de las pericias que realizaron los expertos \u201cde parte\u201d que design\u00f3 en la causa en la que se investiga la muerte del ex fiscal Alberto Nisman.<\/p>\n","protected":false},"author":8,"featured_media":0,"comment_status":"open","ping_status":"open","sticky":false,"template":"","format":"standard","meta":{"_jetpack_newsletter_access":"","_jetpack_dont_email_post_to_subs":false,"_jetpack_newsletter_tier_id":0,"_jetpack_memberships_contains_paywalled_content":false,"_jetpack_memberships_contains_paid_content":false,"footnotes":""},"categories":[51],"tags":[],"class_list":["post-62685","post","type-post","status-publish","format-standard","hentry","category-politica"],"jetpack_shortlink":"https:\/\/wp.me\/p2JWE0-gj3","jetpack-related-posts":[{"id":63970,"url":"http:\/\/www.24baires.com\/?p=63970","url_meta":{"origin":62685,"position":0},"title":"La jueza Palmaghini define si aparta a Fein de la causa","author":"GB","date":"07\/04\/2015","format":false,"excerpt":"La jueza de instrucci\u00f3n resolver\u00e1 entre la \u00faltima hora de hoy y ma\u00f1ana si aparta a la fiscal de la investigaci\u00f3n de la muerte de Nisman, a pedido de Sandra Arroyo Salgado, en la audiencia de recusaci\u00f3n en la que, como querellante, reiter\u00f3 su disgusto con la forma en la\u2026","rel":"","context":"En \u00abPol\u00edtica\u00bb","block_context":{"text":"Pol\u00edtica","link":"http:\/\/www.24baires.com\/?cat=51"},"img":{"alt_text":"","src":"","width":0,"height":0},"classes":[]},{"id":63978,"url":"http:\/\/www.24baires.com\/?p=63978","url_meta":{"origin":62685,"position":1},"title":"Ratifican a Fein al frente de la investigaci\u00f3n por la muerte de Nisman","author":"GB","date":"08\/04\/2015","format":false,"excerpt":"La magistrada rechaz\u00f3 la recusaci\u00f3n que hab\u00eda planteado la ex esposa del fallecido fiscal Alberto Nisman, la jueza federal de San Isidro Sandra Arroyo Salgado. Ayer, las tres mantuvieron una audiencia. La jueza de instrucci\u00f3n Fabiana Palmaghini rechaz\u00f3 la recusaci\u00f3n de la fiscal Viviana Fein que hab\u00eda planteado la ex\u2026","rel":"","context":"En \u00abPol\u00edtica\u00bb","block_context":{"text":"Pol\u00edtica","link":"http:\/\/www.24baires.com\/?cat=51"},"img":{"alt_text":"fein","src":"https:\/\/i0.wp.com\/www.24baires.com\/wp-content\/uploads\/2015\/01\/fein.jpg?resize=350%2C200","width":350,"height":200,"srcset":"https:\/\/i0.wp.com\/www.24baires.com\/wp-content\/uploads\/2015\/01\/fein.jpg?resize=350%2C200 1x, https:\/\/i0.wp.com\/www.24baires.com\/wp-content\/uploads\/2015\/01\/fein.jpg?resize=525%2C300 1.5x"},"classes":[]},{"id":76679,"url":"http:\/\/www.24baires.com\/?p=76679","url_meta":{"origin":62685,"position":2},"title":"Arroyo Salgado: \u00abPudo haber influido el cambio de gobierno\u00bb en el desplazamiento de Fein","author":"AF","date":"21\/12\/2015","format":false,"excerpt":"La ex mujer de Alberto Nisman consider\u00f3 \"tard\u00eda\" la decisi\u00f3n de la jueza Fabiana Palmaghini de quitarle a la fiscal la direcci\u00f3n de la investigaci\u00f3n por la muerte del ex titular de la UFI AMIA y opin\u00f3 que pudo haber ocurrido por el triunfo de Mauricio Macri. La jueza Sandra\u2026","rel":"","context":"En \u00abJUDICIALES\u00bb","block_context":{"text":"JUDICIALES","link":"http:\/\/www.24baires.com\/?cat=68"},"img":{"alt_text":"","src":"https:\/\/i0.wp.com\/www.24baires.com\/wp-content\/uploads\/2015\/12\/fein-salgado.png?resize=350%2C200","width":350,"height":200,"srcset":"https:\/\/i0.wp.com\/www.24baires.com\/wp-content\/uploads\/2015\/12\/fein-salgado.png?resize=350%2C200 1x, https:\/\/i0.wp.com\/www.24baires.com\/wp-content\/uploads\/2015\/12\/fein-salgado.png?resize=525%2C300 1.5x"},"classes":[]},{"id":62950,"url":"http:\/\/www.24baires.com\/?p=62950","url_meta":{"origin":62685,"position":3},"title":"Arroyo Salgado dijo que \u00aba Nisman lo habr\u00edan matado por dinero\u00bb","author":"Grupo Sierra","date":"10\/03\/2015","format":false,"excerpt":"La exde Nisman se present\u00f3 el lunes a declarar de forma sorpresiva para ampliar su testimonio como querellante en la causa. Revel\u00f3 su hip\u00f3tesis que la hace pensar que fue un \"asesinato\". Tendr\u00eda que ver con un tema econ\u00f3mico. El lunes a la tarde, la jueza de San Isidro, Sandra\u2026","rel":"","context":"En \u00abJUDICIALES\u00bb","block_context":{"text":"JUDICIALES","link":"http:\/\/www.24baires.com\/?cat=68"},"img":{"alt_text":"arroyo_salgado_senado nisman","src":"https:\/\/i0.wp.com\/www.24baires.com\/wp-content\/uploads\/2015\/02\/arroyo_salgado_senado-nisman.jpg?resize=350%2C200","width":350,"height":200,"srcset":"https:\/\/i0.wp.com\/www.24baires.com\/wp-content\/uploads\/2015\/02\/arroyo_salgado_senado-nisman.jpg?resize=350%2C200 1x, https:\/\/i0.wp.com\/www.24baires.com\/wp-content\/uploads\/2015\/02\/arroyo_salgado_senado-nisman.jpg?resize=525%2C300 1.5x"},"classes":[]},{"id":91757,"url":"http:\/\/www.24baires.com\/?p=91757","url_meta":{"origin":62685,"position":4},"title":"\u00abNo tengo ning\u00fan arma guardada en mi casa, Lagomarsino no debe tenerme miedo\u00bb","author":"AF","date":"20\/01\/2017","format":false,"excerpt":"La jueza federal de San Isidro y ex mujer de Alberto Nisman sali\u00f3 al cruce del experto inform\u00e1tico y facilitador de la pistola que termin\u00f3 con la vida del fiscal, por haberla acusado de \"mentir sistem\u00e1ticamente\" en la causa. En una entrevista en TN, la Jueza a\u00f1adi\u00f3: \"Lagomarsino no debe\u2026","rel":"","context":"En \u00abJUDICIALES\u00bb","block_context":{"text":"JUDICIALES","link":"http:\/\/www.24baires.com\/?cat=68"},"img":{"alt_text":"","src":"https:\/\/i0.wp.com\/www.24baires.com\/wp-content\/uploads\/2015\/02\/arroyo_salgado_senado-nisman.jpg?resize=350%2C200","width":350,"height":200,"srcset":"https:\/\/i0.wp.com\/www.24baires.com\/wp-content\/uploads\/2015\/02\/arroyo_salgado_senado-nisman.jpg?resize=350%2C200 1x, https:\/\/i0.wp.com\/www.24baires.com\/wp-content\/uploads\/2015\/02\/arroyo_salgado_senado-nisman.jpg?resize=525%2C300 1.5x"},"classes":[]},{"id":61594,"url":"http:\/\/www.24baires.com\/?p=61594","url_meta":{"origin":62685,"position":5},"title":"Arroyo Salgado: \u00abS\u00f3lo encuentro garant\u00edas en la Defensor\u00eda General\u00bb","author":"AF","date":"11\/02\/2015","format":false,"excerpt":"La ex esposa de Nisman opt\u00f3 por un defensor p\u00fablico para que la represente como querellante en la causa, por considerar que es la Defensor\u00eda la \u00fanica capaz de trabajar con el \u201cdesenvolvimiento profesional, id\u00f3neo y \u00e9tico\u201d necesario para alcanzar la justicia. La ex esposa de Alberto Nisman, la jueza\u2026","rel":"","context":"En \u00abJUDICIALES\u00bb","block_context":{"text":"JUDICIALES","link":"http:\/\/www.24baires.com\/?cat=68"},"img":{"alt_text":"","src":"","width":0,"height":0},"classes":[]}],"jetpack_sharing_enabled":true,"jetpack_likes_enabled":true,"jetpack_featured_media_url":"","_links":{"self":[{"href":"http:\/\/www.24baires.com\/index.php?rest_route=\/wp\/v2\/posts\/62685","targetHints":{"allow":["GET"]}}],"collection":[{"href":"http:\/\/www.24baires.com\/index.php?rest_route=\/wp\/v2\/posts"}],"about":[{"href":"http:\/\/www.24baires.com\/index.php?rest_route=\/wp\/v2\/types\/post"}],"author":[{"embeddable":true,"href":"http:\/\/www.24baires.com\/index.php?rest_route=\/wp\/v2\/users\/8"}],"replies":[{"embeddable":true,"href":"http:\/\/www.24baires.com\/index.php?rest_route=%2Fwp%2Fv2%2Fcomments&post=62685"}],"version-history":[{"count":1,"href":"http:\/\/www.24baires.com\/index.php?rest_route=\/wp\/v2\/posts\/62685\/revisions"}],"predecessor-version":[{"id":62686,"href":"http:\/\/www.24baires.com\/index.php?rest_route=\/wp\/v2\/posts\/62685\/revisions\/62686"}],"wp:attachment":[{"href":"http:\/\/www.24baires.com\/index.php?rest_route=%2Fwp%2Fv2%2Fmedia&parent=62685"}],"wp:term":[{"taxonomy":"category","embeddable":true,"href":"http:\/\/www.24baires.com\/index.php?rest_route=%2Fwp%2Fv2%2Fcategories&post=62685"},{"taxonomy":"post_tag","embeddable":true,"href":"http:\/\/www.24baires.com\/index.php?rest_route=%2Fwp%2Fv2%2Ftags&post=62685"}],"curies":[{"name":"wp","href":"https:\/\/api.w.org\/{rel}","templated":true}]}}