{"id":62675,"date":"2015-03-05T14:00:11","date_gmt":"2015-03-05T17:00:11","guid":{"rendered":"http:\/\/www.24baires.com\/?p=62675"},"modified":"2015-03-05T13:33:02","modified_gmt":"2015-03-05T16:33:02","slug":"piden-que-el-fiscal-moldes-se-aparte-de-la-investigacion-de-la-denuncia-de-nisman","status":"publish","type":"post","link":"http:\/\/www.24baires.com\/?p=62675","title":{"rendered":"Piden que el fiscal Moldes se aparte de la investigaci\u00f3n de la denuncia de Nisman"},"content":{"rendered":"<p><img data-recalc-dims=\"1\" loading=\"lazy\" decoding=\"async\" class=\"aligncenter size-full wp-image-61998\" src=\"https:\/\/i0.wp.com\/www.24baires.com\/wp-content\/uploads\/2015\/02\/fiscale-marcha-18f.jpg?resize=560%2C314\" alt=\"fiscale marcha 18f\" width=\"560\" height=\"314\" srcset=\"https:\/\/i0.wp.com\/www.24baires.com\/wp-content\/uploads\/2015\/02\/fiscale-marcha-18f.jpg?w=560 560w, https:\/\/i0.wp.com\/www.24baires.com\/wp-content\/uploads\/2015\/02\/fiscale-marcha-18f.jpg?resize=300%2C168 300w\" sizes=\"auto, (max-width: 560px) 100vw, 560px\" \/>Familiares de v\u00edctimas del atentado, miembros de la Juscticia y del Parlamento expresaron su reclamo para que el fiscal, uno de los organizadorres de la marcha de 18F, se inhiba de participar en la causa.<!--more--><\/p>\n<p>En \u00e1mbitos legisativos y tribunalicios, y entre los familiares de v\u00edctimas del atentado a la AMIA, crecen las voces que reclaman que el fiscal Germ\u00e1n Moldes, de p\u00fablicas y manifiestas posiciones de opociis\u00f3n al gobierno nacional, se inhiba de actuar en la causa que investiga la denuncia realizada por el fallecido fiscal Alberto Nisman.<\/p>\n<p>La denuncia hecha en enero pasado fue desestimada en un duro y contundente fallo la semana pasada. Tras esa resoluci\u00f3n, el fiscal Pollicita, que hab\u00eda dado curso a la denuncia para que Rafecas investigue, apel\u00f3 la resoluci\u00f3n del juez.<\/p>\n<p>En ese contexto, el procedimiento de rigor establece que la Sala designada debe dar vista al fiscal (que en el caso de la C\u00e1mara Federal es s\u00f3lo uno y es Moldes) para que dictamine en relaci\u00f3n a la apelaci\u00f3n -en una resoluci\u00f3n que no es vinculante- y luego expedirse la propia Sala en relaci\u00f3n al planteo, en este caso si finalmente resuelve que la denuncia de Nisman debe ser investigada o si queda definitivamente desestimada.<\/p>\n<p>La fiscal nacional en lo Criminal Cristina Caama\u00f1o consider\u00f3 que \u00abcomo hombre de bien\u00bb, el fiscal Germ\u00e1n Moldes \u00abdeber\u00eda inhibirse de la causa\u00bb. Adem\u00e1s, la fiscal dijo que \u00abalgunos de los querellantes podr\u00edan recusarlo porque fue uno de los organizadores de una marcha en contra del Gobierno\u00bb.<\/p>\n<p>\u00abMoldes se tendr\u00eda que apartar porque ya adelant\u00f3 su opini\u00f3n\u00bb, sostuvo Sergio Burstein de la Agrupaci\u00f3n 18J quien tambi\u00e9n reiter\u00f3 su acusaci\u00f3n al fiscal por haber sido uno de los que \u00abhizo lo posible por demorar la causa por el encubrimiento del atentado\u00bb.<\/p>\n<p>Por su parte, el legislador del Frente para la Victoria Pablo Kosiner, sum\u00f3 su cuestionamiento. \u00abMoldes no plantea hoy ni objetividad ni eficiencia porque tiene una posici\u00f3n tomada al respecto e incluso fue uno de los que convoc\u00f3 y particip\u00f3 junto a dirigentes de la oposici\u00f3n de la marcha del 18F\u201d.<\/p>\n<p>\u00b4El diputado H\u00e9ctor Recalde tambi\u00e9n se manifest\u00f3 en el mimso sentido. \u00abMoldes ha tomado partido, y quien ha tomado partido, tiene preconceptos que lo llevan a tomar decisiones subjetivas\u201d. dijo.<\/p>\n<p>En tanto, la diputada nacional Mara Brawer dijo: \u201cMe preocupa mucho que en este caso, que se ha convertido en un tema pol\u00edtico en un a\u00f1o electoral, tenga que hacer Moldes la presentaci\u00f3n\u00bb, y record\u00f3 que el fiscal es el mismo que \u00abno quiso apelar el sobreseimiento de los encubridores en la causa AMIA\u201d.<\/p>\n<p>Brawer manifest\u00f3 adem\u00e1s su \u201cpreocupaci\u00f3n\u201d por \u201cla partidizaci\u00f3n de laJusticia y c\u00f3mo se est\u00e1 utilizando esta causa\u201d y consider\u00f3 que \u201cla intencionalidad pol\u00edtica es hacer vivir este tema el mayor tiempo posible en un a\u00f1o electoral\u201d.<\/p>\n<p>&nbsp;<\/p>\n<p>&nbsp;<\/p>\n<p>&nbsp;<\/p>\n<p>&nbsp;<\/p>\n<p>&nbsp;<\/p>\n<p>&nbsp;<\/p>\n<p>&nbsp;<\/p>\n<p>&nbsp;<\/p>\n<p>&nbsp;<\/p>\n<p>&nbsp;<\/p>\n","protected":false},"excerpt":{"rendered":"<p>Familiares de v\u00edctimas del atentado, miembros de la Juscticia y del Parlamento expresaron su reclamo para que el fiscal, uno de los organizadorres de la marcha de 18F, se inhiba de participar en la causa.<\/p>\n","protected":false},"author":8,"featured_media":0,"comment_status":"open","ping_status":"open","sticky":false,"template":"","format":"standard","meta":{"_jetpack_newsletter_access":"","_jetpack_dont_email_post_to_subs":false,"_jetpack_newsletter_tier_id":0,"_jetpack_memberships_contains_paywalled_content":false,"_jetpack_memberships_contains_paid_content":false,"footnotes":""},"categories":[51],"tags":[],"class_list":["post-62675","post","type-post","status-publish","format-standard","hentry","category-politica"],"jetpack_shortlink":"https:\/\/wp.me\/p2JWE0-giT","jetpack-related-posts":[{"id":102494,"url":"http:\/\/www.24baires.com\/?p=102494","url_meta":{"origin":62675,"position":0},"title":"La C\u00e1mara \u00abreflot\u00f3\u00bb la causa Nisman y asegura que se trat\u00f3 de un crimen","author":"AF","date":"01\/06\/2018","format":false,"excerpt":"Confirm\u00f3 que el ex juez Alberto Nisman fue asesinado. Agregaron que el motivo fue su denuncia contra Cristina Kirchner. Adem\u00e1s dejaron firme el procesamiento de Diego Lagomarsino. La C\u00e1mara Federal hizo su aparici\u00f3n en medio de la debacle econ\u00f3mica que enfrenta el gobierno de Mauricio Macri. Entre masivas manifestaciones en\u2026","rel":"","context":"En \u00abJUDICIALES\u00bb","block_context":{"text":"JUDICIALES","link":"http:\/\/www.24baires.com\/?cat=68"},"img":{"alt_text":"","src":"https:\/\/i0.wp.com\/www.24baires.com\/wp-content\/uploads\/2015\/07\/nisman.jpg?resize=350%2C200","width":350,"height":200,"srcset":"https:\/\/i0.wp.com\/www.24baires.com\/wp-content\/uploads\/2015\/07\/nisman.jpg?resize=350%2C200 1x, https:\/\/i0.wp.com\/www.24baires.com\/wp-content\/uploads\/2015\/07\/nisman.jpg?resize=525%2C300 1.5x"},"classes":[]},{"id":117875,"url":"http:\/\/www.24baires.com\/?p=117875","url_meta":{"origin":62675,"position":1},"title":"Cristina consider\u00f3 \u00abdisparate judicial, institucional y pol\u00edtico\u00bb a la causa del memor\u00e1ndum","author":"AF","date":"16\/07\/2021","format":false,"excerpt":"La vicepresidenta expuso durante la audiencia p\u00fablica, que fue escuchada por m\u00e1s de 20 mil personas a trav\u00e9s de YouTube. \"Se hicieron maniobras persecutorias para perjudicarnos a m\u00ed y mi familia\", asegur\u00f3. El Tribunal Oral Federal 8 debe resolver si declara o no la nulidad del proceso. La vicepresidenta Cristina\u2026","rel":"","context":"En \u00abJUDICIALES\u00bb","block_context":{"text":"JUDICIALES","link":"http:\/\/www.24baires.com\/?cat=68"},"img":{"alt_text":"","src":"https:\/\/i0.wp.com\/www.24baires.com\/wp-content\/uploads\/2021\/07\/cfk.jpg?resize=350%2C200","width":350,"height":200,"srcset":"https:\/\/i0.wp.com\/www.24baires.com\/wp-content\/uploads\/2021\/07\/cfk.jpg?resize=350%2C200 1x, https:\/\/i0.wp.com\/www.24baires.com\/wp-content\/uploads\/2021\/07\/cfk.jpg?resize=525%2C300 1.5x"},"classes":[]},{"id":106628,"url":"http:\/\/www.24baires.com\/?p=106628","url_meta":{"origin":62675,"position":2},"title":"La AMIA busca retirarse de la querella contra Cristina por el Memor\u00e1ndum con Ir\u00e1n","author":"AF","date":"31\/01\/2019","format":false,"excerpt":"Fue un pedido a la DAIA en la causa que se origin\u00f3 con la denuncia del fiscal Alberto Nisman y busca \u201cempezar a tomar distancia de una causa que est\u00e1 en el centro de la famosa grieta\u201d. La Asociaci\u00f3n Mutual Israelita Argentina (AMIA) le reclam\u00f3 a la Delegaci\u00f3n de Asociaciones\u2026","rel":"","context":"En \u00abJUDICIALES\u00bb","block_context":{"text":"JUDICIALES","link":"http:\/\/www.24baires.com\/?cat=68"},"img":{"alt_text":"","src":"https:\/\/i0.wp.com\/www.24baires.com\/wp-content\/uploads\/2015\/04\/amia.jpg?resize=350%2C200","width":350,"height":200,"srcset":"https:\/\/i0.wp.com\/www.24baires.com\/wp-content\/uploads\/2015\/04\/amia.jpg?resize=350%2C200 1x, https:\/\/i0.wp.com\/www.24baires.com\/wp-content\/uploads\/2015\/04\/amia.jpg?resize=525%2C300 1.5x"},"classes":[]},{"id":63024,"url":"http:\/\/www.24baires.com\/?p=63024","url_meta":{"origin":62675,"position":3},"title":"El martes tratar\u00e1n las recusaciones contra el fiscal Moldes","author":"Grupo Sierra","date":"11\/03\/2015","format":false,"excerpt":"La Sala I de la C\u00e1mara Federal fij\u00f3 para la pr\u00f3xima semana una audiencia para tratar las recusaciones contra el fiscal general Germ\u00e1n Moldes en la causa por la denuncia del fallecido Alberto Nisman contra la presidenta Cristina Kirchner, el canciller H\u00e9ctor Timerman y otros acusados por el presunto encubrimiento\u2026","rel":"","context":"En \u00abJUDICIALES\u00bb","block_context":{"text":"JUDICIALES","link":"http:\/\/www.24baires.com\/?cat=68"},"img":{"alt_text":"","src":"https:\/\/i0.wp.com\/www.24baires.com\/wp-content\/uploads\/2015\/03\/Moldes-fiscal-marcha_03-05-2015-nisman.jpg?resize=350%2C200","width":350,"height":200,"srcset":"https:\/\/i0.wp.com\/www.24baires.com\/wp-content\/uploads\/2015\/03\/Moldes-fiscal-marcha_03-05-2015-nisman.jpg?resize=350%2C200 1x, https:\/\/i0.wp.com\/www.24baires.com\/wp-content\/uploads\/2015\/03\/Moldes-fiscal-marcha_03-05-2015-nisman.jpg?resize=525%2C300 1.5x"},"classes":[]},{"id":60105,"url":"http:\/\/www.24baires.com\/?p=60105","url_meta":{"origin":62675,"position":4},"title":"Desde Memoria Activa denunciaron que \u201cesto es una operaci\u00f3n vergonzosa\u201d","author":"Grupo Sierra","date":"14\/01\/2015","format":false,"excerpt":"Lo dijo Diana Malamud, de Memoria Activa, en referencia a la indagatoria que pidi\u00f3 a la Presidenta, el canciller \u2013entre otros- por la causa AMIA. Sergio Burstein, de Familiares y Amigos de las V\u00edctimas de la AMIA, vincul\u00f3 el pedido de Nisman con los cambios que hubo en la Secretaria\u2026","rel":"","context":"En \u00abPol\u00edtica\u00bb","block_context":{"text":"Pol\u00edtica","link":"http:\/\/www.24baires.com\/?cat=51"},"img":{"alt_text":"","src":"https:\/\/i0.wp.com\/www.24baires.com\/wp-content\/uploads\/2015\/01\/malamud-diana.jpg?resize=350%2C200","width":350,"height":200,"srcset":"https:\/\/i0.wp.com\/www.24baires.com\/wp-content\/uploads\/2015\/01\/malamud-diana.jpg?resize=350%2C200 1x, https:\/\/i0.wp.com\/www.24baires.com\/wp-content\/uploads\/2015\/01\/malamud-diana.jpg?resize=525%2C300 1.5x"},"classes":[]},{"id":64328,"url":"http:\/\/www.24baires.com\/?p=64328","url_meta":{"origin":62675,"position":5},"title":"La denuncia de Nisman ser\u00e1 dictaminada por el Fiscal de Casaci\u00f3n De Luca","author":"Grupo Sierra","date":"15\/04\/2015","format":false,"excerpt":"La denuncia del fallecido fiscal Alberto Nisman contra funcionarios del Gobierno y otras personas por supuesto encubrimiento del atentado a la AMIA, ser\u00e1 analizada en su nueva instancia judicial por el fiscal de Casaci\u00f3n Javier De Luca, quien deber\u00e1 dictaminar si la impulsa o la desestima, como ya ocurri\u00f3 en\u2026","rel":"","context":"En \u00abJUDICIALES\u00bb","block_context":{"text":"JUDICIALES","link":"http:\/\/www.24baires.com\/?cat=68"},"img":{"alt_text":"Alberto-Nisman","src":"https:\/\/i0.wp.com\/www.24baires.com\/wp-content\/uploads\/2015\/01\/Alberto-Nisman.jpg?resize=350%2C200","width":350,"height":200,"srcset":"https:\/\/i0.wp.com\/www.24baires.com\/wp-content\/uploads\/2015\/01\/Alberto-Nisman.jpg?resize=350%2C200 1x, https:\/\/i0.wp.com\/www.24baires.com\/wp-content\/uploads\/2015\/01\/Alberto-Nisman.jpg?resize=525%2C300 1.5x"},"classes":[]}],"jetpack_sharing_enabled":true,"jetpack_likes_enabled":true,"jetpack_featured_media_url":"","_links":{"self":[{"href":"http:\/\/www.24baires.com\/index.php?rest_route=\/wp\/v2\/posts\/62675","targetHints":{"allow":["GET"]}}],"collection":[{"href":"http:\/\/www.24baires.com\/index.php?rest_route=\/wp\/v2\/posts"}],"about":[{"href":"http:\/\/www.24baires.com\/index.php?rest_route=\/wp\/v2\/types\/post"}],"author":[{"embeddable":true,"href":"http:\/\/www.24baires.com\/index.php?rest_route=\/wp\/v2\/users\/8"}],"replies":[{"embeddable":true,"href":"http:\/\/www.24baires.com\/index.php?rest_route=%2Fwp%2Fv2%2Fcomments&post=62675"}],"version-history":[{"count":1,"href":"http:\/\/www.24baires.com\/index.php?rest_route=\/wp\/v2\/posts\/62675\/revisions"}],"predecessor-version":[{"id":62676,"href":"http:\/\/www.24baires.com\/index.php?rest_route=\/wp\/v2\/posts\/62675\/revisions\/62676"}],"wp:attachment":[{"href":"http:\/\/www.24baires.com\/index.php?rest_route=%2Fwp%2Fv2%2Fmedia&parent=62675"}],"wp:term":[{"taxonomy":"category","embeddable":true,"href":"http:\/\/www.24baires.com\/index.php?rest_route=%2Fwp%2Fv2%2Fcategories&post=62675"},{"taxonomy":"post_tag","embeddable":true,"href":"http:\/\/www.24baires.com\/index.php?rest_route=%2Fwp%2Fv2%2Ftags&post=62675"}],"curies":[{"name":"wp","href":"https:\/\/api.w.org\/{rel}","templated":true}]}}