{"id":62656,"date":"2015-03-05T10:00:00","date_gmt":"2015-03-05T13:00:00","guid":{"rendered":"http:\/\/www.24baires.com\/?p=62656"},"modified":"2015-03-05T19:35:24","modified_gmt":"2015-03-05T22:35:24","slug":"no-hay-un-solo-elemento-que-justifique-la-apelacion-de-pollicita","status":"publish","type":"post","link":"http:\/\/www.24baires.com\/?p=62656","title":{"rendered":"\u00abNo hay un solo elemento que justifique\u00bb la apelaci\u00f3n de Pollicita"},"content":{"rendered":"<p><a href=\"https:\/\/i0.wp.com\/www.24baires.com\/wp-content\/uploads\/2015\/03\/wpid-wp-1425559477305.jpeg\"><img data-recalc-dims=\"1\" loading=\"lazy\" decoding=\"async\" class=\"aligncenter\" title=\"wp-1425559477305\" src=\"https:\/\/i0.wp.com\/www.24baires.com\/wp-content\/uploads\/2015\/03\/wpid-wp-1425559477305.jpeg?resize=460%2C258\" alt=\"image\" width=\"460\" height=\"258\" \/><\/a><\/p>\n<p>El jefe de Gabinete, An\u00edbal Fern\u00e1ndez, dijo que \u00abno satisface para nada\u00bb la decisi\u00f3n del fiscal que apel\u00f3 ayer el dictamen del juez Daniel Rafecas que desestim\u00f3 la denuncia del fallecido fiscal Alberto Nisman contra la Presidenta.\u00a0<!--more--><\/p>\n<p>El jefe de Gabinete, An\u00edbal Fern\u00e1ndez, dijo hoy que \u00abno hay un solo elemento que justifique la apelaci\u00f3n\u00bb presentada ayer por el fiscal Gerardo Pollicita respecto del dictamen del juez Daniel Rafecas que desestim\u00f3 la denuncia del fallecido fiscal Alberto Nisman contra la presidenta Cristina Fern\u00e1ndez de Kirchner por presunto encubrimiento de los acusados iran\u00edes del atentado a la AMIA.<\/p>\n<p>\u00abNo hay un solo elemento que justifique (la apelaci\u00f3n) ya que se basa en lo dicho por Nisman y la denuncia tiene m\u00e1s que ver con declaraciones period\u00edsticas que con pruebas\u00bb, afirm\u00f3 el jefe de ministros en declaraciones formuladas a la prensa esta ma\u00f1ana antes de ingresar a la Casa de Gobierno.<\/p>\n<p>En el mismo sentido, agreg\u00f3 que el escrito de Nisman \u00abno\u00bb contiene \u00abdefiniciones jur\u00eddicas concretas o demostraciones de pruebas\u00bb.<\/p>\n<p>\u00abEl fiscal Nisman dice que estuvo investigando durante dos a\u00f1os y la realidad nos muestra que en esos dos a\u00f1os no hizo absolutamente nada en ese sentido porque no pidi\u00f3 pruebas directas\u00bb, ejemplific\u00f3 Fern\u00e1ndez.<\/p>\n<p>Asimismo, manifest\u00f3 que \u00abcuando uno hace el an\u00e1lisis de la presentaci\u00f3n de Pollicita, que yo lo hice, la verdad, no me satisface para nada porque \u00e9l tiene la carga procesal de tener que criticar cada uno de los puntos de la sentencia del doctor Rafecas y despu\u00e9s de eso le queda sortear obst\u00e1culos\u00bb.<\/p>\n<p>Entre ellos, cit\u00f3 \u00absortear la diferencia entre lo que es un acto preparatorio y un acto ejecutorio. Incluso hace unas definiciones muy particulares y nosotros sostenemos que en la Argentina, donde el derecho penal se sostiene en la teor\u00eda de la exterioridad -esto se refiere a que la voluntad no es punible, es punible la exteriorizaci\u00f3n de la voluntad- estamos viendo que los elementos con los que contamos no van a que se pueda decir que la Presidenta, o el canciller (H\u00e9ctor Timerman), han estado comprendidos en un hecho de esas caracter\u00edsticas\u00bb.<\/p>\n<p>En ese marco, record\u00f3 que el memor\u00e1ndum de entendimiento con Ir\u00e1n nunca se ejecut\u00f3, por lo que lo consider\u00f3 \u00abun acto preparatorio por lo que no tiene otra funci\u00f3n mayor\u00bb.<\/p>\n<p>\u00abY los otros dos puntos a probar son que la acci\u00f3n es id\u00f3nea para evadir la justicia. Se dec\u00eda que la Comisi\u00f3n de la Verdad permitir\u00eda que se salieran de la causa los cinco iran\u00edes, por la forma en la que se presentaba el esquema acusatorio, cosa que no es cierto\u00bb, enumer\u00f3.<\/p>\n<p>Remarc\u00f3 que \u00abha quedado demostrado tambi\u00e9n que no pod\u00edan caer las claves rojas (de Interpol) y (se tendr\u00eda que demostrar) que hab\u00eda vocaci\u00f3n de llevar adelante esta propuesta para evadir la justicia\u00bb.<\/p>\n<p>\u00abQued\u00f3 claro por la propia presentaci\u00f3n de Pollicita que no hay un solo elemento que lo justifique (la apelaci\u00f3n) y que vaya espec\u00edficamente a lo dicho por Nisman\u00bb, insisti\u00f3.<\/p>\n<p>Por otra parte, el funcionario se refiri\u00f3 al texto que subi\u00f3 anoche la Presidenta en la redes sociales, en el cual volvi\u00f3 a marcar que \u00abpara algunos, Argentina y la AMIA son s\u00f3lo un da\u00f1o colateral en una guerra que nunca fuimos parte, no queremos ser\u00bb.<\/p>\n<p>\u00abCreo que lo que dijo termin\u00f3 siendo casi un gui\u00f3n repetido en las expresiones del premier israel\u00ed, que hace una gr\u00e1fica m\u00e1s o menos parecida, consistente en que nos encontramos en una situaci\u00f3n geopol\u00edtica internacional muy delicada en donde el presidente de EE.UU., con la oposici\u00f3n de buena parte de la derecha republicana y de Israel, intenta llegar a un acuerdo nuclear con Ir\u00e1n y eso est\u00e1 siendo acompa\u00f1ado por los pa\u00edses que componen en forma permanente el Consejo de Seguridad m\u00e1s Alemania y hay posiciones muy contundentes en esa situaci\u00f3n\u00bb, describi\u00f3 An\u00edbal Fern\u00e1ndez.<\/p>\n","protected":false},"excerpt":{"rendered":"<p>El jefe de Gabinete, An\u00edbal Fern\u00e1ndez, dijo que \u00abno satisface para nada\u00bb la decisi\u00f3n del fiscal que apel\u00f3 ayer el dictamen del juez Daniel Rafecas que desestim\u00f3 la denuncia del fallecido fiscal Alberto Nisman contra la Presidenta.\u00a0<\/p>\n","protected":false},"author":4,"featured_media":0,"comment_status":"open","ping_status":"open","sticky":false,"template":"","format":"standard","meta":{"_jetpack_newsletter_access":"","_jetpack_dont_email_post_to_subs":false,"_jetpack_newsletter_tier_id":0,"_jetpack_memberships_contains_paywalled_content":false,"_jetpack_memberships_contains_paid_content":false,"footnotes":""},"categories":[68,51],"tags":[],"class_list":["post-62656","post","type-post","status-publish","format-standard","hentry","category-judiciales","category-politica"],"jetpack_shortlink":"https:\/\/wp.me\/p2JWE0-giA","jetpack-related-posts":[{"id":62362,"url":"http:\/\/www.24baires.com\/?p=62362","url_meta":{"origin":62656,"position":0},"title":"A. Fern\u00e1ndez: \u201cNo hay otra forma de explicar la resoluci\u00f3n de Rafecas que el derecho\u201d","author":"AF","date":"27\/02\/2015","format":false,"excerpt":"El jefe de Gabinete, An\u00edbal Fern\u00e1ndez, se refiri\u00f3 as\u00ed a la desestimaci\u00f3n de la denuncia de Nisman por parte del magistrado. \u201cEra tan burda que parece hecha por alguien que no conoce de derecho\u201d, se\u00f1al\u00f3. El flamante jefe de Gabinete se\u00f1al\u00f3 adem\u00e1s que \"seguramente\" la C\u00e1mara Federal \"se va a\u2026","rel":"","context":"En \u00abJUDICIALES\u00bb","block_context":{"text":"JUDICIALES","link":"http:\/\/www.24baires.com\/?cat=68"},"img":{"alt_text":"anibal","src":"https:\/\/i0.wp.com\/www.24baires.com\/wp-content\/uploads\/2015\/01\/anibal.jpg?resize=350%2C200","width":350,"height":200,"srcset":"https:\/\/i0.wp.com\/www.24baires.com\/wp-content\/uploads\/2015\/01\/anibal.jpg?resize=350%2C200 1x, https:\/\/i0.wp.com\/www.24baires.com\/wp-content\/uploads\/2015\/01\/anibal.jpg?resize=525%2C300 1.5x"},"classes":[]},{"id":62320,"url":"http:\/\/www.24baires.com\/?p=62320","url_meta":{"origin":62656,"position":1},"title":"El juez Rafecas desestim\u00f3 la denuncia de Nisman contra la Presidenta","author":"GB","date":"26\/02\/2015","format":false,"excerpt":"El juez federal Daniel Rafecas desestim\u00f3 la denuncia del fiscal Alberto Nisman contra la presidenta Cristina Fern\u00e1ndez de Kirchner por supuesto encubrimiento a los imputados iran\u00edes en la causa AMIA. El juez decidi\u00f3 que no hay elementos necesarios en la denuncia del fallecido titular de la Unidad Especial AMIA, para\u2026","rel":"","context":"En \u00abPol\u00edtica\u00bb","block_context":{"text":"Pol\u00edtica","link":"http:\/\/www.24baires.com\/?cat=51"},"img":{"alt_text":"","src":"https:\/\/i0.wp.com\/www.24baires.com\/wp-content\/uploads\/2015\/02\/rafecas.jpg?resize=350%2C200","width":350,"height":200,"srcset":"https:\/\/i0.wp.com\/www.24baires.com\/wp-content\/uploads\/2015\/02\/rafecas.jpg?resize=350%2C200 1x, https:\/\/i0.wp.com\/www.24baires.com\/wp-content\/uploads\/2015\/02\/rafecas.jpg?resize=525%2C300 1.5x"},"classes":[]},{"id":63594,"url":"http:\/\/www.24baires.com\/?p=63594","url_meta":{"origin":62656,"position":2},"title":"Desestiman la denuncia de Nisman contra Cristina","author":"GB","date":"26\/03\/2015","format":false,"excerpt":"La sala I de la C\u00e1mara Federal porte\u00f1a desestim\u00f3 la denuncia del fallecido fiscal contra la Presidenta, entre otros, por supuesto encubrimiento del atentado a la AMIA. La Sala I de la C\u00e1mara Federal porte\u00f1a desestim\u00f3 la denuncia del fallecido fiscal Alberto Nisman contra la presidenta Cristina Fern\u00e1ndez de Kirchner,\u2026","rel":"","context":"En \u00abPol\u00edtica\u00bb","block_context":{"text":"Pol\u00edtica","link":"http:\/\/www.24baires.com\/?cat=51"},"img":{"alt_text":"nisman-1","src":"https:\/\/i0.wp.com\/www.24baires.com\/wp-content\/uploads\/2015\/01\/nisman-1.jpg?resize=350%2C200","width":350,"height":200,"srcset":"https:\/\/i0.wp.com\/www.24baires.com\/wp-content\/uploads\/2015\/01\/nisman-1.jpg?resize=350%2C200 1x, https:\/\/i0.wp.com\/www.24baires.com\/wp-content\/uploads\/2015\/01\/nisman-1.jpg?resize=525%2C300 1.5x"},"classes":[]},{"id":62501,"url":"http:\/\/www.24baires.com\/?p=62501","url_meta":{"origin":62656,"position":3},"title":"\u00abEl gobierno hizo todo para que la causa AMIA avance\u00bb, asegur\u00f3 Rafecas","author":"GB","date":"02\/03\/2015","format":false,"excerpt":"El juez rechaz\u00f3 categ\u00f3ricamente los cuestionamientos a su fallo y dijo que las nuevas escuchas difundidas por algunos medios \u201cno sirven para nada\u201d. El juez federal Daniel Rafecas, afirm\u00f3 hoy que \"el gobierno hizo todo para que la causa AMIA avance\" y sostuvo que \"no tienen ninguna relevancia\" y \"no\u2026","rel":"","context":"En \u00abPol\u00edtica\u00bb","block_context":{"text":"Pol\u00edtica","link":"http:\/\/www.24baires.com\/?cat=51"},"img":{"alt_text":"rafecas","src":"https:\/\/i0.wp.com\/www.24baires.com\/wp-content\/uploads\/2015\/02\/rafecas.jpg?resize=350%2C200","width":350,"height":200,"srcset":"https:\/\/i0.wp.com\/www.24baires.com\/wp-content\/uploads\/2015\/02\/rafecas.jpg?resize=350%2C200 1x, https:\/\/i0.wp.com\/www.24baires.com\/wp-content\/uploads\/2015\/02\/rafecas.jpg?resize=525%2C300 1.5x"},"classes":[]},{"id":62646,"url":"http:\/\/www.24baires.com\/?p=62646","url_meta":{"origin":62656,"position":4},"title":"Rafecas concedi\u00f3 a Pollicita la apelaci\u00f3n","author":"Grupo Sierra","date":"04\/03\/2015","format":false,"excerpt":"El juez federal le confirm\u00f3 que le dio el visto bueno a la presentaci\u00f3n del fiscal para que la C\u00e1mara federal analice el fallo que desestim\u00f3 la denuncia contra la presidenta Cristina Fern\u00e1ndez. Ahora ser\u00e1 la C\u00e1mara Nacional de Apelaciones en lo Criminal y Correccional Federal la que analice el\u2026","rel":"","context":"En \u00abJUDICIALES\u00bb","block_context":{"text":"JUDICIALES","link":"http:\/\/www.24baires.com\/?cat=68"},"img":{"alt_text":"rafecas","src":"https:\/\/i0.wp.com\/www.24baires.com\/wp-content\/uploads\/2015\/02\/rafecas.png?resize=350%2C200","width":350,"height":200,"srcset":"https:\/\/i0.wp.com\/www.24baires.com\/wp-content\/uploads\/2015\/02\/rafecas.png?resize=350%2C200 1x, https:\/\/i0.wp.com\/www.24baires.com\/wp-content\/uploads\/2015\/02\/rafecas.png?resize=525%2C300 1.5x"},"classes":[]},{"id":62388,"url":"http:\/\/www.24baires.com\/?p=62388","url_meta":{"origin":62656,"position":5},"title":"Cristina aval\u00f3 el fallo de Rafecas en las redes","author":"Grupo Sierra","date":"27\/02\/2015","format":false,"excerpt":"La Presidenta public\u00f3 el fallo del juez federal que desestim\u00f3 la denuncia del fallecido fiscal Alberto Nisman por supuesto encubrimiento en la causa AMIA. La presidenta Cristina Fern\u00e1ndez de Kirchner public\u00f3 hoy en su sitio web el fallo del juez federal Daniel Rafecas que desestim\u00f3 la denuncia del fallecido fiscal\u2026","rel":"","context":"En \u00abGeneral\u00bb","block_context":{"text":"General","link":"http:\/\/www.24baires.com\/?cat=67"},"img":{"alt_text":"cristina twitter 2013","src":"https:\/\/i0.wp.com\/www.24baires.com\/wp-content\/uploads\/2013\/09\/cristina-twitter-2013.jpg?resize=350%2C200","width":350,"height":200,"srcset":"https:\/\/i0.wp.com\/www.24baires.com\/wp-content\/uploads\/2013\/09\/cristina-twitter-2013.jpg?resize=350%2C200 1x, https:\/\/i0.wp.com\/www.24baires.com\/wp-content\/uploads\/2013\/09\/cristina-twitter-2013.jpg?resize=525%2C300 1.5x"},"classes":[]}],"jetpack_sharing_enabled":true,"jetpack_likes_enabled":true,"jetpack_featured_media_url":"","_links":{"self":[{"href":"http:\/\/www.24baires.com\/index.php?rest_route=\/wp\/v2\/posts\/62656","targetHints":{"allow":["GET"]}}],"collection":[{"href":"http:\/\/www.24baires.com\/index.php?rest_route=\/wp\/v2\/posts"}],"about":[{"href":"http:\/\/www.24baires.com\/index.php?rest_route=\/wp\/v2\/types\/post"}],"author":[{"embeddable":true,"href":"http:\/\/www.24baires.com\/index.php?rest_route=\/wp\/v2\/users\/4"}],"replies":[{"embeddable":true,"href":"http:\/\/www.24baires.com\/index.php?rest_route=%2Fwp%2Fv2%2Fcomments&post=62656"}],"version-history":[{"count":2,"href":"http:\/\/www.24baires.com\/index.php?rest_route=\/wp\/v2\/posts\/62656\/revisions"}],"predecessor-version":[{"id":62679,"href":"http:\/\/www.24baires.com\/index.php?rest_route=\/wp\/v2\/posts\/62656\/revisions\/62679"}],"wp:attachment":[{"href":"http:\/\/www.24baires.com\/index.php?rest_route=%2Fwp%2Fv2%2Fmedia&parent=62656"}],"wp:term":[{"taxonomy":"category","embeddable":true,"href":"http:\/\/www.24baires.com\/index.php?rest_route=%2Fwp%2Fv2%2Fcategories&post=62656"},{"taxonomy":"post_tag","embeddable":true,"href":"http:\/\/www.24baires.com\/index.php?rest_route=%2Fwp%2Fv2%2Ftags&post=62656"}],"curies":[{"name":"wp","href":"https:\/\/api.w.org\/{rel}","templated":true}]}}