{"id":62632,"date":"2015-03-04T16:43:48","date_gmt":"2015-03-04T19:43:48","guid":{"rendered":"http:\/\/www.24baires.com\/?p=62632"},"modified":"2015-03-04T17:35:04","modified_gmt":"2015-03-04T20:35:04","slug":"la-corte-niego-que-el-atentado-a-la-embajada-de-israel-sea-cosa-juzgada","status":"publish","type":"post","link":"http:\/\/www.24baires.com\/?p=62632","title":{"rendered":"La Corte neg\u00f3 que el atentado a la Embajada de Israel sea \u00abcosa juzgada\u00bb"},"content":{"rendered":"<p>El m\u00e1ximo tribunal sostuvo que \u00abcontin\u00faa la investigaci\u00f3n\u00bb del atentado contra la sede diplom\u00e1tica israel\u00ed, lo que se contrapone con las afirmaciones de Ricardo Lorenzetti, quien dijo que era \u00abcosa juzgada\u00bb.<br \/>\n<!--more--><\/p>\n<p>La Corte Suprema de Justicia difundi\u00f3, a trav\u00e9s del Centro de Informaci\u00f3n Judicial (CIJ), un informe en el que sostuvo que \u00abcontin\u00faa la investigaci\u00f3n\u00bb del atentado contra la Embajada de Israel en Argentina, informaci\u00f3n que se contrapone con las afirmaciones del titular del m\u00e1ximo tribunal que sostuvo ayer durante un acto en el palacio de Tribunales que esa causa era \u00abcosa juzgada\u00bb.<\/p>\n<p>La secretar\u00eda judicial n\u00famero 3 de la Corte, a cargo de Esteban Canevari, emiti\u00f3 un informe de cuatro p\u00e1ginas en el que se reiter\u00f3 parte de lo dicho ayer por Lorenzetti -que en la causa por el atentado a la Embajada de Israel se determin\u00f3 la materialidad del hecho y la responsabilidad del Hezbollah en el ataque a la sede diplom\u00e1tica- pero aclar\u00f3 que la investigaci\u00f3n \u00abcontin\u00faa\u00bb.<\/p>\n<p>Ayer, durante la apertura del a\u00f1o judicial 2015, el presidente del m\u00e1ximo tribunal se refiri\u00f3 al tr\u00e1mite de esa causa, luego que en su discurso de inauguraci\u00f3n de las sesiones ordinarias del Congreso Nacional la jefa del Estado Cristina Fern\u00e1ndez de Kirchner pidiera que alguien le informara cu\u00e1l es el resultado de esta investigaci\u00f3n que llev\u00f3 adelante la Corte del atentado de la Embajada de Israel.<\/p>\n<p>\u00ab\u00bfQui\u00e9nes son los condenados? \u00bfCu\u00e1les son los procesados? \u00bfQu\u00e9 fue lo que pas\u00f3?\u00bb, hab\u00eda indagado la mandataria durante su discurso ante la Asamblea Legislativa.<\/p>\n<p>En el breve informe publicado hoy por el CIJ la Corte realiz\u00f3 un repaso de la causa que tramita la secretar\u00eda a Canevari, que realiza el seguimiento especial de la investigaci\u00f3n.<\/p>\n<p>El texto publicado hoy omiti\u00f3 informar que en 2006 los miembros de la Corte Suprema de justicia firmaron un fallo en el que declararon la imprescriptibilidad de la causa en la que se investiga el atentado contra la representaci\u00f3n israel\u00ed en Argentina.<br \/>\nEl m\u00e1ximo tribunal record\u00f3 que \u00abel 17 de marzo de 1992, aproximadamente a las 14.47 hs. se produjo un atentado en el edificio de la sede de la Embajada de Israel en la ciudad de Buenos Aires, sito en Arroyo 916\u00bb.<\/p>\n<p>El documento record\u00f3 que en una resoluci\u00f3n, \u00abel 23 de diciembre de 1999, publicada en Fallos 333:3297 la Corte\u00bb, el tribunal \u00abtuvo por probado que el hecho fue causado por la explosi\u00f3n de una carga de pentrita y trinitrotolueno que hab\u00eda sido acondicionada en la parte posterior derecha del interior de una camioneta Ford F 100, dominio C.1.275.871\u00bb<\/p>\n<p>Agreg\u00f3 que \u00abla camioneta hab\u00eda estado detenida en el estacionamiento que la firma Dakota SA regenteaba en Cerrito entre Juncal y Arroyo. Ya fuera de ese lugar circul\u00f3 por la calle nombrada donde \u2013a la altura del 916, sede del edificio de la embajada de Israel- ascendi\u00f3 a la vereda con sus dos ruedas derechas produci\u00e9ndose inmediatamente una explosi\u00f3n de considerables dimensiones que provoc\u00f3 la destrucci\u00f3n de la sede diplom\u00e1tica y da\u00f1os en otros edificios de las inmediaciones y en los veh\u00edculos que estaban estacionados en la zona o que circulaban por el lugar\u00bb.<\/p>\n<p>Por el hecho fallecieron 22 personas y resultaron heridas m\u00e1s de 350 que fueron atendidas en distintos nosocomios de la Capital Federal, precis\u00f3 la Corte, aunque en la primera parte de la investigaci\u00f3n se hab\u00eda afirmado que eran 29 las v\u00edctimas.<\/p>\n<p>La existencia del coche bomba \u00abest\u00e1 avalada, entre otras pruebas, por la existencia de un cr\u00e1ter frente al edificio de la embajada, el hallazgo de varias partes del motor del rodado sobre los que se practicaron diversos peritajes que permitieron ubicar el n\u00famero del motor y as\u00ed individualizarlo, diversas declaraciones, indic\u00f3 el comunicado.<\/p>\n<p>Tras ese comienzo, la secretar\u00eda 3 inform\u00f3 cuales fueron los m\u00e1s resonantes movimientos de la causa -con informaci\u00f3n aportada, en buena proporci\u00f3n por servicios de inteligencia nacionales e internacionales- hasta la conclusi\u00f3n de la Corte respecto de la materialidad y la responsabilidad del hecho.<\/p>\n<p>La Corte no logr\u00f3 determinar a\u00fan, por ejemplo, qui\u00e9n o qui\u00e9nes ingresaron al pa\u00eds para cometer el atentado, cu\u00e1les fueron los nexos locales, c\u00f3mo fue adquirida la presunta camioneta-bomba y qui\u00e9nes manipularon los explosivos para llevar a cabo la masacre.<\/p>\n<p>El comunicado concluye que en el sumario \u00abest\u00e1 probada la materialidad de los hechos \u2013c\u00f3mo ocurri\u00f3 el atentado- y tambi\u00e9n se\u00f1alada la responsabilidad penal de sus autores\u00bb y que en esa l\u00ednea el Presidente de la Corte inform\u00f3 ayer que \u00abambas circunstancias (pilares de la investigaci\u00f3n) han sido consentidas por las partes\u00bb, y que sobre esa \u00abbase firme\u00bb se \u00abcontin\u00faa con la pertinente investigaci\u00f3n, para lo cual se ha solicitado la necesaria colaboraci\u00f3n internacional\u00bb.<\/p>\n<p>&nbsp;<\/p>\n<p>&nbsp;<\/p>\n<p>&nbsp;<\/p>\n<p>&nbsp;<\/p>\n<p>&nbsp;<\/p>\n<p>&nbsp;<\/p>\n<p>&nbsp;<\/p>\n<p>&nbsp;<\/p>\n<p>&nbsp;<\/p>\n","protected":false},"excerpt":{"rendered":"<p>El m\u00e1ximo tribunal sostuvo que \u00abcontin\u00faa la investigaci\u00f3n\u00bb del atentado contra la sede diplom\u00e1tica israel\u00ed, lo que se contrapone con las afirmaciones de Ricardo Lorenzetti, quien dijo que era \u00abcosa juzgada\u00bb.<\/p>\n","protected":false},"author":8,"featured_media":0,"comment_status":"open","ping_status":"open","sticky":false,"template":"","format":"standard","meta":{"_jetpack_newsletter_access":"","_jetpack_dont_email_post_to_subs":false,"_jetpack_newsletter_tier_id":0,"_jetpack_memberships_contains_paywalled_content":false,"_jetpack_memberships_contains_paid_content":false,"footnotes":""},"categories":[51],"tags":[],"class_list":["post-62632","post","type-post","status-publish","format-standard","hentry","category-politica"],"jetpack_shortlink":"https:\/\/wp.me\/p2JWE0-gic","jetpack-related-posts":[{"id":62563,"url":"http:\/\/www.24baires.com\/?p=62563","url_meta":{"origin":62632,"position":0},"title":"Lorenzetti aclar\u00f3 que \u00abhubo sentencia sobre la embajada de Israel\u00bb","author":"GB","date":"03\/03\/2015","format":false,"excerpt":"Con una presencia de magistrados y letrados superior a la de otros a\u00f1os, el presidente de la Corte dio inicio al \"a\u00f1o judicial\" con un discurso en el que llam\u00f3 a \"terminar con las investigaciones oscuras que se traban, a terminar con la impunidad\". Remarc\u00f3 la independencia de poderes y\u2026","rel":"","context":"En \u00abPol\u00edtica\u00bb","block_context":{"text":"Pol\u00edtica","link":"http:\/\/www.24baires.com\/?cat=51"},"img":{"alt_text":"lorenzetti-corte-suprema","src":"https:\/\/i0.wp.com\/www.24baires.com\/wp-content\/uploads\/2012\/10\/lorenzetti-corte-suprema.jpg?resize=350%2C200","width":350,"height":200,"srcset":"https:\/\/i0.wp.com\/www.24baires.com\/wp-content\/uploads\/2012\/10\/lorenzetti-corte-suprema.jpg?resize=350%2C200 1x, https:\/\/i0.wp.com\/www.24baires.com\/wp-content\/uploads\/2012\/10\/lorenzetti-corte-suprema.jpg?resize=525%2C300 1.5x"},"classes":[]},{"id":64020,"url":"http:\/\/www.24baires.com\/?p=64020","url_meta":{"origin":62632,"position":1},"title":"La Corte pidi\u00f3 desclasificar los archivos de la &#8216;Causa Embajada&#8217; como lo ofreci\u00f3 Cristina","author":"Grupo Sierra","date":"08\/04\/2015","format":false,"excerpt":"A trav\u00e9s de un comunicado de s\u00f3lo cuatro l\u00edneas, el Centro de Informaci\u00f3n Judicial (CIJ) da cuenta que el Tribunal compuesto por Ricardo Lorenzetti, Elena Highton de Nolasco, Carlos Fayt y Juan Carlos Maqueda, solicit\u00f3 a la presidenta Cristina Fern\u00e1ndez de Kirchner, \"la desclasificaci\u00f3n de los archivos de inteligencia con\u2026","rel":"","context":"En \u00abJUDICIALES\u00bb","block_context":{"text":"JUDICIALES","link":"http:\/\/www.24baires.com\/?cat=68"},"img":{"alt_text":"","src":"","width":0,"height":0},"classes":[]},{"id":62606,"url":"http:\/\/www.24baires.com\/?p=62606","url_meta":{"origin":62632,"position":2},"title":"Lorenzetti \u00abcometi\u00f3 un error\u00bb al afirmar que lo de la embajada fue juzgado","author":"AF","date":"04\/03\/2015","format":false,"excerpt":"La fiscal Cristina Caama\u00f1o se refiri\u00f3 a los dichos del presidente de la Corte, quien afirm\u00f3 que la causa de la Embajada de Israel es \"cosa juzgada\". Para eso, \u201ctiene que haber sentencia, y tiene que haber juicio\u201d, recalc\u00f3. \"Para que algo sea cosa juzgada tiene que haber sentencia, y\u2026","rel":"","context":"En \u00abJUDICIALES\u00bb","block_context":{"text":"JUDICIALES","link":"http:\/\/www.24baires.com\/?cat=68"},"img":{"alt_text":"","src":"https:\/\/i0.wp.com\/www.24baires.com\/wp-content\/uploads\/2015\/03\/lorenzetti2.jpg?resize=350%2C200","width":350,"height":200,"srcset":"https:\/\/i0.wp.com\/www.24baires.com\/wp-content\/uploads\/2015\/03\/lorenzetti2.jpg?resize=350%2C200 1x, https:\/\/i0.wp.com\/www.24baires.com\/wp-content\/uploads\/2015\/03\/lorenzetti2.jpg?resize=525%2C300 1.5x"},"classes":[]},{"id":62594,"url":"http:\/\/www.24baires.com\/?p=62594","url_meta":{"origin":62632,"position":3},"title":"Timerman anunci\u00f3 comunicaciones con Israel por AMIA","author":"Grupo Sierra","date":"03\/03\/2015","format":false,"excerpt":"El canciller argentino dio a conocer una carta de su par israel\u00ed, Avigdon Liberman, d\u00f3nde muestra el inter\u00e9s de su pa\u00eds por esclarecer los ataques a la embajada y la AMIA. H\u00e9ctor Timerman, habl\u00f3 esta tarde desde la Sala de Conferencias de Casa de Gobierno e hizo menci\u00f3n a una\u2026","rel":"","context":"En \u00abInternacionales\u00bb","block_context":{"text":"Internacionales","link":"http:\/\/www.24baires.com\/?cat=73"},"img":{"alt_text":"timerman","src":"https:\/\/i0.wp.com\/www.24baires.com\/wp-content\/uploads\/2014\/08\/timerman.jpg?resize=350%2C200","width":350,"height":200,"srcset":"https:\/\/i0.wp.com\/www.24baires.com\/wp-content\/uploads\/2014\/08\/timerman.jpg?resize=350%2C200 1x, https:\/\/i0.wp.com\/www.24baires.com\/wp-content\/uploads\/2014\/08\/timerman.jpg?resize=525%2C300 1.5x"},"classes":[]},{"id":47206,"url":"http:\/\/www.24baires.com\/?p=47206","url_meta":{"origin":62632,"position":4},"title":"Prescribi\u00f3 causa contra Fayt por un libro sobre \u00abterrorismo sagrado\u00bb","author":"AF","date":"02\/06\/2014","format":false,"excerpt":"En 2001 el integrante de la Corte Suprema public\u00f3 un libro donde escribi\u00f3 sobre los atentados a la AMIA y a la embajada de Isarael. All\u00ed mencion\u00f3 a un exfuncionario iran\u00ed, quien lo demand\u00f3 por da\u00f1os y perjuicios. La Corte Suprema de Justicia de la Naci\u00f3n -en esta oportunidad, integrada\u2026","rel":"","context":"En \u00abJUDICIALES\u00bb","block_context":{"text":"JUDICIALES","link":"http:\/\/www.24baires.com\/?cat=68"},"img":{"alt_text":"","src":"https:\/\/i0.wp.com\/www.24baires.com\/wp-content\/uploads\/2014\/06\/fayt.jpg?resize=350%2C200","width":350,"height":200,"srcset":"https:\/\/i0.wp.com\/www.24baires.com\/wp-content\/uploads\/2014\/06\/fayt.jpg?resize=350%2C200 1x, https:\/\/i0.wp.com\/www.24baires.com\/wp-content\/uploads\/2014\/06\/fayt.jpg?resize=525%2C300 1.5x"},"classes":[]},{"id":63370,"url":"http:\/\/www.24baires.com\/?p=63370","url_meta":{"origin":62632,"position":5},"title":"Desclasificar\u00e1n los archivos del atentado a la Embajada de Israel","author":"GB","date":"19\/03\/2015","format":false,"excerpt":"La presidenta Cristina Fern\u00e1ndez de Kirchner adelant\u00f3 que \"ni bien\" la Corte Suprema de Justicia \"lo solicite\", el Poder Ejecutivo desclasificar\u00e1 la informaci\u00f3n reservada sobre el atentado a la embajada de Israel, del que esta semana se cumplieron 23 a\u00f1os. La presidenta Cristina Fern\u00e1ndez de Kirchner revel\u00f3 que el Poder\u2026","rel":"","context":"En \u00abPol\u00edtica\u00bb","block_context":{"text":"Pol\u00edtica","link":"http:\/\/www.24baires.com\/?cat=51"},"img":{"alt_text":"","src":"https:\/\/i0.wp.com\/www.24baires.com\/wp-content\/uploads\/2015\/03\/embajada-israel.jpg?resize=350%2C200","width":350,"height":200,"srcset":"https:\/\/i0.wp.com\/www.24baires.com\/wp-content\/uploads\/2015\/03\/embajada-israel.jpg?resize=350%2C200 1x, https:\/\/i0.wp.com\/www.24baires.com\/wp-content\/uploads\/2015\/03\/embajada-israel.jpg?resize=525%2C300 1.5x"},"classes":[]}],"jetpack_sharing_enabled":true,"jetpack_likes_enabled":true,"jetpack_featured_media_url":"","_links":{"self":[{"href":"http:\/\/www.24baires.com\/index.php?rest_route=\/wp\/v2\/posts\/62632","targetHints":{"allow":["GET"]}}],"collection":[{"href":"http:\/\/www.24baires.com\/index.php?rest_route=\/wp\/v2\/posts"}],"about":[{"href":"http:\/\/www.24baires.com\/index.php?rest_route=\/wp\/v2\/types\/post"}],"author":[{"embeddable":true,"href":"http:\/\/www.24baires.com\/index.php?rest_route=\/wp\/v2\/users\/8"}],"replies":[{"embeddable":true,"href":"http:\/\/www.24baires.com\/index.php?rest_route=%2Fwp%2Fv2%2Fcomments&post=62632"}],"version-history":[{"count":2,"href":"http:\/\/www.24baires.com\/index.php?rest_route=\/wp\/v2\/posts\/62632\/revisions"}],"predecessor-version":[{"id":62634,"href":"http:\/\/www.24baires.com\/index.php?rest_route=\/wp\/v2\/posts\/62632\/revisions\/62634"}],"wp:attachment":[{"href":"http:\/\/www.24baires.com\/index.php?rest_route=%2Fwp%2Fv2%2Fmedia&parent=62632"}],"wp:term":[{"taxonomy":"category","embeddable":true,"href":"http:\/\/www.24baires.com\/index.php?rest_route=%2Fwp%2Fv2%2Fcategories&post=62632"},{"taxonomy":"post_tag","embeddable":true,"href":"http:\/\/www.24baires.com\/index.php?rest_route=%2Fwp%2Fv2%2Ftags&post=62632"}],"curies":[{"name":"wp","href":"https:\/\/api.w.org\/{rel}","templated":true}]}}