{"id":62619,"date":"2015-03-04T14:11:15","date_gmt":"2015-03-04T17:11:15","guid":{"rendered":"http:\/\/www.24baires.com\/?p=62619"},"modified":"2015-03-04T14:11:57","modified_gmt":"2015-03-04T17:11:57","slug":"el-abogado-de-la-modelo-aseguro-que-con-nisman-solo-eran-amigos","status":"publish","type":"post","link":"http:\/\/www.24baires.com\/?p=62619","title":{"rendered":"El abogado de la modelo asegur\u00f3 que con Nisman \u00abs\u00f3lo eran amigos\u00bb"},"content":{"rendered":"<p><img data-recalc-dims=\"1\" loading=\"lazy\" decoding=\"async\" class=\"aligncenter size-full wp-image-62568\" src=\"https:\/\/i0.wp.com\/www.24baires.com\/wp-content\/uploads\/2015\/03\/modelo-y-nismas.jpg?resize=560%2C415\" alt=\"modelo y nismas\" width=\"560\" height=\"415\" srcset=\"https:\/\/i0.wp.com\/www.24baires.com\/wp-content\/uploads\/2015\/03\/modelo-y-nismas.jpg?w=560 560w, https:\/\/i0.wp.com\/www.24baires.com\/wp-content\/uploads\/2015\/03\/modelo-y-nismas.jpg?resize=300%2C222 300w\" sizes=\"auto, (max-width: 560px) 100vw, 560px\" \/>Jorge Gonz\u00e1lez Novillo, abogado de la modelo Florencia Cocucci, a quien se vincula sentimentalmente con el ex titular de la UFI-Amia, Alberto Nisman, neg\u00f3 hoy que haya existido una relaci\u00f3n de noviazgo entre ellos, dijo que se trataba de una \u201camistad\u201d y asegur\u00f3 que la joven \u201cjam\u00e1s fue al departamento\u00bb del fiscal y \u00abni siquiera sab\u00eda ad\u00f3nde viv\u00eda\u201d.<!--more--><\/p>\n<p>Adem\u00e1s, precis\u00f3 que la joven conoci\u00f3 al fiscal \u201caproximadamente en septiembre del 2013 en un local bailable\u201d, que \u201ctodas las veces subsiguientes en que se encontr\u00f3 con el doctor Nisman fue en los mismos \u00e1mbitos\u201d, y que la \u00faltima vez que lo vio fue \u201ca fines de noviembre\u201d.<\/p>\n<p>En declaraciones formuladas esta ma\u00f1ana a la radio FM Nacional Rock, Gonz\u00e1lez Novillo consign\u00f3 que la joven le hab\u00eda contado que \u201cs\u00ed conoc\u00eda y ten\u00eda una relaci\u00f3n de amistad\u201d con el ex titular de la UFI-Amia pero que \u201cno exist\u00eda una relaci\u00f3n de noviazgo\u201d.<\/p>\n<p>Por otro lado, neg\u00f3 que haya sido Cocucci la joven que comparti\u00f3 una cena con \u00e9l el 27 de diciembre, antes de partir hacia Europa, al indicar que la modelo \u201ces oriunda de Mar del Plata\u201d y que \u201cel 23 de diciembre viaj\u00f3 a esa ciudad para pasar las fiestas con su familia y reci\u00e9n regres\u00f3 los primeros d\u00edas de enero\u201d.<\/p>\n<p>En tanto, en relaci\u00f3n al v\u00ednculo que ten\u00eda con Nisman, el abogado precis\u00f3 que la modelo le coment\u00f3 que el fiscal \u201cera muy reservado\u201d y que, \u201cen el \u00e1mbito donde lo ve\u00eda peri\u00f3dicamente era de esparcimiento, donde las conversaciones eran superficiales y livianas\u201d y que, por lo tanto, siempre lo vio \u201cbien\u201d.<\/p>\n<p>Tambi\u00e9n, el abogado confirm\u00f3 que ayer se present\u00f3 en la fiscal\u00eda encabezada por Viviana Fein, quien le agradeci\u00f3 que se hubiera hecho presente porque, justamente, estaban intentando averiguar el domicilio de Cocucci para citarla a declarar como testigo en el marco de la causa que investiga la muerte de Nisman.<\/p>\n<p>En este sentido, detall\u00f3 que \u201cen funci\u00f3n de la disponibilidad de la fiscal\u00eda, la van a citar a declarar\u201d en calidad de testigo en el marco de la causa, pero que todav\u00eda esa convocatoria no se concret\u00f3.<\/p>\n<p>Adem\u00e1s, en la entrevista, el abogado consign\u00f3 que Viviana Cocucci le hab\u00eda dicho que \u201cla \u00faltima vez que lo vio fue en el mes de noviembre, a fines de noviembre\u201d y que \u201cjam\u00e1s\u201d hab\u00eda ido al departamento de Nisman y \u201cni siquiera sab\u00eda d\u00f3nde viv\u00eda\u201d.<\/p>\n<p>Por otro lado, dijo que la modelo \u201cest\u00e1 preocupada, mal, molesta con la situaci\u00f3n, como enojada respecto a que esto ha repercutido en terceras personas ajenas a la situaci\u00f3n, que es lo que menos ella hubiera querido\u201d, no obstante no cual \u201cno implica que ella tenga temor respecto a ser convocada como testigo\u201d.<\/p>\n<p>&nbsp;<\/p>\n<p>&nbsp;<\/p>\n<p>&nbsp;<\/p>\n<p>&nbsp;<\/p>\n<p>&nbsp;<\/p>\n<p>&nbsp;<\/p>\n<p>&nbsp;<\/p>\n<p>&nbsp;<\/p>\n<p>&nbsp;<\/p>\n<p>&nbsp;<\/p>\n<p>&nbsp;<\/p>\n<p>&nbsp;<\/p>\n","protected":false},"excerpt":{"rendered":"<p>Jorge Gonz\u00e1lez Novillo, abogado de la modelo Florencia Cocucci, a quien se vincula sentimentalmente con el ex titular de la UFI-Amia, Alberto Nisman, neg\u00f3 hoy que haya existido una relaci\u00f3n de noviazgo entre ellos, dijo que se trataba de una \u201camistad\u201d y asegur\u00f3 que la joven \u201cjam\u00e1s fue al departamento\u00bb del fiscal y \u00abni siquiera sab\u00eda ad\u00f3nde viv\u00eda\u201d.<\/p>\n","protected":false},"author":8,"featured_media":0,"comment_status":"open","ping_status":"open","sticky":false,"template":"","format":"standard","meta":{"_jetpack_newsletter_access":"","_jetpack_dont_email_post_to_subs":false,"_jetpack_newsletter_tier_id":0,"_jetpack_memberships_contains_paywalled_content":false,"_jetpack_memberships_contains_paid_content":false,"footnotes":""},"categories":[51],"tags":[],"class_list":["post-62619","post","type-post","status-publish","format-standard","hentry","category-politica"],"jetpack_shortlink":"https:\/\/wp.me\/p2JWE0-ghZ","jetpack-related-posts":[{"id":62939,"url":"http:\/\/www.24baires.com\/?p=62939","url_meta":{"origin":62619,"position":0},"title":"Declar\u00f3 la modelo vinculada con Nisman y asegur\u00f3 que su relaci\u00f3n era \u00absuperficial\u00bb","author":"GB","date":"10\/03\/2015","format":false,"excerpt":"Jorge Gonz\u00e1lez Novillo, abogado de la modelo Florencia Cocucci, a quien se vincula sentimentalmente con Alberto Nisman, reafirm\u00f3 que su clienta, quien prest\u00f3 hoy declaraci\u00f3n testimonial en el marco de la causa que investiga la muerte el fiscal, manten\u00eda una \u201crelaci\u00f3n superficial\u201d con el ex titular de la UFI-AMIA que\u2026","rel":"","context":"En \u00abPol\u00edtica\u00bb","block_context":{"text":"Pol\u00edtica","link":"http:\/\/www.24baires.com\/?cat=51"},"img":{"alt_text":"","src":"https:\/\/i0.wp.com\/www.24baires.com\/wp-content\/uploads\/2015\/03\/abogado-modelo-nisman.jpg?resize=350%2C200","width":350,"height":200,"srcset":"https:\/\/i0.wp.com\/www.24baires.com\/wp-content\/uploads\/2015\/03\/abogado-modelo-nisman.jpg?resize=350%2C200 1x, https:\/\/i0.wp.com\/www.24baires.com\/wp-content\/uploads\/2015\/03\/abogado-modelo-nisman.jpg?resize=525%2C300 1.5x"},"classes":[]},{"id":106442,"url":"http:\/\/www.24baires.com\/?p=106442","url_meta":{"origin":62619,"position":1},"title":"Lagomarsino, sobre Nisman: \u00abSigo pensando que se suicid\u00f3\u00bb","author":"AF","date":"18\/01\/2019","format":false,"excerpt":"\"Alberto me traicion\u00f3, me meti\u00f3 en una situaci\u00f3n para nada agradable. Pero a pesar de eso lo perdon\u00e9. Si tuvo que matarse con mi arma, lo perdono, le perdono que me haya metido en este problema\", resalt\u00f3 adem\u00e1s Diego Lagomarsino. Al cumplirse cuatro a\u00f1os de la muerte del fiscal Alberto\u2026","rel":"","context":"En \u00abSociedad\u00bb","block_context":{"text":"Sociedad","link":"http:\/\/www.24baires.com\/?cat=1"},"img":{"alt_text":"","src":"https:\/\/i0.wp.com\/www.24baires.com\/wp-content\/uploads\/2015\/01\/lagomarsino-11.jpg?resize=350%2C200","width":350,"height":200,"srcset":"https:\/\/i0.wp.com\/www.24baires.com\/wp-content\/uploads\/2015\/01\/lagomarsino-11.jpg?resize=350%2C200 1x, https:\/\/i0.wp.com\/www.24baires.com\/wp-content\/uploads\/2015\/01\/lagomarsino-11.jpg?resize=525%2C300 1.5x"},"classes":[]},{"id":102494,"url":"http:\/\/www.24baires.com\/?p=102494","url_meta":{"origin":62619,"position":2},"title":"La C\u00e1mara \u00abreflot\u00f3\u00bb la causa Nisman y asegura que se trat\u00f3 de un crimen","author":"AF","date":"01\/06\/2018","format":false,"excerpt":"Confirm\u00f3 que el ex juez Alberto Nisman fue asesinado. Agregaron que el motivo fue su denuncia contra Cristina Kirchner. Adem\u00e1s dejaron firme el procesamiento de Diego Lagomarsino. La C\u00e1mara Federal hizo su aparici\u00f3n en medio de la debacle econ\u00f3mica que enfrenta el gobierno de Mauricio Macri. Entre masivas manifestaciones en\u2026","rel":"","context":"En \u00abJUDICIALES\u00bb","block_context":{"text":"JUDICIALES","link":"http:\/\/www.24baires.com\/?cat=68"},"img":{"alt_text":"","src":"https:\/\/i0.wp.com\/www.24baires.com\/wp-content\/uploads\/2015\/07\/nisman.jpg?resize=350%2C200","width":350,"height":200,"srcset":"https:\/\/i0.wp.com\/www.24baires.com\/wp-content\/uploads\/2015\/07\/nisman.jpg?resize=350%2C200 1x, https:\/\/i0.wp.com\/www.24baires.com\/wp-content\/uploads\/2015\/07\/nisman.jpg?resize=525%2C300 1.5x"},"classes":[]},{"id":108203,"url":"http:\/\/www.24baires.com\/?p=108203","url_meta":{"origin":62619,"position":3},"title":"Un empresario fue amenazado para evitar que declare contra el Gobierno","author":"GB","date":"16\/05\/2019","format":false,"excerpt":"Mart\u00ednez Rojas, ex CEO preso, revel\u00f3 que el Ejecutivo y la AFI intentaron guionarlo para involucrar a Cristina y otros ex funcionarios en diversos delitos a cambio de quedar en libertad. Tambi\u00e9n se supo que el abogado de Stornelli busc\u00f3 extorsionarlo en EEUU. Ahora le advirtieron que si habla ante\u2026","rel":"","context":"En \u00abPol\u00edtica\u00bb","block_context":{"text":"Pol\u00edtica","link":"http:\/\/www.24baires.com\/?cat=51"},"img":{"alt_text":"","src":"https:\/\/i0.wp.com\/www.24baires.com\/wp-content\/uploads\/2019\/05\/empresario-amenazado.jpg?resize=350%2C200","width":350,"height":200,"srcset":"https:\/\/i0.wp.com\/www.24baires.com\/wp-content\/uploads\/2019\/05\/empresario-amenazado.jpg?resize=350%2C200 1x, https:\/\/i0.wp.com\/www.24baires.com\/wp-content\/uploads\/2019\/05\/empresario-amenazado.jpg?resize=525%2C300 1.5x"},"classes":[]},{"id":117875,"url":"http:\/\/www.24baires.com\/?p=117875","url_meta":{"origin":62619,"position":4},"title":"Cristina consider\u00f3 \u00abdisparate judicial, institucional y pol\u00edtico\u00bb a la causa del memor\u00e1ndum","author":"AF","date":"16\/07\/2021","format":false,"excerpt":"La vicepresidenta expuso durante la audiencia p\u00fablica, que fue escuchada por m\u00e1s de 20 mil personas a trav\u00e9s de YouTube. \"Se hicieron maniobras persecutorias para perjudicarnos a m\u00ed y mi familia\", asegur\u00f3. El Tribunal Oral Federal 8 debe resolver si declara o no la nulidad del proceso. La vicepresidenta Cristina\u2026","rel":"","context":"En \u00abJUDICIALES\u00bb","block_context":{"text":"JUDICIALES","link":"http:\/\/www.24baires.com\/?cat=68"},"img":{"alt_text":"","src":"https:\/\/i0.wp.com\/www.24baires.com\/wp-content\/uploads\/2021\/07\/cfk.jpg?resize=350%2C200","width":350,"height":200,"srcset":"https:\/\/i0.wp.com\/www.24baires.com\/wp-content\/uploads\/2021\/07\/cfk.jpg?resize=350%2C200 1x, https:\/\/i0.wp.com\/www.24baires.com\/wp-content\/uploads\/2021\/07\/cfk.jpg?resize=525%2C300 1.5x"},"classes":[]},{"id":106628,"url":"http:\/\/www.24baires.com\/?p=106628","url_meta":{"origin":62619,"position":5},"title":"La AMIA busca retirarse de la querella contra Cristina por el Memor\u00e1ndum con Ir\u00e1n","author":"AF","date":"31\/01\/2019","format":false,"excerpt":"Fue un pedido a la DAIA en la causa que se origin\u00f3 con la denuncia del fiscal Alberto Nisman y busca \u201cempezar a tomar distancia de una causa que est\u00e1 en el centro de la famosa grieta\u201d. La Asociaci\u00f3n Mutual Israelita Argentina (AMIA) le reclam\u00f3 a la Delegaci\u00f3n de Asociaciones\u2026","rel":"","context":"En \u00abJUDICIALES\u00bb","block_context":{"text":"JUDICIALES","link":"http:\/\/www.24baires.com\/?cat=68"},"img":{"alt_text":"","src":"https:\/\/i0.wp.com\/www.24baires.com\/wp-content\/uploads\/2015\/04\/amia.jpg?resize=350%2C200","width":350,"height":200,"srcset":"https:\/\/i0.wp.com\/www.24baires.com\/wp-content\/uploads\/2015\/04\/amia.jpg?resize=350%2C200 1x, https:\/\/i0.wp.com\/www.24baires.com\/wp-content\/uploads\/2015\/04\/amia.jpg?resize=525%2C300 1.5x"},"classes":[]}],"jetpack_sharing_enabled":true,"jetpack_likes_enabled":true,"jetpack_featured_media_url":"","_links":{"self":[{"href":"http:\/\/www.24baires.com\/index.php?rest_route=\/wp\/v2\/posts\/62619","targetHints":{"allow":["GET"]}}],"collection":[{"href":"http:\/\/www.24baires.com\/index.php?rest_route=\/wp\/v2\/posts"}],"about":[{"href":"http:\/\/www.24baires.com\/index.php?rest_route=\/wp\/v2\/types\/post"}],"author":[{"embeddable":true,"href":"http:\/\/www.24baires.com\/index.php?rest_route=\/wp\/v2\/users\/8"}],"replies":[{"embeddable":true,"href":"http:\/\/www.24baires.com\/index.php?rest_route=%2Fwp%2Fv2%2Fcomments&post=62619"}],"version-history":[{"count":1,"href":"http:\/\/www.24baires.com\/index.php?rest_route=\/wp\/v2\/posts\/62619\/revisions"}],"predecessor-version":[{"id":62620,"href":"http:\/\/www.24baires.com\/index.php?rest_route=\/wp\/v2\/posts\/62619\/revisions\/62620"}],"wp:attachment":[{"href":"http:\/\/www.24baires.com\/index.php?rest_route=%2Fwp%2Fv2%2Fmedia&parent=62619"}],"wp:term":[{"taxonomy":"category","embeddable":true,"href":"http:\/\/www.24baires.com\/index.php?rest_route=%2Fwp%2Fv2%2Fcategories&post=62619"},{"taxonomy":"post_tag","embeddable":true,"href":"http:\/\/www.24baires.com\/index.php?rest_route=%2Fwp%2Fv2%2Ftags&post=62619"}],"curies":[{"name":"wp","href":"https:\/\/api.w.org\/{rel}","templated":true}]}}