{"id":62600,"date":"2015-03-04T10:00:11","date_gmt":"2015-03-04T13:00:11","guid":{"rendered":"http:\/\/www.24baires.com\/?p=62600"},"modified":"2015-03-05T11:03:02","modified_gmt":"2015-03-05T14:03:02","slug":"anibal-fernandez-nego-que-existan-presiones-del-ejecutivo-al-poder-judicial","status":"publish","type":"post","link":"http:\/\/www.24baires.com\/?p=62600","title":{"rendered":"An\u00edbal Fern\u00e1ndez neg\u00f3 que existan presiones del Ejecutivo al Poder Judicial"},"content":{"rendered":"<p><img data-recalc-dims=\"1\" loading=\"lazy\" decoding=\"async\" class=\"aligncenter size-full wp-image-60580\" src=\"https:\/\/i0.wp.com\/www.24baires.com\/wp-content\/uploads\/2015\/01\/anibal.jpg?resize=560%2C373\" alt=\"anibal\" width=\"560\" height=\"373\" srcset=\"https:\/\/i0.wp.com\/www.24baires.com\/wp-content\/uploads\/2015\/01\/anibal.jpg?w=560 560w, https:\/\/i0.wp.com\/www.24baires.com\/wp-content\/uploads\/2015\/01\/anibal.jpg?resize=300%2C200 300w\" sizes=\"auto, (max-width: 560px) 100vw, 560px\" \/>El jefe de Gabinete, en cambio, record\u00f3 que los jueces \u00abhan sacado cuanta medida cautelar quisieron, lesionando incluso las leyes votadas en el marco de la democracia\u00bb. Y desminti\u00f3 que no exista di\u00e1logo entre los poderes del Estado.<!--more--><\/p>\n<p>\u00ab\u00bfPresiones de qui\u00e9n? \u00bfCu\u00e1ndo han actuado bajo presi\u00f3n? \u00bfCu\u00e1ndo un juez no ha sacado la sentencia que se le ocurri\u00f3, a\u00fan cuando nos han llenado de medidas cautelares insensatas que perjudicaron pol\u00edticas claras definidas por el Poder Ejecutivo y sancionadas por el Poder Legislativo? \u00bfPresiones de qui\u00e9n? Sentir\u00e1n presi\u00f3n, en todo caso, cuando van a la estaci\u00f3n de servicio con el auto\u00bb, desliz\u00f3 Fern\u00e1ndez en di\u00e1logo con la prensa al ingresar en Casa de Gobierno.<\/p>\n<p>El funcionario tambi\u00e9n desminti\u00f3 la inexistencia de di\u00e1logo entre los poderes del Estado al resaltar que \u00abyo he ido muchas veces, siendo ministro de este Ejecutivo, a hablar con el doctor Ricardo Lorenzetti (presidente de la Corte Suprema) y nunca he tenido inconvenientes para poder hablar\u00bb.<\/p>\n<p>\u00abMe da la sensaci\u00f3n que el Poder Ejecutivo puede hacerlo con el Judicial las veces que sea necesario. He ido tantas veces, tengo un enorme respeto por Lorenzetti, por qu\u00e9 no\u00bb, se pregunt\u00f3.<\/p>\n<p>Por otra parte, dijo que cuando Lorenzetti habla de \u00abl\u00edmites\u00bb, en realidad \u00abse los est\u00e1 planteando a los jueces y camaristas del Poder Judicial. No veo que lo haga con otro sentido\u00bb.<\/p>\n<p>De esta forma, el ministro coordinador zo referencia al discurso pronunciado ayer por el titular de la Corte Suprema de Justicia en el marco de la apertura del a\u00f1o judicial, donde, entre otras cuestiones, plante\u00f3 que \u00abel Poder Judicial debe poner l\u00edmites\u00bb.<\/p>\n","protected":false},"excerpt":{"rendered":"<p>El jefe de Gabinete, en cambio, record\u00f3 que los jueces \u00abhan sacado cuanta medida cautelar quisieron, lesionando incluso las leyes votadas en el marco de la democracia\u00bb. Y desminti\u00f3 que no exista di\u00e1logo entre los poderes del Estado.<\/p>\n","protected":false},"author":4,"featured_media":0,"comment_status":"open","ping_status":"open","sticky":false,"template":"","format":"standard","meta":{"_jetpack_newsletter_access":"","_jetpack_dont_email_post_to_subs":false,"_jetpack_newsletter_tier_id":0,"_jetpack_memberships_contains_paywalled_content":false,"_jetpack_memberships_contains_paid_content":false,"footnotes":""},"categories":[68,51],"tags":[],"class_list":["post-62600","post","type-post","status-publish","format-standard","hentry","category-judiciales","category-politica"],"jetpack_shortlink":"https:\/\/wp.me\/p2JWE0-ghG","jetpack-related-posts":[{"id":105473,"url":"http:\/\/www.24baires.com\/?p=105473","url_meta":{"origin":62600,"position":0},"title":"Moyano ampliar\u00e1 la denuncia contra Macri por presionar a la Justicia","author":"GB","date":"16\/11\/2018","format":false,"excerpt":"El abogado Daniel Llermanos confirm\u00f3 presiones del Poder Ejecutivo sobre el Poder Judicial para detener a los camioneros y denunci\u00f3 un entramado conformado por muchos funcionarios. El abogado de los Moyano, Daniel Llermanos, adelant\u00f3 a El Destape que ampliar\u00e1 las denuncias que present\u00f3 en la Justicia por \"aprietes pol\u00edticos\" del\u2026","rel":"","context":"En \u00abPol\u00edtica\u00bb","block_context":{"text":"Pol\u00edtica","link":"http:\/\/www.24baires.com\/?cat=51"},"img":{"alt_text":"","src":"https:\/\/i0.wp.com\/www.24baires.com\/wp-content\/uploads\/2018\/10\/pablo-moyano.jpg?resize=350%2C200","width":350,"height":200,"srcset":"https:\/\/i0.wp.com\/www.24baires.com\/wp-content\/uploads\/2018\/10\/pablo-moyano.jpg?resize=350%2C200 1x, https:\/\/i0.wp.com\/www.24baires.com\/wp-content\/uploads\/2018\/10\/pablo-moyano.jpg?resize=525%2C300 1.5x"},"classes":[]},{"id":95269,"url":"http:\/\/www.24baires.com\/?p=95269","url_meta":{"origin":62600,"position":1},"title":"\u00abAlgunos jueces quieren meter presa a Cristina durante la campa\u00f1a\u00bb","author":"AF","date":"17\/06\/2017","format":false,"excerpt":"As\u00ed lo se\u00f1al\u00f3 el camarista Eduardo Freiler, que apunt\u00f3 contra el Gobierno por sus presiones al Poder Judicial. El juez de la Sala I de la C\u00e1mara Federal, Eduardo Freiler, critic\u00f3 el accionar del Gobierno en el campo judicial y se refiri\u00f3 a las causas que avanzan contra la ex\u2026","rel":"","context":"En \u00abPol\u00edtica\u00bb","block_context":{"text":"Pol\u00edtica","link":"http:\/\/www.24baires.com\/?cat=51"},"img":{"alt_text":"","src":"https:\/\/i0.wp.com\/www.24baires.com\/wp-content\/uploads\/2016\/08\/Cristina...jpg?resize=350%2C200","width":350,"height":200,"srcset":"https:\/\/i0.wp.com\/www.24baires.com\/wp-content\/uploads\/2016\/08\/Cristina...jpg?resize=350%2C200 1x, https:\/\/i0.wp.com\/www.24baires.com\/wp-content\/uploads\/2016\/08\/Cristina...jpg?resize=525%2C300 1.5x"},"classes":[]},{"id":22043,"url":"http:\/\/www.24baires.com\/?p=22043","url_meta":{"origin":62600,"position":2},"title":"Zaffaroni desminti\u00f3 la renuncia en conjunto de los jueces de la Corte Suprema","author":"AF","date":"27\/04\/2013","format":false,"excerpt":"El juez de la Corte Suprema de la Naci\u00f3n, afirm\u00f3 que \"en ning\u00fan caso y de ninguna manera se plante\u00f3\" la posibilidad de una renuncia masiva entre los miembros del tribunal, en respuesta a versiones publicadas en algunos medios que as\u00ed lo planteaban ante la reforma judicial. \"Nos reunimos (los\u2026","rel":"","context":"En \u00abPol\u00edtica\u00bb","block_context":{"text":"Pol\u00edtica","link":"http:\/\/www.24baires.com\/?cat=51"},"img":{"alt_text":"zaffaroni3","src":"https:\/\/i0.wp.com\/www.24baires.com\/wp-content\/uploads\/2013\/04\/zaffaroni3.png?resize=350%2C200","width":350,"height":200,"srcset":"https:\/\/i0.wp.com\/www.24baires.com\/wp-content\/uploads\/2013\/04\/zaffaroni3.png?resize=350%2C200 1x, https:\/\/i0.wp.com\/www.24baires.com\/wp-content\/uploads\/2013\/04\/zaffaroni3.png?resize=525%2C300 1.5x"},"classes":[]},{"id":114381,"url":"http:\/\/www.24baires.com\/?p=114381","url_meta":{"origin":62600,"position":3},"title":"Cristina cruz\u00f3 a los senadores que leyeron sus discursos","author":"AF","date":"12\/03\/2020","format":false,"excerpt":"Las acusaciones y denuncias cruzadas que inauguraron el debate sobre el proyecto de intervenci\u00f3n del Poder Judicial de Jujuy en la Comisi\u00f3n de Asuntos Constitucionales del Senado se trasladaron esta tarde al recinto de la C\u00e1mara alta en la previa del debate sobre jubilaciones de privilegio. La presidenta del cuerpo\u2026","rel":"","context":"En \u00abPol\u00edtica\u00bb","block_context":{"text":"Pol\u00edtica","link":"http:\/\/www.24baires.com\/?cat=51"},"img":{"alt_text":"","src":"https:\/\/i0.wp.com\/www.24baires.com\/wp-content\/uploads\/2019\/08\/cristina-LP.jpg?resize=350%2C200","width":350,"height":200,"srcset":"https:\/\/i0.wp.com\/www.24baires.com\/wp-content\/uploads\/2019\/08\/cristina-LP.jpg?resize=350%2C200 1x, https:\/\/i0.wp.com\/www.24baires.com\/wp-content\/uploads\/2019\/08\/cristina-LP.jpg?resize=525%2C300 1.5x"},"classes":[]},{"id":114986,"url":"http:\/\/www.24baires.com\/?p=114986","url_meta":{"origin":62600,"position":4},"title":"Alberto anunci\u00f3 que enviar\u00e1 al Congreso los proyectos de reforma judicial y legalizaci\u00f3n del aborto","author":"GB","date":"12\/05\/2020","format":false,"excerpt":"La intenci\u00f3n es que el parlamento los trate luego de poner a punto el sistema de sesi\u00f3n a distancia. El presidente, Alberto Fern\u00e1ndez, dio a conocer que tanto el proyecto de reforma judicial como el de legalizaci\u00f3n del aborto y de conformaci\u00f3n del Consejo Econ\u00f3mico y Social ya se encuentran\u2026","rel":"","context":"En \u00abPol\u00edtica\u00bb","block_context":{"text":"Pol\u00edtica","link":"http:\/\/www.24baires.com\/?cat=51"},"img":{"alt_text":"","src":"https:\/\/i0.wp.com\/www.24baires.com\/wp-content\/uploads\/2020\/05\/alberto-entrevista.jpg?resize=350%2C200","width":350,"height":200,"srcset":"https:\/\/i0.wp.com\/www.24baires.com\/wp-content\/uploads\/2020\/05\/alberto-entrevista.jpg?resize=350%2C200 1x, https:\/\/i0.wp.com\/www.24baires.com\/wp-content\/uploads\/2020\/05\/alberto-entrevista.jpg?resize=525%2C300 1.5x"},"classes":[]},{"id":113857,"url":"http:\/\/www.24baires.com\/?p=113857","url_meta":{"origin":62600,"position":5},"title":"Desde Provincia desmintieron que el Gobierno eval\u00fae liberar presos para resolver la superpoblaci\u00f3n carcelaria","author":"GB","date":"19\/01\/2020","format":false,"excerpt":"Un miembro de la Comisi\u00f3n Provincial por la Memoria dijo que en el Servicio Penitenciario Bonaerense hay alrededor de 15 mil personas que no deber\u00edan estar detenidas. Desde el Ministerio de Justicia negaron que una liberaci\u00f3n masiva sea la soluci\u00f3n. La cartera que conduce Julio Alak neg\u00f3 que el gobierno\u2026","rel":"","context":"En \u00abProvincia\u00bb","block_context":{"text":"Provincia","link":"http:\/\/www.24baires.com\/?cat=40"},"img":{"alt_text":"","src":"https:\/\/i0.wp.com\/www.24baires.com\/wp-content\/uploads\/2020\/01\/kicillof-charla.jpg?resize=350%2C200","width":350,"height":200,"srcset":"https:\/\/i0.wp.com\/www.24baires.com\/wp-content\/uploads\/2020\/01\/kicillof-charla.jpg?resize=350%2C200 1x, https:\/\/i0.wp.com\/www.24baires.com\/wp-content\/uploads\/2020\/01\/kicillof-charla.jpg?resize=525%2C300 1.5x"},"classes":[]}],"jetpack_sharing_enabled":true,"jetpack_likes_enabled":true,"jetpack_featured_media_url":"","_links":{"self":[{"href":"http:\/\/www.24baires.com\/index.php?rest_route=\/wp\/v2\/posts\/62600","targetHints":{"allow":["GET"]}}],"collection":[{"href":"http:\/\/www.24baires.com\/index.php?rest_route=\/wp\/v2\/posts"}],"about":[{"href":"http:\/\/www.24baires.com\/index.php?rest_route=\/wp\/v2\/types\/post"}],"author":[{"embeddable":true,"href":"http:\/\/www.24baires.com\/index.php?rest_route=\/wp\/v2\/users\/4"}],"replies":[{"embeddable":true,"href":"http:\/\/www.24baires.com\/index.php?rest_route=%2Fwp%2Fv2%2Fcomments&post=62600"}],"version-history":[{"count":1,"href":"http:\/\/www.24baires.com\/index.php?rest_route=\/wp\/v2\/posts\/62600\/revisions"}],"predecessor-version":[{"id":62601,"href":"http:\/\/www.24baires.com\/index.php?rest_route=\/wp\/v2\/posts\/62600\/revisions\/62601"}],"wp:attachment":[{"href":"http:\/\/www.24baires.com\/index.php?rest_route=%2Fwp%2Fv2%2Fmedia&parent=62600"}],"wp:term":[{"taxonomy":"category","embeddable":true,"href":"http:\/\/www.24baires.com\/index.php?rest_route=%2Fwp%2Fv2%2Fcategories&post=62600"},{"taxonomy":"post_tag","embeddable":true,"href":"http:\/\/www.24baires.com\/index.php?rest_route=%2Fwp%2Fv2%2Ftags&post=62600"}],"curies":[{"name":"wp","href":"https:\/\/api.w.org\/{rel}","templated":true}]}}