{"id":62588,"date":"2015-03-03T19:41:30","date_gmt":"2015-03-03T22:41:30","guid":{"rendered":"http:\/\/www.24baires.com\/?p=62588"},"modified":"2015-03-03T19:41:30","modified_gmt":"2015-03-03T22:41:30","slug":"posse-involucrado-con-las-barras-de-laferrere","status":"publish","type":"post","link":"http:\/\/www.24baires.com\/?p=62588","title":{"rendered":"Posse involucrado con las barras de Laferrere"},"content":{"rendered":"<p><img data-recalc-dims=\"1\" loading=\"lazy\" decoding=\"async\" class=\"aligncenter size-full wp-image-39183\" src=\"https:\/\/i0.wp.com\/www.24baires.com\/wp-content\/uploads\/2014\/01\/gustavo-posse.jpg?resize=560%2C315\" alt=\"gustavo-posse\" width=\"560\" height=\"315\" srcset=\"https:\/\/i0.wp.com\/www.24baires.com\/wp-content\/uploads\/2014\/01\/gustavo-posse.jpg?w=560 560w, https:\/\/i0.wp.com\/www.24baires.com\/wp-content\/uploads\/2014\/01\/gustavo-posse.jpg?resize=300%2C168 300w\" sizes=\"auto, (max-width: 560px) 100vw, 560px\" \/>Los nexos de la barra brava del club que apuntan a la figura de Ricardo \u00abChoper\u00bb Valdez, acusado de manejar el negocio de las combis truchas y su acompa\u00f1amiento a Miguel Saredi, precandidato a intendente del FR pero ligado a Gustavo Posse<!--more--><\/p>\n<p>Lo que pasa en Laferrere queda en Laferrere. O por lo menos as\u00ed era hasta que el ataque de los barras de ayer y los graves incidentes con 26 polic\u00edas heridos destaparon una localidad caliente dentro del municipio que comanda Fernando Espinoza. \u00bfCu\u00e1les son los v\u00ednculos de la pol\u00edtica con los sucesos que terminaron con la batalla campal y la suspensi\u00f3n del estadio?<\/p>\n<p>Si bien el alcalde Espinoza tendr\u00eda alguna injerencia dentro de lo que es el funcionamiento del club por medio de su mano derecha, el delegado Marcelo Roca y su buena relaci\u00f3n con el presidente del club Daniel Guzm\u00e1n, el principal actor pol\u00edtico de los incidentes de ayer ser\u00eda el massista Miguel Saredi, precandidato a intendente.<\/p>\n<p>Saredi pisa fuerte en Laferrere. Pese a que para muchos la localidad es \u201ctierra de nadie\u201d, Saredi tiene apostado all\u00ed su bunker de campa\u00f1a y desplegado el armado que queda expuesto en la carteler\u00eda callejera. Adem\u00e1s, fue director del Mercado Central. Pero no solo eso, en Laferrere, Saredi tiene a su armador, quien aparece en varios de los carteles que abundan por las calles, Ricardo \u201cChoper\u201d Valdez, referente de la barrabrava del club que milita la Primera C.<\/p>\n<p>\u201cChoper\u201d tiene una tarea territorial importante en la construcci\u00f3n del espacio de Miguel Saredi y est\u00e1 ligado, tambi\u00e9n, a la figura de Gustavo Posse. Adem\u00e1s, est\u00e1 apuntado por ser uno de los que manejar\u00eda el negocio de las combis truchas con las que se financiar\u00eda la barra de la instituci\u00f3n. Y no es una cuenta f\u00e1cil, ya que Laferrere cuenta con 500 barras para repartir, n\u00famero alt\u00edsimo para la divisional C que integra. Hay clubers de Primera divisi\u00f3n que no tienen ni la cuarta parte. El negocio arrojar\u00eda una suma en negro de casi 30 millones de pesos anuales.<\/p>\n<p>La bendici\u00f3n de Valdez a Saredi queda en evidencia en c\u00f3mo se desenvuelve el ex titular del Mercado Central por las calles de Laferrere. Otro s\u00edntoma es la forma en la que acapar\u00f3 la \u00faltima visita de Sergio Massa al distrito, a expensas de la interna que disputa en el territorio con Fernando Asencio y Rub\u00e9n Ledesma.<\/p>\n<p>Si bien en la carteler\u00eda el ex legislador Saredi se muestra acompa\u00f1ado por Sergio Massa, en las \u00faltimas horas declar\u00f3 que para ganar la intendencia, el Frente Renovador debe abrirle las puertas a Mauricio Macri, evidenciando su ri\u00f1\u00f3n possista. \u201cSi queremos plantear una alternativa seria en La Matanza tambi\u00e9n necesitamos del PRO y de Macri, si queremos plantear un proyecto polarizado serio al oficialismo de La Matanza\u201d, indic\u00f3.<\/p>\n<p>Saredi sali\u00f3 r\u00e1pidamente a direccionar las cr\u00edticas contra Espinoza despu\u00e9s de los hechos. Como el tero, puso los huevos en un lugar para gritar en otro y tirarle el enfrentamiento por la cara al intendente de La Matanza. \u00abNosotros hasta les ofrecimos trabajos en el Mercado Central\u00bb, dijo en alg\u00fan momento Saredi sobre los barras y parecer\u00eda que, al final, se los encontr\u00f3.<\/p>\n","protected":false},"excerpt":{"rendered":"<p>Los nexos de la barra brava del club que apuntan a la figura de Ricardo \u00abChoper\u00bb Valdez, acusado de manejar el negocio de las combis truchas y su acompa\u00f1amiento a Miguel Saredi, precandidato a intendente del FR pero ligado a Gustavo Posse<\/p>\n","protected":false},"author":11,"featured_media":0,"comment_status":"open","ping_status":"open","sticky":false,"template":"","format":"standard","meta":{"_jetpack_newsletter_access":"","_jetpack_dont_email_post_to_subs":false,"_jetpack_newsletter_tier_id":0,"_jetpack_memberships_contains_paywalled_content":false,"_jetpack_memberships_contains_paid_content":false,"footnotes":""},"categories":[51],"tags":[],"class_list":["post-62588","post","type-post","status-publish","format-standard","hentry","category-politica"],"jetpack_shortlink":"https:\/\/wp.me\/p2JWE0-ghu","jetpack-related-posts":[{"id":44430,"url":"http:\/\/www.24baires.com\/?p=44430","url_meta":{"origin":62588,"position":0},"title":"Hinchas de Dock Sud quemaron autos y se enfrentaron a la polic\u00eda","author":"Grupo Sierra","date":"21\/04\/2014","format":false,"excerpt":"Un grupo de barras de ese club quem\u00f3 autos y una camioneta en las inmediaciones del estadio. El encuentro ante Laferrere por la Primera C se suspendi\u00f3. Un encuentro de la cuarta categor\u00eda del f\u00fatbol argentino fue el marco para una nueva jornada de violencia en los estadios. Dock Sud\u2026","rel":"","context":"En \u00abDeportes\u00bb","block_context":{"text":"Deportes","link":"http:\/\/www.24baires.com\/?cat=12"},"img":{"alt_text":"","src":"https:\/\/i0.wp.com\/www.24baires.com\/wp-content\/uploads\/2014\/04\/dock-sud.jpg?resize=350%2C200","width":350,"height":200,"srcset":"https:\/\/i0.wp.com\/www.24baires.com\/wp-content\/uploads\/2014\/04\/dock-sud.jpg?resize=350%2C200 1x, https:\/\/i0.wp.com\/www.24baires.com\/wp-content\/uploads\/2014\/04\/dock-sud.jpg?resize=525%2C300 1.5x"},"classes":[]},{"id":62541,"url":"http:\/\/www.24baires.com\/?p=62541","url_meta":{"origin":62588,"position":1},"title":"Diez polic\u00edas heridos por cruces entre barras de Dock Sud y Laferrere","author":"Grupo Sierra","date":"02\/03\/2015","format":false,"excerpt":"En el \"Estadio Ciudad de Laferrere\" la barra del Verde protagoniz\u00f3 incidentes que obligaron a interrumpir el duelo frente al Docke a los 73 minutos y que dejaron un saldo de diez oficiales heridos. Hace menos de un a\u00f1o ambos equipos hab\u00edan protagonizado incidentes en el marco del duelo que\u2026","rel":"","context":"En \u00abSociedad\u00bb","block_context":{"text":"Sociedad","link":"http:\/\/www.24baires.com\/?cat=1"},"img":{"alt_text":"","src":"https:\/\/i0.wp.com\/www.24baires.com\/wp-content\/uploads\/2015\/03\/barras.jpg?resize=350%2C200","width":350,"height":200,"srcset":"https:\/\/i0.wp.com\/www.24baires.com\/wp-content\/uploads\/2015\/03\/barras.jpg?resize=350%2C200 1x, https:\/\/i0.wp.com\/www.24baires.com\/wp-content\/uploads\/2015\/03\/barras.jpg?resize=525%2C300 1.5x"},"classes":[]},{"id":62555,"url":"http:\/\/www.24baires.com\/?p=62555","url_meta":{"origin":62588,"position":2},"title":"Scioli anunci\u00f3 la suspensi\u00f3n de la cancha de Laferrere","author":"AF","date":"03\/03\/2015","format":false,"excerpt":"El gobernador de la provincia de Buenos Aires anunci\u00f3 sanciones contra el club tras los incidentes de su parcialidad en el encuentro frente a Dock Sud. \u00a0 \u00a0 \u00a0 \u00a0 \u00a0 \u00a0 \u00a0 \u00a0 \u00a0 \u00a0 \u00a0 \u00a0 \u00a0 \u00a0 \u00a0 \u00a0 \u00a0 \u00a0 \u00a0","rel":"","context":"En \u00abSociedad\u00bb","block_context":{"text":"Sociedad","link":"http:\/\/www.24baires.com\/?cat=1"},"img":{"alt_text":"","src":"https:\/\/i0.wp.com\/www.24baires.com\/wp-content\/uploads\/2015\/03\/cancha-laferrere.jpg?resize=350%2C200","width":350,"height":200,"srcset":"https:\/\/i0.wp.com\/www.24baires.com\/wp-content\/uploads\/2015\/03\/cancha-laferrere.jpg?resize=350%2C200 1x, https:\/\/i0.wp.com\/www.24baires.com\/wp-content\/uploads\/2015\/03\/cancha-laferrere.jpg?resize=525%2C300 1.5x"},"classes":[]},{"id":38139,"url":"http:\/\/www.24baires.com\/?p=38139","url_meta":{"origin":62588,"position":3},"title":"Cu\u00e1les son las nuevas caras en el Ejecutivo de La Matanza","author":"Grupo Sierra","date":"08\/01\/2014","format":false,"excerpt":"El Intendente Fernando Espinoza firm\u00f3 ayer los decretos que efectivizan nuevos nombramientos en el ejecutivo municipal, en la Secretar\u00eda de Tr\u00e1nsito y Transporte, la Regi\u00f3n Municipal Descentralizada Noroeste, la Subsecretar\u00eda de Pol\u00edticas Productivas y la Delegaci\u00f3n de Gregorio de Laferrere. Con el objetivo de profundizar el cambio estructural que se\u2026","rel":"","context":"En \u00abLocales\u00bb","block_context":{"text":"Locales","link":"http:\/\/www.24baires.com\/?cat=38"},"img":{"alt_text":"","src":"","width":0,"height":0},"classes":[]},{"id":105969,"url":"http:\/\/www.24baires.com\/?p=105969","url_meta":{"origin":62588,"position":4},"title":"Se\u00f1alizar\u00e1n las comisar\u00edas de Laferrere y General Madariaga como centros de tortura","author":"AF","date":"17\/12\/2018","format":false,"excerpt":"El acto ser\u00e1 este martes y es impulsado por j\u00f3venes. Se marcar\u00e1n esas dependencias como lugares donde funcionaron centros clandestinos de detenci\u00f3n, tortura y exterminio durante la \u00faltima dictadura c\u00edvico-militar-eclesi\u00e1stica. Este martes se se\u00f1alizar\u00e1n las comisar\u00edas de Laferrere y General Madariaga como lugares donde funcionaron centros clandestinos de detenci\u00f3n durante\u2026","rel":"","context":"En \u00abMemoria\u00bb","block_context":{"text":"Memoria","link":"http:\/\/www.24baires.com\/?cat=50"},"img":{"alt_text":"","src":"https:\/\/i0.wp.com\/www.24baires.com\/wp-content\/uploads\/2018\/12\/comisar%C3%ADas.jpg?resize=350%2C200","width":350,"height":200,"srcset":"https:\/\/i0.wp.com\/www.24baires.com\/wp-content\/uploads\/2018\/12\/comisar%C3%ADas.jpg?resize=350%2C200 1x, https:\/\/i0.wp.com\/www.24baires.com\/wp-content\/uploads\/2018\/12\/comisar%C3%ADas.jpg?resize=525%2C300 1.5x"},"classes":[]},{"id":7751,"url":"http:\/\/www.24baires.com\/?p=7751","url_meta":{"origin":62588,"position":5},"title":"M\u00e1s de 80 mil personas vibraron con el Chaque\u00f1o Palavecino en Laferrere","author":"Grupo Sierra","date":"03\/12\/2012","format":false,"excerpt":"LA MATANZA - \u201cEsta es la fiesta de la cultura en La Matanza, aqu\u00ed en Gregorio de Laferrere, un d\u00eda que esperamos durante todo el a\u00f1o en un mega evento, con la presencia de un artista popular, el mejor de la Argentina, nuestro querido Chaque\u00f1o Palavecino\u201d, dijo el Intendente Fernando\u2026","rel":"","context":"En \u00abLocales\u00bb","block_context":{"text":"Locales","link":"http:\/\/www.24baires.com\/?cat=38"},"img":{"alt_text":"","src":"https:\/\/i0.wp.com\/www.24baires.com\/wp-content\/uploads\/2012\/12\/chaque%C3%B1o-matanza.jpg?resize=350%2C200","width":350,"height":200,"srcset":"https:\/\/i0.wp.com\/www.24baires.com\/wp-content\/uploads\/2012\/12\/chaque%C3%B1o-matanza.jpg?resize=350%2C200 1x, https:\/\/i0.wp.com\/www.24baires.com\/wp-content\/uploads\/2012\/12\/chaque%C3%B1o-matanza.jpg?resize=525%2C300 1.5x"},"classes":[]}],"jetpack_sharing_enabled":true,"jetpack_likes_enabled":true,"jetpack_featured_media_url":"","_links":{"self":[{"href":"http:\/\/www.24baires.com\/index.php?rest_route=\/wp\/v2\/posts\/62588","targetHints":{"allow":["GET"]}}],"collection":[{"href":"http:\/\/www.24baires.com\/index.php?rest_route=\/wp\/v2\/posts"}],"about":[{"href":"http:\/\/www.24baires.com\/index.php?rest_route=\/wp\/v2\/types\/post"}],"author":[{"embeddable":true,"href":"http:\/\/www.24baires.com\/index.php?rest_route=\/wp\/v2\/users\/11"}],"replies":[{"embeddable":true,"href":"http:\/\/www.24baires.com\/index.php?rest_route=%2Fwp%2Fv2%2Fcomments&post=62588"}],"version-history":[{"count":1,"href":"http:\/\/www.24baires.com\/index.php?rest_route=\/wp\/v2\/posts\/62588\/revisions"}],"predecessor-version":[{"id":62589,"href":"http:\/\/www.24baires.com\/index.php?rest_route=\/wp\/v2\/posts\/62588\/revisions\/62589"}],"wp:attachment":[{"href":"http:\/\/www.24baires.com\/index.php?rest_route=%2Fwp%2Fv2%2Fmedia&parent=62588"}],"wp:term":[{"taxonomy":"category","embeddable":true,"href":"http:\/\/www.24baires.com\/index.php?rest_route=%2Fwp%2Fv2%2Fcategories&post=62588"},{"taxonomy":"post_tag","embeddable":true,"href":"http:\/\/www.24baires.com\/index.php?rest_route=%2Fwp%2Fv2%2Ftags&post=62588"}],"curies":[{"name":"wp","href":"https:\/\/api.w.org\/{rel}","templated":true}]}}