{"id":62567,"date":"2015-03-03T14:30:35","date_gmt":"2015-03-03T17:30:35","guid":{"rendered":"http:\/\/www.24baires.com\/?p=62567"},"modified":"2015-03-03T13:23:03","modified_gmt":"2015-03-03T16:23:03","slug":"la-fiscalia-cito-a-declarar-a-una-modelo-vinculada-con-alberto-nisman","status":"publish","type":"post","link":"http:\/\/www.24baires.com\/?p=62567","title":{"rendered":"La fiscal\u00eda cit\u00f3 a declarar a una modelo vinculada con Alberto Nisman"},"content":{"rendered":"<p><img data-recalc-dims=\"1\" loading=\"lazy\" decoding=\"async\" class=\"aligncenter size-full wp-image-62568\" src=\"https:\/\/i0.wp.com\/www.24baires.com\/wp-content\/uploads\/2015\/03\/modelo-y-nismas.jpg?resize=560%2C415\" alt=\"modelo y nismas\" width=\"560\" height=\"415\" srcset=\"https:\/\/i0.wp.com\/www.24baires.com\/wp-content\/uploads\/2015\/03\/modelo-y-nismas.jpg?w=560 560w, https:\/\/i0.wp.com\/www.24baires.com\/wp-content\/uploads\/2015\/03\/modelo-y-nismas.jpg?resize=300%2C222 300w\" sizes=\"auto, (max-width: 560px) 100vw, 560px\" \/>Se trata de Florencia Cocucci. La fiscal Viviana Fein quiere saber el estado an\u00edmico del fiscal fallecido antes de su muerte. <!--more--><\/p>\n<p>La fiscal Viviana Fein convocar\u00e1 como testigo a la modelo Florencia Cocucci, quien fue vinculada sentimentalmente con Alberto Nisman, para conocer el estado an\u00edmico del fiscal previo a su muerte.<\/p>\n<p>Las fuentes explicaron que Cocucci ser\u00e1 citada probablemente en las pr\u00f3ximas semanas para testificar sobre su v\u00ednculo con Nisman y sobre el estado an\u00edmico del fiscal previo a su muerte.<\/p>\n<p>Cocucci pertenece al staff de modelos de la agencia de Leandro Santos, y su irrupci\u00f3n en la causa se produjo a partir de la difusi\u00f3n de fotograf\u00edas en las que se la ve junto al fiscal a bordo de un avi\u00f3n y en un viaje tur\u00edstico, supuestamente en octubre del a\u00f1o pasado.<\/p>\n<p>Esa supuesta relaci\u00f3n afectiva de Nisman con la joven fue ratificada por la empleada dom\u00e9stica del fiscal Gladys que dijo a la justicia que sab\u00eda que la chica iba departamento, \u201cno conozco ni su nombre, una vez (el fiscal) me mostr\u00f3 una foto, era jovencita y me dijo que era modelo\u00bb, relat\u00f3 Gladys ante la justicia.<\/p>\n<p>Dijo tambi\u00e9n Gladys que \u00abel doctor\u00bb le hab\u00eda comentado que el viernes 26 de diciembre iba a ir \u00absu novia\u00bb a la casa. \u00abMe pidi\u00f3 que fuera al otro d\u00eda a limpiar, era en forma excepcional, yo no iba los s\u00e1bados\u00bb, explic\u00f3.<\/p>\n<p>Dijo adem\u00e1s que despu\u00e9s \u00e9l le encarg\u00f3 que guardara una remera que hab\u00eda usado ella. Pero aclar\u00f3 que \u00abnunca la conoc\u00ed ni habl\u00e9\u00bb.<\/p>\n<p>La empleada tambi\u00e9n declar\u00f3 que de todas maneras no estaba en condiciones de decir si la novia era la misma que \u00e9l le hab\u00eda mostrado \u00aben foto\u00bb un a\u00f1o antes, despu\u00e9s de unas vacaciones en M\u00e9xico.<\/p>\n<p>Por otra parte, tambi\u00e9n declar\u00f3 un comisario retirado de la polic\u00eda bonaerense que era amigo de Nisman cuando el fiscal trabajaba en Mor\u00f3n, que dijo: \u00abS\u00e9 que hab\u00eda tenido alguna relaci\u00f3n con una chica, pero nunca supe el nombre\u00bb.<\/p>\n<p>&nbsp;<\/p>\n<p>&nbsp;<\/p>\n<p>&nbsp;<\/p>\n<p>&nbsp;<\/p>\n<p>&nbsp;<\/p>\n<p>&nbsp;<\/p>\n<p>&nbsp;<\/p>\n<p>&nbsp;<\/p>\n<p>&nbsp;<\/p>\n<p>&nbsp;<\/p>\n","protected":false},"excerpt":{"rendered":"<p>Se trata de Florencia Cocucci. La fiscal Viviana Fein quiere saber el estado an\u00edmico del fiscal fallecido antes de su muerte.<\/p>\n","protected":false},"author":8,"featured_media":0,"comment_status":"open","ping_status":"open","sticky":false,"template":"","format":"standard","meta":{"_jetpack_newsletter_access":"","_jetpack_dont_email_post_to_subs":false,"_jetpack_newsletter_tier_id":0,"_jetpack_memberships_contains_paywalled_content":false,"_jetpack_memberships_contains_paid_content":false,"footnotes":""},"categories":[51],"tags":[],"class_list":["post-62567","post","type-post","status-publish","format-standard","hentry","category-politica"],"jetpack_shortlink":"https:\/\/wp.me\/p2JWE0-gh9","jetpack-related-posts":[{"id":62939,"url":"http:\/\/www.24baires.com\/?p=62939","url_meta":{"origin":62567,"position":0},"title":"Declar\u00f3 la modelo vinculada con Nisman y asegur\u00f3 que su relaci\u00f3n era \u00absuperficial\u00bb","author":"GB","date":"10\/03\/2015","format":false,"excerpt":"Jorge Gonz\u00e1lez Novillo, abogado de la modelo Florencia Cocucci, a quien se vincula sentimentalmente con Alberto Nisman, reafirm\u00f3 que su clienta, quien prest\u00f3 hoy declaraci\u00f3n testimonial en el marco de la causa que investiga la muerte el fiscal, manten\u00eda una \u201crelaci\u00f3n superficial\u201d con el ex titular de la UFI-AMIA que\u2026","rel":"","context":"En \u00abPol\u00edtica\u00bb","block_context":{"text":"Pol\u00edtica","link":"http:\/\/www.24baires.com\/?cat=51"},"img":{"alt_text":"","src":"https:\/\/i0.wp.com\/www.24baires.com\/wp-content\/uploads\/2015\/03\/abogado-modelo-nisman.jpg?resize=350%2C200","width":350,"height":200,"srcset":"https:\/\/i0.wp.com\/www.24baires.com\/wp-content\/uploads\/2015\/03\/abogado-modelo-nisman.jpg?resize=350%2C200 1x, https:\/\/i0.wp.com\/www.24baires.com\/wp-content\/uploads\/2015\/03\/abogado-modelo-nisman.jpg?resize=525%2C300 1.5x"},"classes":[]},{"id":62619,"url":"http:\/\/www.24baires.com\/?p=62619","url_meta":{"origin":62567,"position":1},"title":"El abogado de la modelo asegur\u00f3 que con Nisman \u00abs\u00f3lo eran amigos\u00bb","author":"GB","date":"04\/03\/2015","format":false,"excerpt":"Jorge Gonz\u00e1lez Novillo, abogado de la modelo Florencia Cocucci, a quien se vincula sentimentalmente con el ex titular de la UFI-Amia, Alberto Nisman, neg\u00f3 hoy que haya existido una relaci\u00f3n de noviazgo entre ellos, dijo que se trataba de una \u201camistad\u201d y asegur\u00f3 que la joven \u201cjam\u00e1s fue al departamento\"\u2026","rel":"","context":"En \u00abPol\u00edtica\u00bb","block_context":{"text":"Pol\u00edtica","link":"http:\/\/www.24baires.com\/?cat=51"},"img":{"alt_text":"modelo y nismas","src":"https:\/\/i0.wp.com\/www.24baires.com\/wp-content\/uploads\/2015\/03\/modelo-y-nismas.jpg?resize=350%2C200","width":350,"height":200,"srcset":"https:\/\/i0.wp.com\/www.24baires.com\/wp-content\/uploads\/2015\/03\/modelo-y-nismas.jpg?resize=350%2C200 1x, https:\/\/i0.wp.com\/www.24baires.com\/wp-content\/uploads\/2015\/03\/modelo-y-nismas.jpg?resize=525%2C300 1.5x"},"classes":[]},{"id":102494,"url":"http:\/\/www.24baires.com\/?p=102494","url_meta":{"origin":62567,"position":2},"title":"La C\u00e1mara \u00abreflot\u00f3\u00bb la causa Nisman y asegura que se trat\u00f3 de un crimen","author":"AF","date":"01\/06\/2018","format":false,"excerpt":"Confirm\u00f3 que el ex juez Alberto Nisman fue asesinado. Agregaron que el motivo fue su denuncia contra Cristina Kirchner. Adem\u00e1s dejaron firme el procesamiento de Diego Lagomarsino. La C\u00e1mara Federal hizo su aparici\u00f3n en medio de la debacle econ\u00f3mica que enfrenta el gobierno de Mauricio Macri. Entre masivas manifestaciones en\u2026","rel":"","context":"En \u00abJUDICIALES\u00bb","block_context":{"text":"JUDICIALES","link":"http:\/\/www.24baires.com\/?cat=68"},"img":{"alt_text":"","src":"https:\/\/i0.wp.com\/www.24baires.com\/wp-content\/uploads\/2015\/07\/nisman.jpg?resize=350%2C200","width":350,"height":200,"srcset":"https:\/\/i0.wp.com\/www.24baires.com\/wp-content\/uploads\/2015\/07\/nisman.jpg?resize=350%2C200 1x, https:\/\/i0.wp.com\/www.24baires.com\/wp-content\/uploads\/2015\/07\/nisman.jpg?resize=525%2C300 1.5x"},"classes":[]},{"id":60815,"url":"http:\/\/www.24baires.com\/?p=60815","url_meta":{"origin":62567,"position":3},"title":"Realizan un nuevo operativo en el departamento de Nisman","author":"GB","date":"27\/01\/2015","format":false,"excerpt":"Un operativo judicial se realiza desde este mediod\u00eda en la vivienda del fallecido fiscal Alberto Nisman para obtener elementos de prueba para la investigaci\u00f3n de esa muerte, por disposici\u00f3n de la jueza de instrucci\u00f3n Fabiana Palmaghini. Fuentes vinculadas a la causa indicaron que el procedimiento, con la intervenci\u00f3n de la\u2026","rel":"","context":"En \u00abPol\u00edtica\u00bb","block_context":{"text":"Pol\u00edtica","link":"http:\/\/www.24baires.com\/?cat=51"},"img":{"alt_text":"autopsia","src":"https:\/\/i0.wp.com\/www.24baires.com\/wp-content\/uploads\/2015\/01\/autopsia.jpg?resize=350%2C200","width":350,"height":200,"srcset":"https:\/\/i0.wp.com\/www.24baires.com\/wp-content\/uploads\/2015\/01\/autopsia.jpg?resize=350%2C200 1x, https:\/\/i0.wp.com\/www.24baires.com\/wp-content\/uploads\/2015\/01\/autopsia.jpg?resize=525%2C300 1.5x"},"classes":[]},{"id":60590,"url":"http:\/\/www.24baires.com\/?p=60590","url_meta":{"origin":62567,"position":4},"title":"La ex esposa de Nisman ya declara ante la fiscal Fein","author":"GB","date":"23\/01\/2015","format":false,"excerpt":"La jueza Sandra Arroyo Salgado, ingres\u00f3 esta ma\u00f1ana a la Fiscal\u00eda a cargo de Viviana Fein para brindar su testimonio en el marco de la investigaci\u00f3n por la muerte del fiscal especial de la causa AMIA. La ex esposa de Alberto Nisman, la jueza Sandra Arroyo Salgado, ingres\u00f3 esta ma\u00f1ana\u2026","rel":"","context":"En \u00abPol\u00edtica\u00bb","block_context":{"text":"Pol\u00edtica","link":"http:\/\/www.24baires.com\/?cat=51"},"img":{"alt_text":"","src":"https:\/\/i0.wp.com\/www.24baires.com\/wp-content\/uploads\/2015\/01\/esposa-nisman.jpg?resize=350%2C200","width":350,"height":200},"classes":[]},{"id":60430,"url":"http:\/\/www.24baires.com\/?p=60430","url_meta":{"origin":62567,"position":5},"title":"La fiscal\u00eda analizar\u00e1 las \u00faltimas llamadas de Nisman","author":"Grupo Sierra","date":"20\/01\/2015","format":false,"excerpt":"La fiscal Viviana Fein revel\u00f3 que mantuvo una conversaci\u00f3n con la ex esposa, Sandra Arroyo Salgado. Adem\u00e1s, dispuso una nueva pericia sobre el arma. La fiscal que investiga la muerte de Alberto Nisman, Viviana Fein, adelant\u00f3 hoy que se investigar\u00e1n todas las comunicaciones que se realizaron desde los tel\u00e9fonos del\u2026","rel":"","context":"En \u00abJUDICIALES\u00bb","block_context":{"text":"JUDICIALES","link":"http:\/\/www.24baires.com\/?cat=68"},"img":{"alt_text":"Alberto-Nisman","src":"https:\/\/i0.wp.com\/www.24baires.com\/wp-content\/uploads\/2015\/01\/Alberto-Nisman.jpg?resize=350%2C200","width":350,"height":200,"srcset":"https:\/\/i0.wp.com\/www.24baires.com\/wp-content\/uploads\/2015\/01\/Alberto-Nisman.jpg?resize=350%2C200 1x, https:\/\/i0.wp.com\/www.24baires.com\/wp-content\/uploads\/2015\/01\/Alberto-Nisman.jpg?resize=525%2C300 1.5x"},"classes":[]}],"jetpack_sharing_enabled":true,"jetpack_likes_enabled":true,"jetpack_featured_media_url":"","_links":{"self":[{"href":"http:\/\/www.24baires.com\/index.php?rest_route=\/wp\/v2\/posts\/62567","targetHints":{"allow":["GET"]}}],"collection":[{"href":"http:\/\/www.24baires.com\/index.php?rest_route=\/wp\/v2\/posts"}],"about":[{"href":"http:\/\/www.24baires.com\/index.php?rest_route=\/wp\/v2\/types\/post"}],"author":[{"embeddable":true,"href":"http:\/\/www.24baires.com\/index.php?rest_route=\/wp\/v2\/users\/8"}],"replies":[{"embeddable":true,"href":"http:\/\/www.24baires.com\/index.php?rest_route=%2Fwp%2Fv2%2Fcomments&post=62567"}],"version-history":[{"count":1,"href":"http:\/\/www.24baires.com\/index.php?rest_route=\/wp\/v2\/posts\/62567\/revisions"}],"predecessor-version":[{"id":62569,"href":"http:\/\/www.24baires.com\/index.php?rest_route=\/wp\/v2\/posts\/62567\/revisions\/62569"}],"wp:attachment":[{"href":"http:\/\/www.24baires.com\/index.php?rest_route=%2Fwp%2Fv2%2Fmedia&parent=62567"}],"wp:term":[{"taxonomy":"category","embeddable":true,"href":"http:\/\/www.24baires.com\/index.php?rest_route=%2Fwp%2Fv2%2Fcategories&post=62567"},{"taxonomy":"post_tag","embeddable":true,"href":"http:\/\/www.24baires.com\/index.php?rest_route=%2Fwp%2Fv2%2Ftags&post=62567"}],"curies":[{"name":"wp","href":"https:\/\/api.w.org\/{rel}","templated":true}]}}