{"id":62563,"date":"2015-03-03T13:30:39","date_gmt":"2015-03-03T16:30:39","guid":{"rendered":"http:\/\/www.24baires.com\/?p=62563"},"modified":"2015-03-03T13:54:25","modified_gmt":"2015-03-03T16:54:25","slug":"lorenzetti-aclaro-que-hubo-sentencia-sobre-la-embajada-de-israel","status":"publish","type":"post","link":"http:\/\/www.24baires.com\/?p=62563","title":{"rendered":"Lorenzetti aclar\u00f3 que \u00abhubo sentencia sobre la embajada de Israel\u00bb"},"content":{"rendered":"<p><img data-recalc-dims=\"1\" loading=\"lazy\" decoding=\"async\" class=\"aligncenter size-full wp-image-2356\" src=\"https:\/\/i0.wp.com\/www.24baires.com\/wp-content\/uploads\/2012\/10\/lorenzetti-corte-suprema.jpg?resize=560%2C403\" alt=\"lorenzetti-corte-suprema\" width=\"560\" height=\"403\" srcset=\"https:\/\/i0.wp.com\/www.24baires.com\/wp-content\/uploads\/2012\/10\/lorenzetti-corte-suprema.jpg?w=560 560w, https:\/\/i0.wp.com\/www.24baires.com\/wp-content\/uploads\/2012\/10\/lorenzetti-corte-suprema.jpg?resize=300%2C215 300w\" sizes=\"auto, (max-width: 560px) 100vw, 560px\" \/>Con una presencia de magistrados y letrados superior a la de otros a\u00f1os, el presidente de la Corte dio inicio al \u00aba\u00f1o judicial\u00bb con un discurso en el que llam\u00f3 a \u00abterminar con las investigaciones oscuras que se traban, a terminar con la impunidad\u00bb. Remarc\u00f3 la independencia de poderes y que la falta de tribunales impide avanzar con juicios clave, como el de la AMIA.<!--more--><\/p>\n<p>En la apertura del a\u00f1o judicial, el presidente de la Corte Suprema, Ricardo Lorenzetti, record\u00f3 que en la causa que investiga el atentado contra la embajada de Israel ya hubo una sentencia en 1999. \u00abNo podemos modificar lo que ya ha sido aceptado y es cosa juzgada\u00bb, afirm\u00f3.<\/p>\n<p>Cristina Kirchner habia embestido contra Lorenzetti en la apertura de sesiones legislativas cuando critic\u00f3 a la Corte y se pregunt\u00f3 c\u00f3mo se encuentra la causa por el atentado a la Embajada de Israel, que investiga el m\u00e1ximo tribunal.<\/p>\n<p>\u00ab\u00bfSabe alguien, alguien le puede informar a esta Presidenta cu\u00e1l es el resultado de la investigaci\u00f3n que llev\u00f3 adelante la Corte Suprema de Justicia de la Naci\u00f3n del atentado de la embajada de Israel, qui\u00e9nes son los condenados, cu\u00e1les son los procesados, qu\u00e9 fue lo que pas\u00f3?\u00bb, se pregunt\u00f3 la jefa de Estado.<\/p>\n<p>&nbsp;<\/p>\n<p>&nbsp;<\/p>\n<p>&nbsp;<\/p>\n<p>&nbsp;<\/p>\n<p>&nbsp;<\/p>\n<p>&nbsp;<\/p>\n<p>&nbsp;<\/p>\n<p>&nbsp;<\/p>\n<p>&nbsp;<\/p>\n<p>&nbsp;<\/p>\n","protected":false},"excerpt":{"rendered":"<p>Con una presencia de magistrados y letrados superior a la de otros a\u00f1os, el presidente de la Corte dio inicio al \u00aba\u00f1o judicial\u00bb con un discurso en el que llam\u00f3 a \u00abterminar con las investigaciones oscuras que se traban, a terminar con la impunidad\u00bb. Remarc\u00f3 la independencia de poderes y que la falta de tribunales impide avanzar con juicios clave, [&#8230;]<\/p>\n","protected":false},"author":8,"featured_media":0,"comment_status":"open","ping_status":"open","sticky":false,"template":"","format":"standard","meta":{"_jetpack_newsletter_access":"","_jetpack_dont_email_post_to_subs":false,"_jetpack_newsletter_tier_id":0,"_jetpack_memberships_contains_paywalled_content":false,"_jetpack_memberships_contains_paid_content":false,"footnotes":""},"categories":[51],"tags":[],"class_list":["post-62563","post","type-post","status-publish","format-standard","hentry","category-politica"],"jetpack_shortlink":"https:\/\/wp.me\/p2JWE0-gh5","jetpack-related-posts":[{"id":100900,"url":"http:\/\/www.24baires.com\/?p=100900","url_meta":{"origin":62563,"position":0},"title":"\u00abEl Poder Judicial debe escuchar los reclamos de nuestro pueblo\u00bb","author":"AF","date":"06\/03\/2018","format":false,"excerpt":"El titular de la Corte Suprema de Justicia, Ricardo Lorenzetti, reclam\u00f3 en la apertura del a\u00f1o judicial pol\u00edticas de Estado para poder trasladar al resto de los poderes judiciales las transformaciones alcanzadas dentro de la Corte. En la apertura del a\u00f1o judicial, el presidente de la Corte Suprema de Justicia\u2026","rel":"","context":"En \u00abSociedad\u00bb","block_context":{"text":"Sociedad","link":"http:\/\/www.24baires.com\/?cat=1"},"img":{"alt_text":"","src":"https:\/\/i0.wp.com\/www.24baires.com\/wp-content\/uploads\/2015\/03\/lorenzetti2.jpg?resize=350%2C200","width":350,"height":200,"srcset":"https:\/\/i0.wp.com\/www.24baires.com\/wp-content\/uploads\/2015\/03\/lorenzetti2.jpg?resize=350%2C200 1x, https:\/\/i0.wp.com\/www.24baires.com\/wp-content\/uploads\/2015\/03\/lorenzetti2.jpg?resize=525%2C300 1.5x"},"classes":[]},{"id":62632,"url":"http:\/\/www.24baires.com\/?p=62632","url_meta":{"origin":62563,"position":1},"title":"La Corte neg\u00f3 que el atentado a la Embajada de Israel sea \u00abcosa juzgada\u00bb","author":"GB","date":"04\/03\/2015","format":false,"excerpt":"El m\u00e1ximo tribunal sostuvo que \"contin\u00faa la investigaci\u00f3n\" del atentado contra la sede diplom\u00e1tica israel\u00ed, lo que se contrapone con las afirmaciones de Ricardo Lorenzetti, quien dijo que era \"cosa juzgada\". La Corte Suprema de Justicia difundi\u00f3, a trav\u00e9s del Centro de Informaci\u00f3n Judicial (CIJ), un informe en el que\u2026","rel":"","context":"En \u00abPol\u00edtica\u00bb","block_context":{"text":"Pol\u00edtica","link":"http:\/\/www.24baires.com\/?cat=51"},"img":{"alt_text":"","src":"","width":0,"height":0},"classes":[]},{"id":62606,"url":"http:\/\/www.24baires.com\/?p=62606","url_meta":{"origin":62563,"position":2},"title":"Lorenzetti \u00abcometi\u00f3 un error\u00bb al afirmar que lo de la embajada fue juzgado","author":"AF","date":"04\/03\/2015","format":false,"excerpt":"La fiscal Cristina Caama\u00f1o se refiri\u00f3 a los dichos del presidente de la Corte, quien afirm\u00f3 que la causa de la Embajada de Israel es \"cosa juzgada\". Para eso, \u201ctiene que haber sentencia, y tiene que haber juicio\u201d, recalc\u00f3. \"Para que algo sea cosa juzgada tiene que haber sentencia, y\u2026","rel":"","context":"En \u00abJUDICIALES\u00bb","block_context":{"text":"JUDICIALES","link":"http:\/\/www.24baires.com\/?cat=68"},"img":{"alt_text":"","src":"https:\/\/i0.wp.com\/www.24baires.com\/wp-content\/uploads\/2015\/03\/lorenzetti2.jpg?resize=350%2C200","width":350,"height":200,"srcset":"https:\/\/i0.wp.com\/www.24baires.com\/wp-content\/uploads\/2015\/03\/lorenzetti2.jpg?resize=350%2C200 1x, https:\/\/i0.wp.com\/www.24baires.com\/wp-content\/uploads\/2015\/03\/lorenzetti2.jpg?resize=525%2C300 1.5x"},"classes":[]},{"id":104400,"url":"http:\/\/www.24baires.com\/?p=104400","url_meta":{"origin":62563,"position":3},"title":"Lorenzetti dejar\u00e1 la presidencia de la Corte Suprema y lo reemplazar\u00e1 Rosenkrantz","author":"AF","date":"11\/09\/2018","format":false,"excerpt":"El juez ocupaba ese cargo desde enero de 2007. Lo reemplazar\u00eda Carlos Rosenkrantz. El cambio se har\u00e1 efectivo a partir del 1\u00b0 de octubre pr\u00f3ximo. Luego de 11 a\u00f1os Ricardo Lorenzetti dejar\u00e1 de ser el presidente de la Corte Suprema de Justicia. Su alejamiento del cargo se har\u00e1 efectivo el\u2026","rel":"","context":"En \u00abJUDICIALES\u00bb","block_context":{"text":"JUDICIALES","link":"http:\/\/www.24baires.com\/?cat=68"},"img":{"alt_text":"","src":"https:\/\/i0.wp.com\/www.24baires.com\/wp-content\/uploads\/2012\/10\/lorenzetti-corte-suprema.jpg?resize=350%2C200","width":350,"height":200,"srcset":"https:\/\/i0.wp.com\/www.24baires.com\/wp-content\/uploads\/2012\/10\/lorenzetti-corte-suprema.jpg?resize=350%2C200 1x, https:\/\/i0.wp.com\/www.24baires.com\/wp-content\/uploads\/2012\/10\/lorenzetti-corte-suprema.jpg?resize=525%2C300 1.5x"},"classes":[]},{"id":119784,"url":"http:\/\/www.24baires.com\/?p=119784","url_meta":{"origin":62563,"position":4},"title":"Diputados aprob\u00f3 la admisibilidad al juicio pol\u00edtico a los miembros de la Corte Suprema","author":"AF","date":"09\/02\/2023","format":false,"excerpt":"El Frente de Todos, con 16 votos, se impuso en la votaci\u00f3n que permitir\u00e1 avanzar hacia la apertura del sumario para acumular las pruebas que sostengan la acusaci\u00f3n contra los magistrados Horacio Rosatti, Carlos Rosenkrantz, Juan Carlos Maqueda y Ricardo Lorenzetti. El Frente de Todos (FdT) consigui\u00f3 este jueves aprobar\u2026","rel":"","context":"En \u00abPol\u00edtica\u00bb","block_context":{"text":"Pol\u00edtica","link":"http:\/\/www.24baires.com\/?cat=51"},"img":{"alt_text":"","src":"https:\/\/i0.wp.com\/www.24baires.com\/wp-content\/uploads\/2023\/02\/Diputados-AproboAdmisibJuicioPolitico-696x451-1.jpg?resize=350%2C200","width":350,"height":200,"srcset":"https:\/\/i0.wp.com\/www.24baires.com\/wp-content\/uploads\/2023\/02\/Diputados-AproboAdmisibJuicioPolitico-696x451-1.jpg?resize=350%2C200 1x, https:\/\/i0.wp.com\/www.24baires.com\/wp-content\/uploads\/2023\/02\/Diputados-AproboAdmisibJuicioPolitico-696x451-1.jpg?resize=525%2C300 1.5x"},"classes":[]},{"id":64020,"url":"http:\/\/www.24baires.com\/?p=64020","url_meta":{"origin":62563,"position":5},"title":"La Corte pidi\u00f3 desclasificar los archivos de la &#8216;Causa Embajada&#8217; como lo ofreci\u00f3 Cristina","author":"Grupo Sierra","date":"08\/04\/2015","format":false,"excerpt":"A trav\u00e9s de un comunicado de s\u00f3lo cuatro l\u00edneas, el Centro de Informaci\u00f3n Judicial (CIJ) da cuenta que el Tribunal compuesto por Ricardo Lorenzetti, Elena Highton de Nolasco, Carlos Fayt y Juan Carlos Maqueda, solicit\u00f3 a la presidenta Cristina Fern\u00e1ndez de Kirchner, \"la desclasificaci\u00f3n de los archivos de inteligencia con\u2026","rel":"","context":"En \u00abJUDICIALES\u00bb","block_context":{"text":"JUDICIALES","link":"http:\/\/www.24baires.com\/?cat=68"},"img":{"alt_text":"","src":"","width":0,"height":0},"classes":[]}],"jetpack_sharing_enabled":true,"jetpack_likes_enabled":true,"jetpack_featured_media_url":"","_links":{"self":[{"href":"http:\/\/www.24baires.com\/index.php?rest_route=\/wp\/v2\/posts\/62563","targetHints":{"allow":["GET"]}}],"collection":[{"href":"http:\/\/www.24baires.com\/index.php?rest_route=\/wp\/v2\/posts"}],"about":[{"href":"http:\/\/www.24baires.com\/index.php?rest_route=\/wp\/v2\/types\/post"}],"author":[{"embeddable":true,"href":"http:\/\/www.24baires.com\/index.php?rest_route=\/wp\/v2\/users\/8"}],"replies":[{"embeddable":true,"href":"http:\/\/www.24baires.com\/index.php?rest_route=%2Fwp%2Fv2%2Fcomments&post=62563"}],"version-history":[{"count":2,"href":"http:\/\/www.24baires.com\/index.php?rest_route=\/wp\/v2\/posts\/62563\/revisions"}],"predecessor-version":[{"id":62573,"href":"http:\/\/www.24baires.com\/index.php?rest_route=\/wp\/v2\/posts\/62563\/revisions\/62573"}],"wp:attachment":[{"href":"http:\/\/www.24baires.com\/index.php?rest_route=%2Fwp%2Fv2%2Fmedia&parent=62563"}],"wp:term":[{"taxonomy":"category","embeddable":true,"href":"http:\/\/www.24baires.com\/index.php?rest_route=%2Fwp%2Fv2%2Fcategories&post=62563"},{"taxonomy":"post_tag","embeddable":true,"href":"http:\/\/www.24baires.com\/index.php?rest_route=%2Fwp%2Fv2%2Ftags&post=62563"}],"curies":[{"name":"wp","href":"https:\/\/api.w.org\/{rel}","templated":true}]}}