{"id":62551,"date":"2015-03-03T11:00:10","date_gmt":"2015-03-03T14:00:10","guid":{"rendered":"http:\/\/www.24baires.com\/?p=62551"},"modified":"2015-03-03T10:58:32","modified_gmt":"2015-03-03T13:58:32","slug":"granados-sobre-su-hermana-massista-tiene-que-tomar-mucha-sopa","status":"publish","type":"post","link":"http:\/\/www.24baires.com\/?p=62551","title":{"rendered":"Granados, sobre su hermana massista: \u00abTiene que tomar mucha sopa\u00bb"},"content":{"rendered":"<p><img data-recalc-dims=\"1\" loading=\"lazy\" decoding=\"async\" class=\"aligncenter size-full wp-image-49303\" src=\"https:\/\/i0.wp.com\/www.24baires.com\/wp-content\/uploads\/2014\/07\/granados-cpc-pergamino.jpg?resize=555%2C450\" alt=\"granados cpc pergamino\" width=\"555\" height=\"450\" srcset=\"https:\/\/i0.wp.com\/www.24baires.com\/wp-content\/uploads\/2014\/07\/granados-cpc-pergamino.jpg?w=555 555w, https:\/\/i0.wp.com\/www.24baires.com\/wp-content\/uploads\/2014\/07\/granados-cpc-pergamino.jpg?resize=300%2C243 300w\" sizes=\"auto, (max-width: 555px) 100vw, 555px\" \/>El ministro de Seguridad bonaerense, Alejandro Granados, critic\u00f3 a su hermana, la diputada provincial massista Leonor Granados que competir\u00e1 por la intendencia de Ezeiza, al afirmar que \u00abtiene que tomar mucha sopa\u00bb para poder ganar en el distrito.<!--more--><\/p>\n<p>El funcionario adem\u00e1s ratific\u00f3 que dejar\u00e1 el cargo en la provincia despu\u00e9s de las elecciones generales y que \u00abel 26 de octubre\u00bb reasumir\u00e1 como intendente de Ezeiza, a la vez que no descart\u00f3 presentarse para una nueva reelecci\u00f3n en el municipio.<\/p>\n<p>No obstante, adelant\u00f3 que si no se postula para un nuevo mandato en el municipio del conurbano propondr\u00e1 a su mujer, la diputada nacional Isabel Beatriz Visconti, m\u00e1s conocida como Dulce Granados, publica la agencia DyN.<\/p>\n<p>\u00abMi hermana tiene que tomar mucha sopa\u00bb para poder ganar el municipio, dijo Granados este mediod\u00eda tras participar de la asamblea legislativa en La Plata.<\/p>\n<p>&nbsp;<\/p>\n<p>&nbsp;<\/p>\n<p>&nbsp;<\/p>\n<p>&nbsp;<\/p>\n<p>&nbsp;<\/p>\n<p>&nbsp;<\/p>\n<p>&nbsp;<\/p>\n<p>&nbsp;<\/p>\n<p>&nbsp;<\/p>\n<p>&nbsp;<\/p>\n<p>&nbsp;<\/p>\n<p>&nbsp;<\/p>\n<p>&nbsp;<\/p>\n<p>&nbsp;<\/p>\n","protected":false},"excerpt":{"rendered":"<p>El ministro de Seguridad bonaerense, Alejandro Granados, critic\u00f3 a su hermana, la diputada provincial massista Leonor Granados que competir\u00e1 por la intendencia de Ezeiza, al afirmar que \u00abtiene que tomar mucha sopa\u00bb para poder ganar en el distrito.<\/p>\n","protected":false},"author":4,"featured_media":0,"comment_status":"open","ping_status":"open","sticky":false,"template":"","format":"standard","meta":{"_jetpack_newsletter_access":"","_jetpack_dont_email_post_to_subs":false,"_jetpack_newsletter_tier_id":0,"_jetpack_memberships_contains_paywalled_content":false,"_jetpack_memberships_contains_paid_content":false,"footnotes":""},"categories":[51],"tags":[],"class_list":["post-62551","post","type-post","status-publish","format-standard","hentry","category-politica"],"jetpack_shortlink":"https:\/\/wp.me\/p2JWE0-ggT","jetpack-related-posts":[{"id":102457,"url":"http:\/\/www.24baires.com\/?p=102457","url_meta":{"origin":62551,"position":0},"title":"Municipios gobernados por Cambiemos son los de paritarias m\u00e1s bajas","author":"GB","date":"31\/05\/2018","format":false,"excerpt":"Seg\u00fan un informe, el macrismo es la fuerza pol\u00edtica que cerr\u00f3 los aumentos salariales m\u00e1s bajos para trabajadores municipales en la regi\u00f3n metropolitana desde 2016. Para 2018, el promedio en los distritos oficialistas fue de 13 %, ocho puntos por debajo de las gestiones peronistas. Los intendentes que menos pagan\u2026","rel":"","context":"En \u00abProvincia\u00bb","block_context":{"text":"Provincia","link":"http:\/\/www.24baires.com\/?cat=40"},"img":{"alt_text":"","src":"https:\/\/i0.wp.com\/www.24baires.com\/wp-content\/uploads\/2018\/05\/intendentes-cambiemos.jpg?resize=350%2C200","width":350,"height":200,"srcset":"https:\/\/i0.wp.com\/www.24baires.com\/wp-content\/uploads\/2018\/05\/intendentes-cambiemos.jpg?resize=350%2C200 1x, https:\/\/i0.wp.com\/www.24baires.com\/wp-content\/uploads\/2018\/05\/intendentes-cambiemos.jpg?resize=525%2C300 1.5x"},"classes":[]},{"id":102120,"url":"http:\/\/www.24baires.com\/?p=102120","url_meta":{"origin":62551,"position":1},"title":"Intendente escribi\u00f3 una carta a Macri para exigirle que finalice obras paradas","author":"GB","date":"14\/05\/2018","format":false,"excerpt":"Julio Zamora, intendente de Tigre, le exigi\u00f3 a Mauricio Macri la finalizaci\u00f3n de un convenio firmado hace dos a\u00f1os, el cual buscaba garantizar agua y cloacas para cientos de vecinos. El mandatario denunci\u00f3 una \u201cclara discriminaci\u00f3n\u201d por \u201crazones pol\u00edticas\u201d. El intendente de Tigre, Julio Zamora, le envi\u00f3 una carta al\u2026","rel":"","context":"En \u00abMunicipios\u00bb","block_context":{"text":"Municipios","link":"http:\/\/www.24baires.com\/?cat=44"},"img":{"alt_text":"","src":"https:\/\/i0.wp.com\/www.24baires.com\/wp-content\/uploads\/2018\/05\/intendente-tigre.jpg?resize=350%2C200","width":350,"height":200,"srcset":"https:\/\/i0.wp.com\/www.24baires.com\/wp-content\/uploads\/2018\/05\/intendente-tigre.jpg?resize=350%2C200 1x, https:\/\/i0.wp.com\/www.24baires.com\/wp-content\/uploads\/2018\/05\/intendente-tigre.jpg?resize=525%2C300 1.5x"},"classes":[]},{"id":40223,"url":"http:\/\/www.24baires.com\/?p=40223","url_meta":{"origin":62551,"position":2},"title":"El intendente de Merlo anunci\u00f3 su pase al massismo","author":"GB","date":"10\/02\/2014","format":false,"excerpt":"Ra\u00fal Othaceh\u00e9, de Merlo, comunic\u00f3 junto a Sergio Massa su incorporaci\u00f3n al armado del diputado nacional. Desde el 2003 formaba parte del oficialista FPV. El intendente de Merlo, Ra\u00fal Otheceh\u00e9, quien desde el 2003 pertenec\u00eda al oficialista Frente para la Victoria, anunci\u00f3 este lunes su pase a las filas del\u2026","rel":"","context":"En \u00abPol\u00edtica\u00bb","block_context":{"text":"Pol\u00edtica","link":"http:\/\/www.24baires.com\/?cat=51"},"img":{"alt_text":"","src":"https:\/\/i0.wp.com\/www.24baires.com\/wp-content\/uploads\/2014\/02\/Massa-y-Othaceh%C3%A9.jpg?resize=350%2C200","width":350,"height":200,"srcset":"https:\/\/i0.wp.com\/www.24baires.com\/wp-content\/uploads\/2014\/02\/Massa-y-Othaceh%C3%A9.jpg?resize=350%2C200 1x, https:\/\/i0.wp.com\/www.24baires.com\/wp-content\/uploads\/2014\/02\/Massa-y-Othaceh%C3%A9.jpg?resize=525%2C300 1.5x"},"classes":[]},{"id":104318,"url":"http:\/\/www.24baires.com\/?p=104318","url_meta":{"origin":62551,"position":3},"title":"Diputados se prepara para aprobar la Emergencia en Infraestructura Escolar","author":"GB","date":"06\/09\/2018","format":false,"excerpt":"La C\u00e1mara Baja debatir\u00e1 el proyecto que obliga al Ejecutivo a definir un plan de obras para solucionar la crisis edilicia en las escuelas. La oposici\u00f3n se prepara para aprobar hoy un proyecto que declara la Emergencia en Infraestructura Escolar en la provincia de Buenos Aires. La iniciativa prev\u00e9 la\u2026","rel":"","context":"En \u00abProvincia\u00bb","block_context":{"text":"Provincia","link":"http:\/\/www.24baires.com\/?cat=40"},"img":{"alt_text":"","src":"https:\/\/i0.wp.com\/www.24baires.com\/wp-content\/uploads\/2017\/12\/diputados-bonaerenses.jpg?resize=350%2C200","width":350,"height":200,"srcset":"https:\/\/i0.wp.com\/www.24baires.com\/wp-content\/uploads\/2017\/12\/diputados-bonaerenses.jpg?resize=350%2C200 1x, https:\/\/i0.wp.com\/www.24baires.com\/wp-content\/uploads\/2017\/12\/diputados-bonaerenses.jpg?resize=525%2C300 1.5x"},"classes":[]},{"id":119120,"url":"http:\/\/www.24baires.com\/?p=119120","url_meta":{"origin":62551,"position":4},"title":"Batakis recibi\u00f3 el apoyo de intendentes bonaerenses","author":"AF","date":"20\/07\/2022","format":false,"excerpt":"El encuentro marca una continuidad respecto a la reuni\u00f3n previa que la titular del Palacio de Hacienda mantuvo el lunes con el gobernador Axel Kicillof y otros cuatros mandatarios provinciales, en el contexto de adhesi\u00f3n a las disposiciones anunciadas. La ministra de Econom\u00eda, Silvina Batakis, mantuvo un encuentro este mi\u00e9rcoles\u2026","rel":"","context":"En \u00abProvincia\u00bb","block_context":{"text":"Provincia","link":"http:\/\/www.24baires.com\/?cat=40"},"img":{"alt_text":"","src":"https:\/\/i0.wp.com\/www.24baires.com\/wp-content\/uploads\/2022\/07\/batakis-intendentes.jpg?resize=350%2C200","width":350,"height":200,"srcset":"https:\/\/i0.wp.com\/www.24baires.com\/wp-content\/uploads\/2022\/07\/batakis-intendentes.jpg?resize=350%2C200 1x, https:\/\/i0.wp.com\/www.24baires.com\/wp-content\/uploads\/2022\/07\/batakis-intendentes.jpg?resize=525%2C300 1.5x, https:\/\/i0.wp.com\/www.24baires.com\/wp-content\/uploads\/2022\/07\/batakis-intendentes.jpg?resize=700%2C400 2x"},"classes":[]},{"id":115179,"url":"http:\/\/www.24baires.com\/?p=115179","url_meta":{"origin":62551,"position":5},"title":"Fern\u00e1ndez: \u00abJusticia es tener acceso a la educaci\u00f3n, a la salud y al agua\u00bb","author":"AF","date":"29\/05\/2020","format":false,"excerpt":"\"Tanto demoramos para entender que hay 2 millones y medio de bonaerenses que necesitan estas obras\", expres\u00f3 el Presidente acompa\u00f1ado por Kicillof y Galmarini. El presidente de la Naci\u00f3n, Alberto Fern\u00e1ndez, encabez\u00f3 este viernes, en el partido bonaerense de Quilmes, el acto de bajada de una tunelera de AySA, que\u2026","rel":"","context":"En \u00abPol\u00edtica\u00bb","block_context":{"text":"Pol\u00edtica","link":"http:\/\/www.24baires.com\/?cat=51"},"img":{"alt_text":"","src":"https:\/\/i0.wp.com\/www.24baires.com\/wp-content\/uploads\/2020\/05\/aysa-1.jpg?resize=350%2C200","width":350,"height":200,"srcset":"https:\/\/i0.wp.com\/www.24baires.com\/wp-content\/uploads\/2020\/05\/aysa-1.jpg?resize=350%2C200 1x, https:\/\/i0.wp.com\/www.24baires.com\/wp-content\/uploads\/2020\/05\/aysa-1.jpg?resize=525%2C300 1.5x"},"classes":[]}],"jetpack_sharing_enabled":true,"jetpack_likes_enabled":true,"jetpack_featured_media_url":"","_links":{"self":[{"href":"http:\/\/www.24baires.com\/index.php?rest_route=\/wp\/v2\/posts\/62551","targetHints":{"allow":["GET"]}}],"collection":[{"href":"http:\/\/www.24baires.com\/index.php?rest_route=\/wp\/v2\/posts"}],"about":[{"href":"http:\/\/www.24baires.com\/index.php?rest_route=\/wp\/v2\/types\/post"}],"author":[{"embeddable":true,"href":"http:\/\/www.24baires.com\/index.php?rest_route=\/wp\/v2\/users\/4"}],"replies":[{"embeddable":true,"href":"http:\/\/www.24baires.com\/index.php?rest_route=%2Fwp%2Fv2%2Fcomments&post=62551"}],"version-history":[{"count":1,"href":"http:\/\/www.24baires.com\/index.php?rest_route=\/wp\/v2\/posts\/62551\/revisions"}],"predecessor-version":[{"id":62552,"href":"http:\/\/www.24baires.com\/index.php?rest_route=\/wp\/v2\/posts\/62551\/revisions\/62552"}],"wp:attachment":[{"href":"http:\/\/www.24baires.com\/index.php?rest_route=%2Fwp%2Fv2%2Fmedia&parent=62551"}],"wp:term":[{"taxonomy":"category","embeddable":true,"href":"http:\/\/www.24baires.com\/index.php?rest_route=%2Fwp%2Fv2%2Fcategories&post=62551"},{"taxonomy":"post_tag","embeddable":true,"href":"http:\/\/www.24baires.com\/index.php?rest_route=%2Fwp%2Fv2%2Ftags&post=62551"}],"curies":[{"name":"wp","href":"https:\/\/api.w.org\/{rel}","templated":true}]}}