{"id":62546,"date":"2015-03-03T10:00:05","date_gmt":"2015-03-03T13:00:05","guid":{"rendered":"http:\/\/www.24baires.com\/?p=62546"},"modified":"2015-03-03T20:35:19","modified_gmt":"2015-03-03T23:35:19","slug":"anibal-fernandez-lorenzetti-sabra-lo-que-tiene-que-decir","status":"publish","type":"post","link":"http:\/\/www.24baires.com\/?p=62546","title":{"rendered":"An\u00edbal Fern\u00e1ndez: \u00abLorenzetti sabr\u00e1 lo que tiene que decir\u00bb"},"content":{"rendered":"<p><img data-recalc-dims=\"1\" loading=\"lazy\" decoding=\"async\" class=\"aligncenter size-full wp-image-44304\" src=\"https:\/\/i0.wp.com\/www.24baires.com\/wp-content\/uploads\/2014\/04\/an%C3%ADbal-fern%C3%A1ndez.jpg?resize=560%2C314\" alt=\"an\u00edbal fern\u00e1ndez\" width=\"560\" height=\"314\" srcset=\"https:\/\/i0.wp.com\/www.24baires.com\/wp-content\/uploads\/2014\/04\/an%C3%ADbal-fern%C3%A1ndez.jpg?w=560 560w, https:\/\/i0.wp.com\/www.24baires.com\/wp-content\/uploads\/2014\/04\/an%C3%ADbal-fern%C3%A1ndez.jpg?resize=300%2C168 300w\" sizes=\"auto, (max-width: 560px) 100vw, 560px\" \/>Lo dijo hoy el jefe de Gabinete en referencia al titular de la Corte Suprema de Justicia, al ser consultado sobre el mensaje que dar\u00e1 este mediod\u00eda el magistrado en el marco del inicio del nuevo a\u00f1o judicial.<!--more--><\/p>\n<p>El jefe de Gabinete, An\u00edbal Fern\u00e1ndez, dijo hoy que el titular de la Corte Suprema de Justicia, Ricardo Lorenzetti, \u201csabr\u00e1 lo que tiene que decir ya que es el responsable deontol\u00f3gico de su discurso, y adem\u00e1s el responsable de uno de los poderes de la Rep\u00fablica\u00bb, al ser consultado sobre el mensaje que dar\u00e1 este mediod\u00eda el magistrado en el marco del inicio del nuevo a\u00f1o judicial.<\/p>\n<p>Asimismo, en declaraciones formuladas a la prensa antes de ingresar esta ma\u00f1ana a Casa de Gobierno, el funcionario se\u00f1al\u00f3 que \u00ablo dicho por la presidenta Cristina Fern\u00e1ndez de Kirchner sobre el Partido Judicial se enmarca en una discusi\u00f3n que se tiene que dar en la sociedad\u00bb.<\/p>\n<p>Cuando le preguntaron si la mandataria hizo referencia espec\u00edficamente a Lorenzetti en sus manifestaciones sobre la causa AMIA durante su discurso ante la Asamblea Legislativa, el domingo pasado, el jefe de ministros respondi\u00f3: \u00abLa Presidenta hace alusi\u00f3n a la Embajada de Israel y a que nadie ha mostrado una actividad concreta sobre esa investigaci\u00f3n\u00bb.<\/p>\n<p>En ese sentido, el precandidato presidencial por el Frente para la Victoria destac\u00f3 que \u00abhubo tres personas que llevaron la tarea de generar el proceso dentro de la Corte -hasta el momento- y hasta ahora no hay consecuencias concretas y directas respecto de la investigaci\u00f3n\u00bb del hecho.<\/p>\n<p>\u00abLa Presidenta tiene todo el derecho de anunciarlo, y no hace cargo espec\u00edficamente a Lorenzetti, hay otros miembros que debieron actuar y tareas que tuvieron que dar conclusiones mucho tiempo antes\u00bb, sintetiz\u00f3 Fern\u00e1ndez en su habitual contacto con la prensa en el acceso a la Casa Rosada.<\/p>\n","protected":false},"excerpt":{"rendered":"<p>Lo dijo hoy el jefe de Gabinete en referencia al titular de la Corte Suprema de Justicia, al ser consultado sobre el mensaje que dar\u00e1 este mediod\u00eda el magistrado en el marco del inicio del nuevo a\u00f1o judicial.<\/p>\n","protected":false},"author":4,"featured_media":0,"comment_status":"open","ping_status":"open","sticky":false,"template":"","format":"standard","meta":{"_jetpack_newsletter_access":"","_jetpack_dont_email_post_to_subs":false,"_jetpack_newsletter_tier_id":0,"_jetpack_memberships_contains_paywalled_content":false,"_jetpack_memberships_contains_paid_content":false,"footnotes":""},"categories":[51],"tags":[],"class_list":["post-62546","post","type-post","status-publish","format-standard","hentry","category-politica"],"jetpack_shortlink":"https:\/\/wp.me\/p2JWE0-ggO","jetpack-related-posts":[{"id":105297,"url":"http:\/\/www.24baires.com\/?p=105297","url_meta":{"origin":62546,"position":0},"title":"El Gobierno comparti\u00f3 un almuerzo \u00abde camarader\u00eda\u00bb con miembros de la Corte Suprema","author":"AF","date":"06\/11\/2018","format":false,"excerpt":"Ocurri\u00f3 este mediod\u00eda. Por el Ejecutivo estuvieron Mauricio Macri, Marcos Pe\u00f1a y Germ\u00e1n Garavano. Por parte de los magistrados, Carlos Rosenkrantz y Elena Highton de Nolasco. En medio del impresionante revuelo judicial que se suscita en Argentina en los \u00faltimos tiempos, la causa de las fotocopias, las persecuciones judiciales, las\u2026","rel":"","context":"En \u00abPol\u00edtica\u00bb","block_context":{"text":"Pol\u00edtica","link":"http:\/\/www.24baires.com\/?cat=51"},"img":{"alt_text":"","src":"https:\/\/i0.wp.com\/www.24baires.com\/wp-content\/uploads\/2018\/11\/ejecutivo-corte.jpg?resize=350%2C200","width":350,"height":200,"srcset":"https:\/\/i0.wp.com\/www.24baires.com\/wp-content\/uploads\/2018\/11\/ejecutivo-corte.jpg?resize=350%2C200 1x, https:\/\/i0.wp.com\/www.24baires.com\/wp-content\/uploads\/2018\/11\/ejecutivo-corte.jpg?resize=525%2C300 1.5x"},"classes":[]},{"id":65656,"url":"http:\/\/www.24baires.com\/?p=65656","url_meta":{"origin":62546,"position":1},"title":"\u00abSi Lorenzetti quiere ser presidente, que compita a trav\u00e9s de un partido\u00bb","author":"AF","date":"10\/05\/2015","format":false,"excerpt":"El jefe de Gabinete de Ministros, An\u00edbal Fern\u00e1ndez, asegur\u00f3 que las recientes expresiones vertidas por el presidente de la Corte Suprema, Ricardo Lorenzetti, \u201cson pol\u00edticas\u201d y desafi\u00f3 al magistrado a que \u201csi quiere ser presidente, que compita a trav\u00e9s de un partido como lo dicta la Constituci\u00f3n\u201d. An\u00edbal Fern\u00e1ndez ponder\u00f3\u2026","rel":"","context":"En \u00abElecciones 2015\u00bb","block_context":{"text":"Elecciones 2015","link":"http:\/\/www.24baires.com\/?cat=74"},"img":{"alt_text":"lorenzetti2","src":"https:\/\/i0.wp.com\/www.24baires.com\/wp-content\/uploads\/2015\/03\/lorenzetti2.jpg?resize=350%2C200","width":350,"height":200,"srcset":"https:\/\/i0.wp.com\/www.24baires.com\/wp-content\/uploads\/2015\/03\/lorenzetti2.jpg?resize=350%2C200 1x, https:\/\/i0.wp.com\/www.24baires.com\/wp-content\/uploads\/2015\/03\/lorenzetti2.jpg?resize=525%2C300 1.5x"},"classes":[]},{"id":62600,"url":"http:\/\/www.24baires.com\/?p=62600","url_meta":{"origin":62546,"position":2},"title":"An\u00edbal Fern\u00e1ndez neg\u00f3 que existan presiones del Ejecutivo al Poder Judicial","author":"AF","date":"04\/03\/2015","format":false,"excerpt":"El jefe de Gabinete, en cambio, record\u00f3 que los jueces \"han sacado cuanta medida cautelar quisieron, lesionando incluso las leyes votadas en el marco de la democracia\". Y desminti\u00f3 que no exista di\u00e1logo entre los poderes del Estado. \"\u00bfPresiones de qui\u00e9n? \u00bfCu\u00e1ndo han actuado bajo presi\u00f3n? \u00bfCu\u00e1ndo un juez no\u2026","rel":"","context":"En \u00abJUDICIALES\u00bb","block_context":{"text":"JUDICIALES","link":"http:\/\/www.24baires.com\/?cat=68"},"img":{"alt_text":"anibal","src":"https:\/\/i0.wp.com\/www.24baires.com\/wp-content\/uploads\/2015\/01\/anibal.jpg?resize=350%2C200","width":350,"height":200,"srcset":"https:\/\/i0.wp.com\/www.24baires.com\/wp-content\/uploads\/2015\/01\/anibal.jpg?resize=350%2C200 1x, https:\/\/i0.wp.com\/www.24baires.com\/wp-content\/uploads\/2015\/01\/anibal.jpg?resize=525%2C300 1.5x"},"classes":[]},{"id":68461,"url":"http:\/\/www.24baires.com\/?p=68461","url_meta":{"origin":62546,"position":3},"title":"An\u00edbal Fern\u00e1ndez: Los jueces \u00abdeber\u00edan seguir hablando a trav\u00e9s de sus sentencias\u00bb","author":"AF","date":"02\/07\/2015","format":false,"excerpt":"El jefe de Gabinete sali\u00f3 as\u00ed al cruce de un grupo de jueces que manifest\u00f3 su \"preocupaci\u00f3n\" por un supuesto \"avance del Gobierno contra el Poder Judicial\" a trav\u00e9s de una carta enviada al presidente de la Corte de Suprema de Justicia de la Naci\u00f3n, Ricardo Lorenzetti. \"La verdad es\u2026","rel":"","context":"En \u00abJUDICIALES\u00bb","block_context":{"text":"JUDICIALES","link":"http:\/\/www.24baires.com\/?cat=68"},"img":{"alt_text":"anibal conferencia","src":"https:\/\/i0.wp.com\/www.24baires.com\/wp-content\/uploads\/2015\/04\/anibal-conferencia.jpg?resize=350%2C200","width":350,"height":200,"srcset":"https:\/\/i0.wp.com\/www.24baires.com\/wp-content\/uploads\/2015\/04\/anibal-conferencia.jpg?resize=350%2C200 1x, https:\/\/i0.wp.com\/www.24baires.com\/wp-content\/uploads\/2015\/04\/anibal-conferencia.jpg?resize=525%2C300 1.5x"},"classes":[]},{"id":66050,"url":"http:\/\/www.24baires.com\/?p=66050","url_meta":{"origin":62546,"position":4},"title":"An\u00edbal, seguro, reafirm\u00f3 que el FpV gana \u00aben primera o segunda vuelta\u00bb","author":"GB","date":"17\/05\/2015","format":false,"excerpt":"El jefe de Gabinete de Ministros An\u00edbal Fern\u00e1ndez, se mostr\u00f3 confiado en el triunfo del Frente para la Victoria en las elecciones de octubre, \u201cgana en primera o segunda vuelta\u201d indic\u00f3, al mismo tiempo que augur\u00f3 que la elecci\u00f3n \u201cse va a polarizar mucho con la derecha\u201d. \u201cLa elecci\u00f3n presidencial\u2026","rel":"","context":"En \u00abPol\u00edtica\u00bb","block_context":{"text":"Pol\u00edtica","link":"http:\/\/www.24baires.com\/?cat=51"},"img":{"alt_text":"anibal conferencia","src":"https:\/\/i0.wp.com\/www.24baires.com\/wp-content\/uploads\/2015\/04\/anibal-conferencia.jpg?resize=350%2C200","width":350,"height":200,"srcset":"https:\/\/i0.wp.com\/www.24baires.com\/wp-content\/uploads\/2015\/04\/anibal-conferencia.jpg?resize=350%2C200 1x, https:\/\/i0.wp.com\/www.24baires.com\/wp-content\/uploads\/2015\/04\/anibal-conferencia.jpg?resize=525%2C300 1.5x"},"classes":[]},{"id":100900,"url":"http:\/\/www.24baires.com\/?p=100900","url_meta":{"origin":62546,"position":5},"title":"\u00abEl Poder Judicial debe escuchar los reclamos de nuestro pueblo\u00bb","author":"AF","date":"06\/03\/2018","format":false,"excerpt":"El titular de la Corte Suprema de Justicia, Ricardo Lorenzetti, reclam\u00f3 en la apertura del a\u00f1o judicial pol\u00edticas de Estado para poder trasladar al resto de los poderes judiciales las transformaciones alcanzadas dentro de la Corte. En la apertura del a\u00f1o judicial, el presidente de la Corte Suprema de Justicia\u2026","rel":"","context":"En \u00abSociedad\u00bb","block_context":{"text":"Sociedad","link":"http:\/\/www.24baires.com\/?cat=1"},"img":{"alt_text":"","src":"https:\/\/i0.wp.com\/www.24baires.com\/wp-content\/uploads\/2015\/03\/lorenzetti2.jpg?resize=350%2C200","width":350,"height":200,"srcset":"https:\/\/i0.wp.com\/www.24baires.com\/wp-content\/uploads\/2015\/03\/lorenzetti2.jpg?resize=350%2C200 1x, https:\/\/i0.wp.com\/www.24baires.com\/wp-content\/uploads\/2015\/03\/lorenzetti2.jpg?resize=525%2C300 1.5x"},"classes":[]}],"jetpack_sharing_enabled":true,"jetpack_likes_enabled":true,"jetpack_featured_media_url":"","_links":{"self":[{"href":"http:\/\/www.24baires.com\/index.php?rest_route=\/wp\/v2\/posts\/62546","targetHints":{"allow":["GET"]}}],"collection":[{"href":"http:\/\/www.24baires.com\/index.php?rest_route=\/wp\/v2\/posts"}],"about":[{"href":"http:\/\/www.24baires.com\/index.php?rest_route=\/wp\/v2\/types\/post"}],"author":[{"embeddable":true,"href":"http:\/\/www.24baires.com\/index.php?rest_route=\/wp\/v2\/users\/4"}],"replies":[{"embeddable":true,"href":"http:\/\/www.24baires.com\/index.php?rest_route=%2Fwp%2Fv2%2Fcomments&post=62546"}],"version-history":[{"count":2,"href":"http:\/\/www.24baires.com\/index.php?rest_route=\/wp\/v2\/posts\/62546\/revisions"}],"predecessor-version":[{"id":62548,"href":"http:\/\/www.24baires.com\/index.php?rest_route=\/wp\/v2\/posts\/62546\/revisions\/62548"}],"wp:attachment":[{"href":"http:\/\/www.24baires.com\/index.php?rest_route=%2Fwp%2Fv2%2Fmedia&parent=62546"}],"wp:term":[{"taxonomy":"category","embeddable":true,"href":"http:\/\/www.24baires.com\/index.php?rest_route=%2Fwp%2Fv2%2Fcategories&post=62546"},{"taxonomy":"post_tag","embeddable":true,"href":"http:\/\/www.24baires.com\/index.php?rest_route=%2Fwp%2Fv2%2Ftags&post=62546"}],"curies":[{"name":"wp","href":"https:\/\/api.w.org\/{rel}","templated":true}]}}