{"id":62532,"date":"2015-03-02T20:09:33","date_gmt":"2015-03-02T23:09:33","guid":{"rendered":"http:\/\/www.24baires.com\/?p=62532"},"modified":"2015-03-02T20:09:33","modified_gmt":"2015-03-02T23:09:33","slug":"unen-arde-por-las-nuevas-escuchas","status":"publish","type":"post","link":"http:\/\/www.24baires.com\/?p=62532","title":{"rendered":"Unen arde por las nuevas escuchas"},"content":{"rendered":"<p><img data-recalc-dims=\"1\" loading=\"lazy\" decoding=\"async\" class=\"aligncenter size-full wp-image-44505\" src=\"https:\/\/i0.wp.com\/www.24baires.com\/wp-content\/uploads\/2014\/04\/UNEN-2.jpg?resize=560%2C372\" alt=\"UNEN 2\" width=\"560\" height=\"372\" srcset=\"https:\/\/i0.wp.com\/www.24baires.com\/wp-content\/uploads\/2014\/04\/UNEN-2.jpg?w=560 560w, https:\/\/i0.wp.com\/www.24baires.com\/wp-content\/uploads\/2014\/04\/UNEN-2.jpg?resize=300%2C199 300w\" sizes=\"auto, (max-width: 560px) 100vw, 560px\" \/>La Coalici\u00f3n C\u00edvica ARI cruz\u00f3 al legislador porte\u00f1o Gustavo Vera, que qued\u00f3 involucrado en escuchas telef\u00f3nicas por el atentado a la Amia.<!--more--><\/p>\n<p>Gustavo Vera, legislador porte\u00f1o electo por el frente Unen, y que luego se separ\u00f3 para formar el bloque Del Bien Com\u00fan, qued\u00f3 involucrado en escuchas telef\u00f3nicas de la investigaci\u00f3n por el atentado a la Amia que llevaba adelante el fallecido fiscal Alberto Nisman.<\/p>\n<p>Sin embargo, el legislador porte\u00f1o afirm\u00f3 en su cuenta de Twitter que se trata de una falsificaci\u00f3n, y sostuvo que en la escucha \u201cdice que habla Esteche y es Alejandro Salomon, ex militante del ARI. Truch\u00edsimo\u201d.<\/p>\n<p>\u201cMe llama la atenci\u00f3n que Lanata publique una escucha donde dice que habla Esteche y en realidad es Alejandro Salom\u00f3n, ex militante del ARI\u201d, afirm\u00f3 Vera.<\/p>\n<p>Ante ello, la Coalici\u00f3n C\u00edvica ARI sali\u00f3 a despegarse afirmando que ni el partido \u201cni Elisa Carri\u00f3 conocen a la persona mencionada por Gustavo Vera como su interlocutor durante un di\u00e1logo dado a conocer esta ma\u00f1ana por Radio Mitre\u201d.<\/p>\n<p>\u201cLa CC ARI confirma que el sujeto mencionado por Vera no figura como afiliado a nuestro partido. Tampoco tenemos v\u00ednculo alguno con agentes de inteligencia como se han empecinado en afirmar maliciosamente, Gustavo Vera y Pino Solanas\u201d, respondieron desde el partido de Carri\u00f3.<\/p>\n<p>A su vez, el bloque pol\u00edtico afirm\u00f3 que \u201cs\u00ed estamos en conocimiento de que Vera fue mencionado en una escucha y que \u00e9l dice saber qui\u00e9n es la persona que mantiene ese di\u00e1logo con Khalil\u201d, por lo que sostuvo que \u201ces Vera quien debe explicar su vinculaci\u00f3n con este se\u00f1or Salom\u00f3n, as\u00ed como con Khalil, Esteche y Bogado, y tambi\u00e9n de donde obtiene informaci\u00f3n para difamar a otros dirigentes pol\u00edticos\u201d.<\/p>\n<p>\u201cLas conductas difamatorias de Gustavo Vera y sus v\u00ednculos con agentes de inteligencia son un problema del Papa Francisco y la Santa Sede, no de la Coalici\u00f3n C\u00edvica ni de Elisa Carri\u00f3\u201d, concluye duramente el comunicado en referencia a la amistad de Vera con Francisco.<\/p>\n<p>&nbsp;<\/p>\n<p>&nbsp;<\/p>\n<p>&nbsp;<\/p>\n<p>&nbsp;<\/p>\n","protected":false},"excerpt":{"rendered":"<p>La Coalici\u00f3n C\u00edvica ARI cruz\u00f3 al legislador porte\u00f1o Gustavo Vera, que qued\u00f3 involucrado en escuchas telef\u00f3nicas por el atentado a la Amia.<\/p>\n","protected":false},"author":11,"featured_media":0,"comment_status":"open","ping_status":"open","sticky":false,"template":"","format":"standard","meta":{"_jetpack_newsletter_access":"","_jetpack_dont_email_post_to_subs":false,"_jetpack_newsletter_tier_id":0,"_jetpack_memberships_contains_paywalled_content":false,"_jetpack_memberships_contains_paid_content":false,"footnotes":""},"categories":[51],"tags":[],"class_list":["post-62532","post","type-post","status-publish","format-standard","hentry","category-politica"],"jetpack_shortlink":"https:\/\/wp.me\/p2JWE0-ggA","jetpack-related-posts":[{"id":65796,"url":"http:\/\/www.24baires.com\/?p=65796","url_meta":{"origin":62532,"position":0},"title":"Casaci\u00f3n archiv\u00f3 la denuncia de Nisman","author":"GB","date":"12\/05\/2015","format":false,"excerpt":"En un fallo por unanimidad, los camaristas Ana Mar\u00eda Figueroa, Luis Mar\u00eda Cabral y Gustavo Hornos fundaron su decisi\u00f3n en que la apelaci\u00f3n hab\u00eda sido desistida por el fiscal Javier De Luca, en sinton\u00eda con el fallo del juez Daniel Rafecas por inexistencia de delito. La denuncia del fallecido fiscal\u2026","rel":"","context":"En \u00abPol\u00edtica\u00bb","block_context":{"text":"Pol\u00edtica","link":"http:\/\/www.24baires.com\/?cat=51"},"img":{"alt_text":"nisman-1","src":"https:\/\/i0.wp.com\/www.24baires.com\/wp-content\/uploads\/2015\/01\/nisman-1.jpg?resize=350%2C200","width":350,"height":200,"srcset":"https:\/\/i0.wp.com\/www.24baires.com\/wp-content\/uploads\/2015\/01\/nisman-1.jpg?resize=350%2C200 1x, https:\/\/i0.wp.com\/www.24baires.com\/wp-content\/uploads\/2015\/01\/nisman-1.jpg?resize=525%2C300 1.5x"},"classes":[]},{"id":6047,"url":"http:\/\/www.24baires.com\/?p=6047","url_meta":{"origin":62532,"position":1},"title":"\u201cNos cuesta mucho saber cuando Lilita dice la verdad\u201d lanzan desde la CC-ARI bonaerense","author":"Grupo Sierra","date":"19\/11\/2012","format":false,"excerpt":"El diputado Walter Martello, presidente de la CC-ARI bonaerense, que representa al sector mayoritario de la provincia de Buenos Aires que no particip\u00f3 del c\u00f3nclave para renovar autoridades partidarias a nivel nacional en un comunicado asegur\u00f3 que \u201cCarri\u00f3 va a contramano del rumbo que venimos tomando para ser una fuerza\u2026","rel":"","context":"En \u00abPol\u00edtica\u00bb","block_context":{"text":"Pol\u00edtica","link":"http:\/\/www.24baires.com\/?cat=51"},"img":{"alt_text":"","src":"https:\/\/i0.wp.com\/www.24baires.com\/wp-content\/uploads\/2012\/11\/martello-acto.jpg?resize=350%2C200","width":350,"height":200,"srcset":"https:\/\/i0.wp.com\/www.24baires.com\/wp-content\/uploads\/2012\/11\/martello-acto.jpg?resize=350%2C200 1x, https:\/\/i0.wp.com\/www.24baires.com\/wp-content\/uploads\/2012\/11\/martello-acto.jpg?resize=525%2C300 1.5x"},"classes":[]},{"id":3482,"url":"http:\/\/www.24baires.com\/?p=3482","url_meta":{"origin":62532,"position":2},"title":"Martello asumi\u00f3 la presidencia de la Coalici\u00f3n C\u00edvica-ARI","author":"AF","date":"27\/10\/2012","format":false,"excerpt":"En el marco de una jornada que congreg\u00f3 a militantes, dirigentes, afiliados y referentes del Gen, FAP, UCR, Proyecto Sur y Libres del Sur, la nueva conducci\u00f3n de la Coalici\u00f3n C\u00edvica- ARI de la provincia de Buenos Aires destac\u00f3 la necesidad de recuperar sentidos, propiciar di\u00e1logos con expresiones pol\u00edticas afines\u2026","rel":"","context":"En \u00abPol\u00edtica\u00bb","block_context":{"text":"Pol\u00edtica","link":"http:\/\/www.24baires.com\/?cat=51"},"img":{"alt_text":"","src":"https:\/\/i0.wp.com\/www.24baires.com\/wp-content\/uploads\/2012\/10\/martello-cc-300x227.jpg?resize=350%2C200","width":350,"height":200},"classes":[]},{"id":25782,"url":"http:\/\/www.24baires.com\/?p=25782","url_meta":{"origin":62532,"position":3},"title":"La UCR, GEN, Socialismo y Coalici\u00f3n C\u00edvica sellaron frente en la Provincia sobre la hora","author":"Grupo Sierra","date":"12\/06\/2013","format":false,"excerpt":"El Frente Progresista C\u00edvico y Social (FPCyS), que incluye a la UCR, el GEN, el socialismo, Libres del Sur y a la Coalici\u00f3n C\u00edvica-ARI (CC), fue inscripto anoche en la provincia de Buenos Aires, minutos antes del cierre del plazo para presentar alianzas, de cara a las primarias de agosto.\u2026","rel":"","context":"En \u00abPol\u00edtica\u00bb","block_context":{"text":"Pol\u00edtica","link":"http:\/\/www.24baires.com\/?cat=51"},"img":{"alt_text":"","src":"","width":0,"height":0},"classes":[]},{"id":41368,"url":"http:\/\/www.24baires.com\/?p=41368","url_meta":{"origin":62532,"position":4},"title":"Desde la Quebrada de Humahuaca, Carri\u00f3 critic\u00f3 a oficialismo y oposici\u00f3n por Twitter","author":"Grupo Sierra","date":"01\/03\/2014","format":false,"excerpt":"Ausente en el inicio de las sesiones ordinarias del Congreso Nacional, la diputada critic\u00f3 a la Presidenta por Twitter y subi\u00f3 una foto en la que se la ve todav\u00eda de vacaciones en el norte argentino. Tras el frustrado boicot al que hab\u00eda convocado junto con el senador Fernando `Pino`\u2026","rel":"","context":"En \u00abPol\u00edtica\u00bb","block_context":{"text":"Pol\u00edtica","link":"http:\/\/www.24baires.com\/?cat=51"},"img":{"alt_text":"","src":"","width":0,"height":0},"classes":[]},{"id":63148,"url":"http:\/\/www.24baires.com\/?p=63148","url_meta":{"origin":62532,"position":5},"title":"Convenci\u00f3n de la UCR: Sanz vencer\u00eda a Cobos","author":"AF","date":"14\/03\/2015","format":false,"excerpt":"El titular del comit\u00e9 nacional de la UCR, Ernesto Sanz, logr\u00f3 imponer sus posturas por sobre las del diputado nacional Julio Cobos en las primeras votaciones que se desarrollaron en la convenci\u00f3n nacional partidaria, por lo que les permiti\u00f3 a ambos dirigentes medir el nivel de fuerzas con el que\u2026","rel":"","context":"En \u00abPol\u00edtica\u00bb","block_context":{"text":"Pol\u00edtica","link":"http:\/\/www.24baires.com\/?cat=51"},"img":{"alt_text":"convenci\u00f3n radical","src":"https:\/\/i0.wp.com\/www.24baires.com\/wp-content\/uploads\/2015\/03\/convenci%C3%B3n-radical.jpg?resize=350%2C200","width":350,"height":200},"classes":[]}],"jetpack_sharing_enabled":true,"jetpack_likes_enabled":true,"jetpack_featured_media_url":"","_links":{"self":[{"href":"http:\/\/www.24baires.com\/index.php?rest_route=\/wp\/v2\/posts\/62532","targetHints":{"allow":["GET"]}}],"collection":[{"href":"http:\/\/www.24baires.com\/index.php?rest_route=\/wp\/v2\/posts"}],"about":[{"href":"http:\/\/www.24baires.com\/index.php?rest_route=\/wp\/v2\/types\/post"}],"author":[{"embeddable":true,"href":"http:\/\/www.24baires.com\/index.php?rest_route=\/wp\/v2\/users\/11"}],"replies":[{"embeddable":true,"href":"http:\/\/www.24baires.com\/index.php?rest_route=%2Fwp%2Fv2%2Fcomments&post=62532"}],"version-history":[{"count":1,"href":"http:\/\/www.24baires.com\/index.php?rest_route=\/wp\/v2\/posts\/62532\/revisions"}],"predecessor-version":[{"id":62533,"href":"http:\/\/www.24baires.com\/index.php?rest_route=\/wp\/v2\/posts\/62532\/revisions\/62533"}],"wp:attachment":[{"href":"http:\/\/www.24baires.com\/index.php?rest_route=%2Fwp%2Fv2%2Fmedia&parent=62532"}],"wp:term":[{"taxonomy":"category","embeddable":true,"href":"http:\/\/www.24baires.com\/index.php?rest_route=%2Fwp%2Fv2%2Fcategories&post=62532"},{"taxonomy":"post_tag","embeddable":true,"href":"http:\/\/www.24baires.com\/index.php?rest_route=%2Fwp%2Fv2%2Ftags&post=62532"}],"curies":[{"name":"wp","href":"https:\/\/api.w.org\/{rel}","templated":true}]}}