{"id":62514,"date":"2015-03-02T16:00:38","date_gmt":"2015-03-02T19:00:38","guid":{"rendered":"http:\/\/www.24baires.com\/?p=62514"},"modified":"2015-03-02T15:48:42","modified_gmt":"2015-03-02T18:48:42","slug":"la-presidenta-se-reunira-con-axel-kicillof-y-anibal-fernandez","status":"publish","type":"post","link":"http:\/\/www.24baires.com\/?p=62514","title":{"rendered":"La Presidenta se reunir\u00e1 con Axel Kicillof y An\u00edbal Fern\u00e1ndez"},"content":{"rendered":"<p><img data-recalc-dims=\"1\" loading=\"lazy\" decoding=\"async\" class=\"aligncenter size-full wp-image-33179\" src=\"https:\/\/i0.wp.com\/www.24baires.com\/wp-content\/uploads\/2013\/10\/operacion-cristina.jpg?resize=560%2C373\" alt=\"operacion cristina\" width=\"560\" height=\"373\" srcset=\"https:\/\/i0.wp.com\/www.24baires.com\/wp-content\/uploads\/2013\/10\/operacion-cristina.jpg?w=560 560w, https:\/\/i0.wp.com\/www.24baires.com\/wp-content\/uploads\/2013\/10\/operacion-cristina.jpg?resize=300%2C199 300w\" sizes=\"auto, (max-width: 560px) 100vw, 560px\" \/>La Presidenta repasar\u00e1 con el titular del Palacio de Hacienda y el Jefe de Gabinete diversos aspectos de la agenda. Ayer, la jefa de Estado inaugur\u00f3 las sesiones ordinarias en el Congreso, donde anunci\u00f3 cuatro proyectos de ley clave.<!--more--><\/p>\n<p>La presidenta Cristina Fern\u00e1ndez de Kirchner recibir\u00e1 esta tarde en la residencia de Olivos al ministro de Econom\u00eda, Axel Kicillof, y al Jefe de Gabinete, An\u00edbal Fern\u00e1ndez, se inform\u00f3 oficialmente.<\/p>\n<p>Cristina se reunir\u00e1 en primer t\u00e9rmino con Kicillof, para analizar temas de la agenda econ\u00f3mica, y luego dialogar\u00e1 con el Jefe de Gabinete, An\u00edbal Fern\u00e1ndez, para repasar la agenda de Gobierno.<\/p>\n<p>&nbsp;<\/p>\n<p>&nbsp;<\/p>\n","protected":false},"excerpt":{"rendered":"<p>La Presidenta repasar\u00e1 con el titular del Palacio de Hacienda y el Jefe de Gabinete diversos aspectos de la agenda. Ayer, la jefa de Estado inaugur\u00f3 las sesiones ordinarias en el Congreso, donde anunci\u00f3 cuatro proyectos de ley clave.<\/p>\n","protected":false},"author":8,"featured_media":0,"comment_status":"open","ping_status":"open","sticky":false,"template":"","format":"standard","meta":{"_jetpack_newsletter_access":"","_jetpack_dont_email_post_to_subs":false,"_jetpack_newsletter_tier_id":0,"_jetpack_memberships_contains_paywalled_content":false,"_jetpack_memberships_contains_paid_content":false,"footnotes":""},"categories":[51],"tags":[],"class_list":["post-62514","post","type-post","status-publish","format-standard","hentry","category-politica"],"jetpack_shortlink":"https:\/\/wp.me\/p2JWE0-ggi","jetpack-related-posts":[{"id":59285,"url":"http:\/\/www.24baires.com\/?p=59285","url_meta":{"origin":62514,"position":0},"title":"Cristina recibe a funcionarios en Olivos","author":"GB","date":"29\/12\/2014","format":false,"excerpt":"La presidenta Cristina Fern\u00e1ndez de Kirchner desarrolla hoy su actividad oficial en su gabinete de trabajo de la residencia de Olivos, informaron fuentes oficiales. La jefa de Estado, quien sufri\u00f3 una fractura del tobillo izquierdo, recibir\u00e1 esta tarde al jefe de Gabinete, Jorge Capitanich. Poco despu\u00e9s, en forma separada, ingresar\u00e1n\u2026","rel":"","context":"En \u00abPol\u00edtica\u00bb","block_context":{"text":"Pol\u00edtica","link":"http:\/\/www.24baires.com\/?cat=51"},"img":{"alt_text":"cristina","src":"https:\/\/i0.wp.com\/www.24baires.com\/wp-content\/uploads\/2014\/09\/cristina3.jpg?resize=350%2C200","width":350,"height":200,"srcset":"https:\/\/i0.wp.com\/www.24baires.com\/wp-content\/uploads\/2014\/09\/cristina3.jpg?resize=350%2C200 1x, https:\/\/i0.wp.com\/www.24baires.com\/wp-content\/uploads\/2014\/09\/cristina3.jpg?resize=525%2C300 1.5x"},"classes":[]},{"id":63710,"url":"http:\/\/www.24baires.com\/?p=63710","url_meta":{"origin":62514,"position":1},"title":"Kicillof: \u00abS\u00f3lo entre el 10 y el 15 % de los trabajadores de UTA pagan ganancias\u00bb","author":"AF","date":"30\/03\/2015","format":false,"excerpt":"El Ministro de Econom\u00eda, Axel Kicillof. se manifest\u00f3 as\u00ed en la conferencia de prensa que, junto a An\u00edbal Fern\u00e1ndez, brindaron para informar sobre el encuentro con los representantes de distintas c\u00e1maras de empresarios del transporte de todo el pa\u00eds. El jefe de Gabinete, An\u00edbal Fern\u00e1ndez, afirm\u00f3 este mediod\u00eda que \"estamos\u2026","rel":"","context":"En \u00abSociedad\u00bb","block_context":{"text":"Sociedad","link":"http:\/\/www.24baires.com\/?cat=1"},"img":{"alt_text":"","src":"https:\/\/i0.wp.com\/www.24baires.com\/wp-content\/uploads\/2015\/03\/kicillof-anibal.jpg?resize=350%2C200","width":350,"height":200,"srcset":"https:\/\/i0.wp.com\/www.24baires.com\/wp-content\/uploads\/2015\/03\/kicillof-anibal.jpg?resize=350%2C200 1x, https:\/\/i0.wp.com\/www.24baires.com\/wp-content\/uploads\/2015\/03\/kicillof-anibal.jpg?resize=525%2C300 1.5x"},"classes":[]},{"id":59633,"url":"http:\/\/www.24baires.com\/?p=59633","url_meta":{"origin":62514,"position":2},"title":"Cristina se reunir\u00e1 hoy con Axel Kicillof","author":"AF","date":"06\/01\/2015","format":false,"excerpt":"Cristina mantendr\u00e1 un encuentro con Axel Kicillof. La jefa de Estado retom\u00f3 su actividad oficial ayer en la residencia de Olivos, tras pasar los dos \u00faltimos d\u00edas de 2014 y el primer fin de semana del a\u00f1o junto a su familia en la provincia de Santa Cruz. La presidenta Cristina\u2026","rel":"","context":"En \u00abEconom\u00eda\u00bb","block_context":{"text":"Econom\u00eda","link":"http:\/\/www.24baires.com\/?cat=45"},"img":{"alt_text":"cristina kicillof","src":"https:\/\/i0.wp.com\/www.24baires.com\/wp-content\/uploads\/2014\/08\/cristina-kicillof.jpg?resize=350%2C200","width":350,"height":200,"srcset":"https:\/\/i0.wp.com\/www.24baires.com\/wp-content\/uploads\/2014\/08\/cristina-kicillof.jpg?resize=350%2C200 1x, https:\/\/i0.wp.com\/www.24baires.com\/wp-content\/uploads\/2014\/08\/cristina-kicillof.jpg?resize=525%2C300 1.5x"},"classes":[]},{"id":45558,"url":"http:\/\/www.24baires.com\/?p=45558","url_meta":{"origin":62514,"position":3},"title":"Cristina recibir\u00e1 a Capitanich y Kicillof en Olivos","author":"GB","date":"08\/05\/2014","format":false,"excerpt":"Cristina Fern\u00e1ndez de Kirchner recibir\u00e1 al jefe de Gabinete y al ministro de Econom\u00eda por separado en su despacho de la residencia presidencial. La presidenta Cristina Fern\u00e1ndez de Kirchner recibir\u00e1 hoy, en forma separada, al Jefe de Gabinete, Jorge Capitanich, y al ministro de Econom\u00eda, Axel Kicillof. La Presidenta desarrollar\u00e1\u2026","rel":"","context":"En \u00abPol\u00edtica\u00bb","block_context":{"text":"Pol\u00edtica","link":"http:\/\/www.24baires.com\/?cat=51"},"img":{"alt_text":"cristina en tecno","src":"https:\/\/i0.wp.com\/www.24baires.com\/wp-content\/uploads\/2014\/04\/cristina-en-tecno.jpg?resize=350%2C200","width":350,"height":200,"srcset":"https:\/\/i0.wp.com\/www.24baires.com\/wp-content\/uploads\/2014\/04\/cristina-en-tecno.jpg?resize=350%2C200 1x, https:\/\/i0.wp.com\/www.24baires.com\/wp-content\/uploads\/2014\/04\/cristina-en-tecno.jpg?resize=525%2C300 1.5x"},"classes":[]},{"id":35756,"url":"http:\/\/www.24baires.com\/?p=35756","url_meta":{"origin":62514,"position":4},"title":"Cristina recibe a directivos de petroqu\u00edmica alemana y a funcionarios nacionales","author":"AF","date":"26\/11\/2013","format":false,"excerpt":"La presidenta Cristina Fern\u00e1ndez de Kirchner recibir\u00e1 esta tarde en la residencia de Olivos a los directivos de BASF, la petroqu\u00edmica alemana m\u00e1s grande del mundo, que son los due\u00f1os de Wintershall, la empresa que se asoci\u00f3 con la de gas neuquino para explotar Vaca Muerta, y a funcionarios nacionales.\u2026","rel":"","context":"En \u00abLocales\u00bb","block_context":{"text":"Locales","link":"http:\/\/www.24baires.com\/?cat=38"},"img":{"alt_text":"cristina samsung","src":"https:\/\/i0.wp.com\/www.24baires.com\/wp-content\/uploads\/2013\/07\/cristina-samsung.jpg?resize=350%2C200","width":350,"height":200,"srcset":"https:\/\/i0.wp.com\/www.24baires.com\/wp-content\/uploads\/2013\/07\/cristina-samsung.jpg?resize=350%2C200 1x, https:\/\/i0.wp.com\/www.24baires.com\/wp-content\/uploads\/2013\/07\/cristina-samsung.jpg?resize=525%2C300 1.5x"},"classes":[]},{"id":118028,"url":"http:\/\/www.24baires.com\/?p=118028","url_meta":{"origin":62514,"position":5},"title":"Kicillof tom\u00f3 juramento a los ministros y los invit\u00f3 a ser \u00abun gabinete militante\u00bb","author":"AF","date":"21\/09\/2021","format":false,"excerpt":"El acto se realiz\u00f3 en el Teatro Metro de La Plata. Mart\u00edn Insaurralde jur\u00f3 como jefe de Gabinete; Carlos Bianco, ser\u00e1 jefe de asesores; Cristina \u00c1lvarez Rodr\u00edguez, ministra de Gobierno y Leonardo Nardini, ministro de Instraestructura. El gobernador de la provincia de Buenos Aires, Axel Kicillof, tom\u00f3 juramento a Mart\u00edn\u2026","rel":"","context":"En \u00abProvincia\u00bb","block_context":{"text":"Provincia","link":"http:\/\/www.24baires.com\/?cat=40"},"img":{"alt_text":"","src":"https:\/\/i0.wp.com\/www.24baires.com\/wp-content\/uploads\/2021\/09\/614a414bedf3d.09.2021-565_1004x565.jpg?resize=350%2C200","width":350,"height":200,"srcset":"https:\/\/i0.wp.com\/www.24baires.com\/wp-content\/uploads\/2021\/09\/614a414bedf3d.09.2021-565_1004x565.jpg?resize=350%2C200 1x, https:\/\/i0.wp.com\/www.24baires.com\/wp-content\/uploads\/2021\/09\/614a414bedf3d.09.2021-565_1004x565.jpg?resize=525%2C300 1.5x"},"classes":[]}],"jetpack_sharing_enabled":true,"jetpack_likes_enabled":true,"jetpack_featured_media_url":"","_links":{"self":[{"href":"http:\/\/www.24baires.com\/index.php?rest_route=\/wp\/v2\/posts\/62514","targetHints":{"allow":["GET"]}}],"collection":[{"href":"http:\/\/www.24baires.com\/index.php?rest_route=\/wp\/v2\/posts"}],"about":[{"href":"http:\/\/www.24baires.com\/index.php?rest_route=\/wp\/v2\/types\/post"}],"author":[{"embeddable":true,"href":"http:\/\/www.24baires.com\/index.php?rest_route=\/wp\/v2\/users\/8"}],"replies":[{"embeddable":true,"href":"http:\/\/www.24baires.com\/index.php?rest_route=%2Fwp%2Fv2%2Fcomments&post=62514"}],"version-history":[{"count":1,"href":"http:\/\/www.24baires.com\/index.php?rest_route=\/wp\/v2\/posts\/62514\/revisions"}],"predecessor-version":[{"id":62515,"href":"http:\/\/www.24baires.com\/index.php?rest_route=\/wp\/v2\/posts\/62514\/revisions\/62515"}],"wp:attachment":[{"href":"http:\/\/www.24baires.com\/index.php?rest_route=%2Fwp%2Fv2%2Fmedia&parent=62514"}],"wp:term":[{"taxonomy":"category","embeddable":true,"href":"http:\/\/www.24baires.com\/index.php?rest_route=%2Fwp%2Fv2%2Fcategories&post=62514"},{"taxonomy":"post_tag","embeddable":true,"href":"http:\/\/www.24baires.com\/index.php?rest_route=%2Fwp%2Fv2%2Ftags&post=62514"}],"curies":[{"name":"wp","href":"https:\/\/api.w.org\/{rel}","templated":true}]}}