{"id":62505,"date":"2015-03-02T14:30:01","date_gmt":"2015-03-02T17:30:01","guid":{"rendered":"http:\/\/www.24baires.com\/?p=62505"},"modified":"2015-03-02T14:18:11","modified_gmt":"2015-03-02T17:18:11","slug":"scioli-quien-me-suceda-recibira-una-provincia-desendeudada","status":"publish","type":"post","link":"http:\/\/www.24baires.com\/?p=62505","title":{"rendered":"Scioli: \u00abQuien me suceda recibir\u00e1 una Provincia desendeudada\u00bb"},"content":{"rendered":"<p><img data-recalc-dims=\"1\" loading=\"lazy\" decoding=\"async\" class=\"aligncenter size-full wp-image-62506\" src=\"https:\/\/i0.wp.com\/www.24baires.com\/wp-content\/uploads\/2015\/03\/scioli-congreso.png?resize=560%2C314\" alt=\"scioli congreso\" width=\"560\" height=\"314\" srcset=\"https:\/\/i0.wp.com\/www.24baires.com\/wp-content\/uploads\/2015\/03\/scioli-congreso.png?w=560 560w, https:\/\/i0.wp.com\/www.24baires.com\/wp-content\/uploads\/2015\/03\/scioli-congreso.png?resize=300%2C168 300w\" sizes=\"auto, (max-width: 560px) 100vw, 560px\" \/>El gobernador de la provincia de Buenos Aires, Daniel Scioli, dej\u00f3 inaugurado este lunes el 143\u00b0 per\u00edodo de sesiones ordinarias de la Legislatura bonaerense con un discurso en el que destac\u00f3 tanto las pol\u00edticas impulsadas por su gobierno como por las promovidas desde el gobierno nacional.<!--more--><\/p>\n<p>\u00abQuien me suceda recibir\u00e1 una provincia desendeudada con equilibrio fiscal, pujante en lo productivo e inclusiva en lo social\u00bb asegur\u00f3 el mandatario provincial en su \u00faltimo mensaje ante la Asamblea Legislativa y advirti\u00f3 que su gesti\u00f3n ha \u00abdemostrado contra todo lo que se dec\u00eda que la provincia es viable dentro de este proyecto nacional\u00bb.<\/p>\n<p>Y aunque luego enumer\u00f3 varias de las pol\u00edticas impulsadas desde su gobierno en las distintas pareas de gesti\u00f3n, Scioli apost\u00f3 por reforzar su identificaci\u00f3n con el kirchnerismo de cara a las elecciones generales de octubre pr\u00f3ximo.<\/p>\n<p>En ese camino advirti\u00f3 que \u00abel verdadero cambio en la provincia y la Argentina no es cambiarlo todo, eso ya fracas\u00f3, es mucho lo que avanzamos, no puede ser que siempre se quiera volver a empezar\u00bb.<\/p>\n<p>Y sigui\u00f3: \u00abSostuvimos las pol\u00edticas p\u00fablicas que comenz\u00f3 N\u00e9stor Kirchner a quien tuve el honor de acompa\u00f1ar y que sigue nuestra presidenta Cristina Kirchner sigue liderando con garra y coraje los cambios que transforman la Argentina d\u00eda a d\u00eda\u00bb.<\/p>\n<p>\u00abLa paz social se vincula con tener un pa\u00eds y una provincia ordenados y siento orgullo de pertenecer a este espacio que acredita un compromiso total con los m\u00e1s humildes a partir de los hechos, con la industria, con la clase media, con el consumo interno y el trabajo argentino\u00bb sigui\u00f3 el precandidato presidencial del kirchnerismo y record\u00f3 que \u00abeste espacio ha sido una m\u00e1quina de generar puestos de trabajo y de recuperar empresas emblem\u00e1ticas como YPF, Aerol\u00edneas Argentinas, Trenes Argentinos y crear otras nuevas como AySA y Ar-Sat\u00bb.<\/p>\n<p>En materia de Derechos Humamos Scioli destac\u00f3 la pol\u00edtica de Memoria, Verdad y Justicia impulsada desde la Casa Rosada a partir de 2003 y marc\u00f3 en este punto una fuerte diferencia, aunque sin nombrarlos, con los dos principales candidatos de la oposici\u00f3n.<\/p>\n<p>\u00abLos Derechos Humanos no son una etapam forman ya una parte de la indentidad de la democracia argentina\u00bb dispar\u00f3 el gobernador y se diferenci\u00f3 as\u00ed del l\u00edder y precandidato presidencial del PRO, Mauricio Macri, y del referente y tambi\u00e9n aspirante a la presidencia por el Frente Renovador, Sergio Massa.<\/p>\n<p>Semanas atr\u00e1s Macri hab\u00eda advertido que hab\u00eda \u00abque terminar con el curro de los derechos humanos\u00bb mientras que al d\u00eda siguiente Massa se pronunci\u00f3 en el mismo sentido advirtiendo que \u00abla Argentina tiene que cerrar la etapa de los Derechos Humanos\u00bb.<\/p>\n<p>&nbsp;<\/p>\n<p>&nbsp;<\/p>\n<p>&nbsp;<\/p>\n<p>&nbsp;<\/p>\n<p>&nbsp;<\/p>\n<p>&nbsp;<\/p>\n<p>&nbsp;<\/p>\n<p>&nbsp;<\/p>\n<p>&nbsp;<\/p>\n<p>&nbsp;<\/p>\n<p>&nbsp;<\/p>\n<p>&nbsp;<\/p>\n<p>&nbsp;<\/p>\n","protected":false},"excerpt":{"rendered":"<p>El gobernador de la provincia de Buenos Aires, Daniel Scioli, dej\u00f3 inaugurado este lunes el 143\u00b0 per\u00edodo de sesiones ordinarias de la Legislatura bonaerense con un discurso en el que destac\u00f3 tanto las pol\u00edticas impulsadas por su gobierno como por las promovidas desde el gobierno nacional.<\/p>\n","protected":false},"author":8,"featured_media":0,"comment_status":"open","ping_status":"open","sticky":false,"template":"","format":"standard","meta":{"_jetpack_newsletter_access":"","_jetpack_dont_email_post_to_subs":false,"_jetpack_newsletter_tier_id":0,"_jetpack_memberships_contains_paywalled_content":false,"_jetpack_memberships_contains_paid_content":false,"footnotes":""},"categories":[51],"tags":[],"class_list":["post-62505","post","type-post","status-publish","format-standard","hentry","category-politica"],"jetpack_shortlink":"https:\/\/wp.me\/p2JWE0-gg9","jetpack-related-posts":[{"id":103352,"url":"http:\/\/www.24baires.com\/?p=103352","url_meta":{"origin":62505,"position":0},"title":"In\u00e9dito: La Provincia no tiene opositores en los \u00f3rganos de contralor del gobierno","author":"Grupo Sierra","date":"15\/07\/2018","format":false,"excerpt":"El nombramiento de Mar\u00eda Fernanda Inza como contadora general de la Provincia, que Mar\u00eda Eugenia Vidal apur\u00f3 la semana que pas\u00f3 a favor de la mayor\u00eda que posee en el Senado y el oportuno apoyo de un representante del massismo, termin\u00f3 de consolidar una situaci\u00f3n con pocos antecedentes: todos los\u2026","rel":"","context":"En \u00abProvincia\u00bb","block_context":{"text":"Provincia","link":"http:\/\/www.24baires.com\/?cat=40"},"img":{"alt_text":"","src":"https:\/\/i0.wp.com\/www.dib.com.ar\/gestion\/images\/blogmanagement\/noticias\/thumb\/5b4b9524cb0ac1531680036.jpg?resize=350%2C200","width":350,"height":200,"srcset":"https:\/\/i0.wp.com\/www.dib.com.ar\/gestion\/images\/blogmanagement\/noticias\/thumb\/5b4b9524cb0ac1531680036.jpg?resize=350%2C200 1x, https:\/\/i0.wp.com\/www.dib.com.ar\/gestion\/images\/blogmanagement\/noticias\/thumb\/5b4b9524cb0ac1531680036.jpg?resize=525%2C300 1.5x"},"classes":[]},{"id":76795,"url":"http:\/\/www.24baires.com\/?p=76795","url_meta":{"origin":62505,"position":1},"title":"Scioli insiste con que la Provincia est\u00e1 \u00abdesendeudada\u00bb","author":"AF","date":"23\/12\/2015","format":false,"excerpt":"El exgobernador bonaerense, Daniel Scioli, asegur\u00f3 hoy que la Provincia y los municipios est\u00e1n \u201cdesendeudados como nunca\u201d, en respuesta a la acusaci\u00f3n de la administraci\u00f3n de Mar\u00eda Eugenia Vidal sobre el estado de las cuentas provinciales. \u201cLos municipios, las provincias y la Naci\u00f3n est\u00e1n desendeudados como nunca\u201d, afirm\u00f3 Daniel Scioli\u2026","rel":"","context":"En \u00abProvincia\u00bb","block_context":{"text":"Provincia","link":"http:\/\/www.24baires.com\/?cat=40"},"img":{"alt_text":"scioli rabolini","src":"https:\/\/i0.wp.com\/www.24baires.com\/wp-content\/uploads\/2015\/10\/scioli-rabolini.jpg?resize=350%2C200","width":350,"height":200,"srcset":"https:\/\/i0.wp.com\/www.24baires.com\/wp-content\/uploads\/2015\/10\/scioli-rabolini.jpg?resize=350%2C200 1x, https:\/\/i0.wp.com\/www.24baires.com\/wp-content\/uploads\/2015\/10\/scioli-rabolini.jpg?resize=525%2C300 1.5x"},"classes":[]},{"id":51166,"url":"http:\/\/www.24baires.com\/?p=51166","url_meta":{"origin":62505,"position":2},"title":"Batakis acus\u00f3 a Macri de \u00abdesconocer la realidad de la provincia\u00bb","author":"Grupo Sierra","date":"04\/08\/2014","format":false,"excerpt":"La ministra de Econom\u00eda bonaerense respondi\u00f3 a las cr\u00edticas expresadas por el jefe de Gobierno porte\u00f1o y afirm\u00f3 que \"muestra un alto grado de desconocimiento sobre la realidad econ\u00f3mica de la Provincia, porque las finanzas est\u00e1n en un sendero de sustentabilidad y solvencia fiscal, alcanzando un super\u00e1vit primario r\u00e9cord en\u2026","rel":"","context":"En \u00abPol\u00edtica\u00bb","block_context":{"text":"Pol\u00edtica","link":"http:\/\/www.24baires.com\/?cat=51"},"img":{"alt_text":"batakis","src":"https:\/\/i0.wp.com\/www.24baires.com\/wp-content\/uploads\/2014\/01\/batakis.jpg?resize=350%2C200","width":350,"height":200,"srcset":"https:\/\/i0.wp.com\/www.24baires.com\/wp-content\/uploads\/2014\/01\/batakis.jpg?resize=350%2C200 1x, https:\/\/i0.wp.com\/www.24baires.com\/wp-content\/uploads\/2014\/01\/batakis.jpg?resize=525%2C300 1.5x"},"classes":[]},{"id":108387,"url":"http:\/\/www.24baires.com\/?p=108387","url_meta":{"origin":62505,"position":3},"title":"Scioli ratific\u00f3 su candidatura presidencial","author":"GB","date":"25\/05\/2019","format":false,"excerpt":"El exgobernador de la Provincia de Buenos Aires particip\u00f3 del Congreso Educativo de Ajedrez que se realiz\u00f3 en la ciudad balnearia y manifest\u00f3 sus deseos de ser el primer mandatario del pa\u00eds despu\u00e9s del 10 de diciembre, sin embargo aclar\u00f3: \u201cVer\u00e9 como peronista en qu\u00e9 lugar puedo hacer mi mayor\u2026","rel":"","context":"En \u00abPol\u00edtica\u00bb","block_context":{"text":"Pol\u00edtica","link":"http:\/\/www.24baires.com\/?cat=51"},"img":{"alt_text":"","src":"https:\/\/i0.wp.com\/www.24baires.com\/wp-content\/uploads\/2019\/05\/scioli-mar-del.jpg?resize=350%2C200","width":350,"height":200,"srcset":"https:\/\/i0.wp.com\/www.24baires.com\/wp-content\/uploads\/2019\/05\/scioli-mar-del.jpg?resize=350%2C200 1x, https:\/\/i0.wp.com\/www.24baires.com\/wp-content\/uploads\/2019\/05\/scioli-mar-del.jpg?resize=525%2C300 1.5x"},"classes":[]},{"id":62145,"url":"http:\/\/www.24baires.com\/?p=62145","url_meta":{"origin":62505,"position":4},"title":"Daniel Scioli: \u00abArgentina es un pa\u00eds desendeudado y reindustrializado\u00bb","author":"GB","date":"23\/02\/2015","format":false,"excerpt":"El gobernador Scioli efectu\u00f3 estas declaraciones tras entregar, en la sede porte\u00f1a del Banco Provincia, subsidios a 40 municipios que se enmarcan en la Ley provincial de Acceso Justo al H\u00e1bitat para el mejoramiento de servicios de infraestructura b\u00e1sicos. El gobernador bonaerense, Daniel Scioli, asegur\u00f3 que est\u00e1n dadas \"inmejorables condiciones\"\u2026","rel":"","context":"En \u00abPol\u00edtica\u00bb","block_context":{"text":"Pol\u00edtica","link":"http:\/\/www.24baires.com\/?cat=51"},"img":{"alt_text":"scioli 1","src":"https:\/\/i0.wp.com\/www.24baires.com\/wp-content\/uploads\/2015\/01\/scioli-1.jpg?resize=350%2C200","width":350,"height":200,"srcset":"https:\/\/i0.wp.com\/www.24baires.com\/wp-content\/uploads\/2015\/01\/scioli-1.jpg?resize=350%2C200 1x, https:\/\/i0.wp.com\/www.24baires.com\/wp-content\/uploads\/2015\/01\/scioli-1.jpg?resize=525%2C300 1.5x"},"classes":[]},{"id":120181,"url":"http:\/\/www.24baires.com\/?p=120181","url_meta":{"origin":62505,"position":5},"title":"El Frente de Todos pasa a llamarse \u00abUni\u00f3n por la Patria\u00bb","author":"AF","date":"14\/06\/2023","format":false,"excerpt":"Los distintos sectores que componen el frente oficialista mantienen reuniones para definir, entre otras cosas, la constituci\u00f3n de su junta partidaria y el reglamento electoral que fijar\u00e1 pisos y porcentajes para la integraci\u00f3n de listas. El Frente de Todos (FdT) se llamar\u00e1 Uni\u00f3n por la Patria (UxP) en las pr\u00f3ximas\u2026","rel":"","context":"En \u00abPol\u00edtica\u00bb","block_context":{"text":"Pol\u00edtica","link":"http:\/\/www.24baires.com\/?cat=51"},"img":{"alt_text":"","src":"https:\/\/i0.wp.com\/www.24baires.com\/wp-content\/uploads\/2023\/06\/cfk-25-5.png?resize=350%2C200","width":350,"height":200,"srcset":"https:\/\/i0.wp.com\/www.24baires.com\/wp-content\/uploads\/2023\/06\/cfk-25-5.png?resize=350%2C200 1x, https:\/\/i0.wp.com\/www.24baires.com\/wp-content\/uploads\/2023\/06\/cfk-25-5.png?resize=525%2C300 1.5x, https:\/\/i0.wp.com\/www.24baires.com\/wp-content\/uploads\/2023\/06\/cfk-25-5.png?resize=700%2C400 2x, https:\/\/i0.wp.com\/www.24baires.com\/wp-content\/uploads\/2023\/06\/cfk-25-5.png?resize=1050%2C600 3x"},"classes":[]}],"jetpack_sharing_enabled":true,"jetpack_likes_enabled":true,"jetpack_featured_media_url":"","_links":{"self":[{"href":"http:\/\/www.24baires.com\/index.php?rest_route=\/wp\/v2\/posts\/62505","targetHints":{"allow":["GET"]}}],"collection":[{"href":"http:\/\/www.24baires.com\/index.php?rest_route=\/wp\/v2\/posts"}],"about":[{"href":"http:\/\/www.24baires.com\/index.php?rest_route=\/wp\/v2\/types\/post"}],"author":[{"embeddable":true,"href":"http:\/\/www.24baires.com\/index.php?rest_route=\/wp\/v2\/users\/8"}],"replies":[{"embeddable":true,"href":"http:\/\/www.24baires.com\/index.php?rest_route=%2Fwp%2Fv2%2Fcomments&post=62505"}],"version-history":[{"count":1,"href":"http:\/\/www.24baires.com\/index.php?rest_route=\/wp\/v2\/posts\/62505\/revisions"}],"predecessor-version":[{"id":62507,"href":"http:\/\/www.24baires.com\/index.php?rest_route=\/wp\/v2\/posts\/62505\/revisions\/62507"}],"wp:attachment":[{"href":"http:\/\/www.24baires.com\/index.php?rest_route=%2Fwp%2Fv2%2Fmedia&parent=62505"}],"wp:term":[{"taxonomy":"category","embeddable":true,"href":"http:\/\/www.24baires.com\/index.php?rest_route=%2Fwp%2Fv2%2Fcategories&post=62505"},{"taxonomy":"post_tag","embeddable":true,"href":"http:\/\/www.24baires.com\/index.php?rest_route=%2Fwp%2Fv2%2Ftags&post=62505"}],"curies":[{"name":"wp","href":"https:\/\/api.w.org\/{rel}","templated":true}]}}