{"id":62501,"date":"2015-03-02T13:40:49","date_gmt":"2015-03-02T16:40:49","guid":{"rendered":"http:\/\/www.24baires.com\/?p=62501"},"modified":"2015-03-03T10:15:15","modified_gmt":"2015-03-03T13:15:15","slug":"el-gobierno-hizo-todo-para-que-la-causa-amia-avance-aseguro-rafecas","status":"publish","type":"post","link":"http:\/\/www.24baires.com\/?p=62501","title":{"rendered":"\u00abEl gobierno hizo todo para que la causa AMIA avance\u00bb, asegur\u00f3 Rafecas"},"content":{"rendered":"<p><img data-recalc-dims=\"1\" loading=\"lazy\" decoding=\"async\" class=\"aligncenter size-full wp-image-62321\" src=\"https:\/\/i0.wp.com\/www.24baires.com\/wp-content\/uploads\/2015\/02\/rafecas.jpg?resize=560%2C373\" alt=\"rafecas\" width=\"560\" height=\"373\" srcset=\"https:\/\/i0.wp.com\/www.24baires.com\/wp-content\/uploads\/2015\/02\/rafecas.jpg?w=560 560w, https:\/\/i0.wp.com\/www.24baires.com\/wp-content\/uploads\/2015\/02\/rafecas.jpg?resize=300%2C200 300w\" sizes=\"auto, (max-width: 560px) 100vw, 560px\" \/>El juez rechaz\u00f3 categ\u00f3ricamente los cuestionamientos a su fallo y dijo que las nuevas escuchas difundidas por algunos medios \u201cno sirven para nada\u201d.<!--more--><\/p>\n<p>El juez federal Daniel Rafecas, afirm\u00f3 hoy que \u00abel gobierno hizo todo para que la causa AMIA avance\u00bb y sostuvo que \u00abno tienen ninguna relevancia\u00bb y \u00abno sirven de nada\u00bb la nuevas escuchas que fueron divulgadas por algunos medios sobre parte de la denuncia que realiz\u00f3 el fiscal Alberto Nisman contra la presidenta Cristina Fern\u00e1ndez de Kircher por encubrimiento y que fue desestimada por el magistrado.<\/p>\n<p>En una entrevista realizada por Infonews, Rafecas explic\u00f3 que \u00abhab\u00eda miles de escuchas. De esas miles de escuchas, la Secretar\u00eda de Inteligencia las mand\u00f3 a la Unidad Fiscal AMIA y la fiscal\u00eda (dirigida por Nisman en ese entonces) elige para la denuncia las que le parecen m\u00e1s relevantes\u00bb.<\/p>\n<p>En ese marco, para Rafecas las nuevas escuchas telef\u00f3nicas que se filtraron en algunos medios \u00abno tienen ninguna relevancia, no sirven de nada\u00bb.<\/p>\n<p>\u00abYo tengo la obligaci\u00f3n de analizar las evidencias que presenta la fiscal\u00eda. Las escuchas que publica ayer (Luis) Majul est\u00e1n en la causa. El resto de las publicadas en otros medios no est\u00e1n en la causa, son de la SIDE\u00bb, precis\u00f3 el magistrado.<\/p>\n<p>Y agreg\u00f3: \u00abYo tengo la obligaci\u00f3n de analizar las evidencias que presenta la fiscal\u00eda. El resto de las escuchas, las cuales no est\u00e1n en la causa y que la fiscal\u00eda no present\u00f3, no tienen ninguna relevancia, no sirven de nada\u00bb.<br \/>\nEn tanto, sobre su decisi\u00f3n de desestimar la denuncia del fallecido Nisman, reimpulsada por fiscal Gerardo Pollicita, el juez se\u00f1al\u00f3 que \u00abel Gobierno hizo todo para que la causa AMIA avance\u00bb.<\/p>\n<p>Reiter\u00f3: \u00abno hay un solo elemento de prueba, siquiera indiciario, que apunte a la actual Jefa de Estado respecto -aunque sea- a una instigaci\u00f3n o preparaci\u00f3n (no punible) del grav\u00edsimo delito de encubrimiento por el cual fuera no s\u00f3lo denunciada sino tambi\u00e9n su declaraci\u00f3n indagatoria requerida\u00bb.<\/p>\n<p>&nbsp;<\/p>\n<p>&nbsp;<\/p>\n<p>&nbsp;<\/p>\n<p>&nbsp;<\/p>\n<p>&nbsp;<\/p>\n<p>&nbsp;<\/p>\n<p>&nbsp;<\/p>\n<p>&nbsp;<\/p>\n<p>&nbsp;<\/p>\n<p>&nbsp;<\/p>\n<p>&nbsp;<\/p>\n<p>&nbsp;<\/p>\n<p>&nbsp;<\/p>\n<p>&nbsp;<\/p>\n","protected":false},"excerpt":{"rendered":"<p>El juez rechaz\u00f3 categ\u00f3ricamente los cuestionamientos a su fallo y dijo que las nuevas escuchas difundidas por algunos medios \u201cno sirven para nada\u201d.<\/p>\n","protected":false},"author":8,"featured_media":0,"comment_status":"open","ping_status":"open","sticky":false,"template":"","format":"standard","meta":{"_jetpack_newsletter_access":"","_jetpack_dont_email_post_to_subs":false,"_jetpack_newsletter_tier_id":0,"_jetpack_memberships_contains_paywalled_content":false,"_jetpack_memberships_contains_paid_content":false,"footnotes":""},"categories":[51],"tags":[],"class_list":["post-62501","post","type-post","status-publish","format-standard","hentry","category-politica"],"jetpack_shortlink":"https:\/\/wp.me\/p2JWE0-gg5","jetpack-related-posts":[{"id":117875,"url":"http:\/\/www.24baires.com\/?p=117875","url_meta":{"origin":62501,"position":0},"title":"Cristina consider\u00f3 \u00abdisparate judicial, institucional y pol\u00edtico\u00bb a la causa del memor\u00e1ndum","author":"AF","date":"16\/07\/2021","format":false,"excerpt":"La vicepresidenta expuso durante la audiencia p\u00fablica, que fue escuchada por m\u00e1s de 20 mil personas a trav\u00e9s de YouTube. \"Se hicieron maniobras persecutorias para perjudicarnos a m\u00ed y mi familia\", asegur\u00f3. El Tribunal Oral Federal 8 debe resolver si declara o no la nulidad del proceso. La vicepresidenta Cristina\u2026","rel":"","context":"En \u00abJUDICIALES\u00bb","block_context":{"text":"JUDICIALES","link":"http:\/\/www.24baires.com\/?cat=68"},"img":{"alt_text":"","src":"https:\/\/i0.wp.com\/www.24baires.com\/wp-content\/uploads\/2021\/07\/cfk.jpg?resize=350%2C200","width":350,"height":200,"srcset":"https:\/\/i0.wp.com\/www.24baires.com\/wp-content\/uploads\/2021\/07\/cfk.jpg?resize=350%2C200 1x, https:\/\/i0.wp.com\/www.24baires.com\/wp-content\/uploads\/2021\/07\/cfk.jpg?resize=525%2C300 1.5x"},"classes":[]},{"id":62388,"url":"http:\/\/www.24baires.com\/?p=62388","url_meta":{"origin":62501,"position":1},"title":"Cristina aval\u00f3 el fallo de Rafecas en las redes","author":"Grupo Sierra","date":"27\/02\/2015","format":false,"excerpt":"La Presidenta public\u00f3 el fallo del juez federal que desestim\u00f3 la denuncia del fallecido fiscal Alberto Nisman por supuesto encubrimiento en la causa AMIA. La presidenta Cristina Fern\u00e1ndez de Kirchner public\u00f3 hoy en su sitio web el fallo del juez federal Daniel Rafecas que desestim\u00f3 la denuncia del fallecido fiscal\u2026","rel":"","context":"En \u00abGeneral\u00bb","block_context":{"text":"General","link":"http:\/\/www.24baires.com\/?cat=67"},"img":{"alt_text":"cristina twitter 2013","src":"https:\/\/i0.wp.com\/www.24baires.com\/wp-content\/uploads\/2013\/09\/cristina-twitter-2013.jpg?resize=350%2C200","width":350,"height":200,"srcset":"https:\/\/i0.wp.com\/www.24baires.com\/wp-content\/uploads\/2013\/09\/cristina-twitter-2013.jpg?resize=350%2C200 1x, https:\/\/i0.wp.com\/www.24baires.com\/wp-content\/uploads\/2013\/09\/cristina-twitter-2013.jpg?resize=525%2C300 1.5x"},"classes":[]},{"id":85412,"url":"http:\/\/www.24baires.com\/?p=85412","url_meta":{"origin":62501,"position":2},"title":"La DAIA pedir\u00e1 la reapertura de la denuncia de Nisman contra Cristina","author":"AF","date":"25\/07\/2016","format":false,"excerpt":"El titular Ariel Cohen Sabban confirm\u00f3 que esa instituci\u00f3n pedir\u00e1 a la Justicia que se \u201cdesarchive y se reabra\u201d la investigaci\u00f3n sobre la denuncia que present\u00f3 antes de morir el fiscal contra la ex presidenta y H\u00e9ctor Timerman, a quienes acus\u00f3 de encubrir a Ir\u00e1n en el atentado a la\u2026","rel":"","context":"En \u00abJUDICIALES\u00bb","block_context":{"text":"JUDICIALES","link":"http:\/\/www.24baires.com\/?cat=68"},"img":{"alt_text":"nisman","src":"https:\/\/i0.wp.com\/www.24baires.com\/wp-content\/uploads\/2015\/07\/nisman.jpg?resize=350%2C200","width":350,"height":200,"srcset":"https:\/\/i0.wp.com\/www.24baires.com\/wp-content\/uploads\/2015\/07\/nisman.jpg?resize=350%2C200 1x, https:\/\/i0.wp.com\/www.24baires.com\/wp-content\/uploads\/2015\/07\/nisman.jpg?resize=525%2C300 1.5x"},"classes":[]},{"id":62320,"url":"http:\/\/www.24baires.com\/?p=62320","url_meta":{"origin":62501,"position":3},"title":"El juez Rafecas desestim\u00f3 la denuncia de Nisman contra la Presidenta","author":"GB","date":"26\/02\/2015","format":false,"excerpt":"El juez federal Daniel Rafecas desestim\u00f3 la denuncia del fiscal Alberto Nisman contra la presidenta Cristina Fern\u00e1ndez de Kirchner por supuesto encubrimiento a los imputados iran\u00edes en la causa AMIA. El juez decidi\u00f3 que no hay elementos necesarios en la denuncia del fallecido titular de la Unidad Especial AMIA, para\u2026","rel":"","context":"En \u00abPol\u00edtica\u00bb","block_context":{"text":"Pol\u00edtica","link":"http:\/\/www.24baires.com\/?cat=51"},"img":{"alt_text":"","src":"https:\/\/i0.wp.com\/www.24baires.com\/wp-content\/uploads\/2015\/02\/rafecas.jpg?resize=350%2C200","width":350,"height":200,"srcset":"https:\/\/i0.wp.com\/www.24baires.com\/wp-content\/uploads\/2015\/02\/rafecas.jpg?resize=350%2C200 1x, https:\/\/i0.wp.com\/www.24baires.com\/wp-content\/uploads\/2015\/02\/rafecas.jpg?resize=525%2C300 1.5x"},"classes":[]},{"id":65796,"url":"http:\/\/www.24baires.com\/?p=65796","url_meta":{"origin":62501,"position":4},"title":"Casaci\u00f3n archiv\u00f3 la denuncia de Nisman","author":"GB","date":"12\/05\/2015","format":false,"excerpt":"En un fallo por unanimidad, los camaristas Ana Mar\u00eda Figueroa, Luis Mar\u00eda Cabral y Gustavo Hornos fundaron su decisi\u00f3n en que la apelaci\u00f3n hab\u00eda sido desistida por el fiscal Javier De Luca, en sinton\u00eda con el fallo del juez Daniel Rafecas por inexistencia de delito. La denuncia del fallecido fiscal\u2026","rel":"","context":"En \u00abPol\u00edtica\u00bb","block_context":{"text":"Pol\u00edtica","link":"http:\/\/www.24baires.com\/?cat=51"},"img":{"alt_text":"nisman-1","src":"https:\/\/i0.wp.com\/www.24baires.com\/wp-content\/uploads\/2015\/01\/nisman-1.jpg?resize=350%2C200","width":350,"height":200,"srcset":"https:\/\/i0.wp.com\/www.24baires.com\/wp-content\/uploads\/2015\/01\/nisman-1.jpg?resize=350%2C200 1x, https:\/\/i0.wp.com\/www.24baires.com\/wp-content\/uploads\/2015\/01\/nisman-1.jpg?resize=525%2C300 1.5x"},"classes":[]},{"id":102494,"url":"http:\/\/www.24baires.com\/?p=102494","url_meta":{"origin":62501,"position":5},"title":"La C\u00e1mara \u00abreflot\u00f3\u00bb la causa Nisman y asegura que se trat\u00f3 de un crimen","author":"AF","date":"01\/06\/2018","format":false,"excerpt":"Confirm\u00f3 que el ex juez Alberto Nisman fue asesinado. Agregaron que el motivo fue su denuncia contra Cristina Kirchner. Adem\u00e1s dejaron firme el procesamiento de Diego Lagomarsino. La C\u00e1mara Federal hizo su aparici\u00f3n en medio de la debacle econ\u00f3mica que enfrenta el gobierno de Mauricio Macri. Entre masivas manifestaciones en\u2026","rel":"","context":"En \u00abJUDICIALES\u00bb","block_context":{"text":"JUDICIALES","link":"http:\/\/www.24baires.com\/?cat=68"},"img":{"alt_text":"","src":"https:\/\/i0.wp.com\/www.24baires.com\/wp-content\/uploads\/2015\/07\/nisman.jpg?resize=350%2C200","width":350,"height":200,"srcset":"https:\/\/i0.wp.com\/www.24baires.com\/wp-content\/uploads\/2015\/07\/nisman.jpg?resize=350%2C200 1x, https:\/\/i0.wp.com\/www.24baires.com\/wp-content\/uploads\/2015\/07\/nisman.jpg?resize=525%2C300 1.5x"},"classes":[]}],"jetpack_sharing_enabled":true,"jetpack_likes_enabled":true,"jetpack_featured_media_url":"","_links":{"self":[{"href":"http:\/\/www.24baires.com\/index.php?rest_route=\/wp\/v2\/posts\/62501","targetHints":{"allow":["GET"]}}],"collection":[{"href":"http:\/\/www.24baires.com\/index.php?rest_route=\/wp\/v2\/posts"}],"about":[{"href":"http:\/\/www.24baires.com\/index.php?rest_route=\/wp\/v2\/types\/post"}],"author":[{"embeddable":true,"href":"http:\/\/www.24baires.com\/index.php?rest_route=\/wp\/v2\/users\/8"}],"replies":[{"embeddable":true,"href":"http:\/\/www.24baires.com\/index.php?rest_route=%2Fwp%2Fv2%2Fcomments&post=62501"}],"version-history":[{"count":1,"href":"http:\/\/www.24baires.com\/index.php?rest_route=\/wp\/v2\/posts\/62501\/revisions"}],"predecessor-version":[{"id":62502,"href":"http:\/\/www.24baires.com\/index.php?rest_route=\/wp\/v2\/posts\/62501\/revisions\/62502"}],"wp:attachment":[{"href":"http:\/\/www.24baires.com\/index.php?rest_route=%2Fwp%2Fv2%2Fmedia&parent=62501"}],"wp:term":[{"taxonomy":"category","embeddable":true,"href":"http:\/\/www.24baires.com\/index.php?rest_route=%2Fwp%2Fv2%2Fcategories&post=62501"},{"taxonomy":"post_tag","embeddable":true,"href":"http:\/\/www.24baires.com\/index.php?rest_route=%2Fwp%2Fv2%2Ftags&post=62501"}],"curies":[{"name":"wp","href":"https:\/\/api.w.org\/{rel}","templated":true}]}}