{"id":62488,"date":"2015-03-02T10:30:17","date_gmt":"2015-03-02T13:30:17","guid":{"rendered":"http:\/\/www.24baires.com\/?p=62488"},"modified":"2015-03-02T10:27:39","modified_gmt":"2015-03-02T13:27:39","slug":"randazzo-sobre-los-trenes-no-vamos-a-indemnizar-absolutamente-a-nadie","status":"publish","type":"post","link":"http:\/\/www.24baires.com\/?p=62488","title":{"rendered":"Randazzo, sobre los trenes: \u00abNo vamos a indemnizar absolutamente a nadie\u00bb"},"content":{"rendered":"<p><img data-recalc-dims=\"1\" loading=\"lazy\" decoding=\"async\" class=\"aligncenter size-full wp-image-50291\" src=\"https:\/\/i0.wp.com\/www.24baires.com\/wp-content\/uploads\/2014\/07\/randazzo-cristina-tren.jpg?resize=560%2C351\" alt=\"randazzo cristina tren\" width=\"560\" height=\"351\" srcset=\"https:\/\/i0.wp.com\/www.24baires.com\/wp-content\/uploads\/2014\/07\/randazzo-cristina-tren.jpg?w=560 560w, https:\/\/i0.wp.com\/www.24baires.com\/wp-content\/uploads\/2014\/07\/randazzo-cristina-tren.jpg?resize=300%2C188 300w\" sizes=\"auto, (max-width: 560px) 100vw, 560px\" \/>Luego de que la presidente Cristina Fern\u00e1ndez anunciara la estatizaci\u00f3n de todos los ferrocarriles en su mensaje en la apertura de sesiones ordinarias, este lunes se public\u00f3 el decreto en el Bolet\u00edn Oficial y seg\u00fan explic\u00f3 el ministro Florencio Randazzo, la rescisi\u00f3n de los contratos comienza a regir hoy mismo y \u00abno vamos a indemnizar absolutamente a nadie\u00bb.<!--more--><\/p>\n<p>\u00abEl Estado ya no le paga m\u00e1s a los privados. Tenemos motivos para rescindir el contrato. El Estado est\u00e1 en condiciones de ser m\u00e1s eficiente que los privados porque lo ha demostrado. No vamos a indemnizar absolutamente a nadie porque no corresponde\u00bb, asegur\u00f3 Randazzo en di\u00e1logo con Luis Novaresio en radio La Red.<\/p>\n<p>La intervenci\u00f3n estatal en los trenes ser\u00e1 enviada al Congreso para que discuta el proyecto. Sin embargo, el gobierno ya instrument\u00f3 la creaci\u00f3n de Ferrocarriles Argentinos, la empresa que administrar\u00e1 todos los ramales, algunos de los cu\u00e1les ya eran operados por el Estado.<\/p>\n<p>De las cuatro l\u00edneas que funcionan en el Conurbano, cuatro ya son administrada por el Estado a trav\u00e9s de operadores privados. Son las l\u00edneas Roca, San Mart\u00edn, Mitre y Belgrano Sur. El Sarmiento es administrado y operado \u00edntegramente por el Ministerio de Transporte al igual que el Tren de la Costa. Las l\u00edneas Belgrano Norte y Urquiza est\u00e1n concesionadas. A partir de ahora, todas quedar\u00e1n bajo la \u00f3rbita del gobierno nacional. La Presidente asegur\u00f3 que esto permitir\u00e1 un ahorro de $415 millones.<\/p>\n<p>&nbsp;<\/p>\n<p>&nbsp;<\/p>\n<p>&nbsp;<\/p>\n<p>&nbsp;<\/p>\n<p>&nbsp;<\/p>\n<p>&nbsp;<\/p>\n<p>&nbsp;<\/p>\n<p>&nbsp;<\/p>\n<p>&nbsp;<\/p>\n<p>&nbsp;<\/p>\n<p>&nbsp;<\/p>\n<p>&nbsp;<\/p>\n<p>&nbsp;<\/p>\n","protected":false},"excerpt":{"rendered":"<p>Luego de que la presidente Cristina Fern\u00e1ndez anunciara la estatizaci\u00f3n de todos los ferrocarriles en su mensaje en la apertura de sesiones ordinarias, este lunes se public\u00f3 el decreto en el Bolet\u00edn Oficial y seg\u00fan explic\u00f3 el ministro Florencio Randazzo, la rescisi\u00f3n de los contratos comienza a regir hoy mismo y \u00abno vamos a indemnizar absolutamente a nadie\u00bb.<\/p>\n","protected":false},"author":4,"featured_media":0,"comment_status":"open","ping_status":"open","sticky":false,"template":"","format":"standard","meta":{"_jetpack_newsletter_access":"","_jetpack_dont_email_post_to_subs":false,"_jetpack_newsletter_tier_id":0,"_jetpack_memberships_contains_paywalled_content":false,"_jetpack_memberships_contains_paid_content":false,"footnotes":""},"categories":[51],"tags":[],"class_list":["post-62488","post","type-post","status-publish","format-standard","hentry","category-politica"],"jetpack_shortlink":"https:\/\/wp.me\/p2JWE0-gfS","jetpack-related-posts":[{"id":112373,"url":"http:\/\/www.24baires.com\/?p=112373","url_meta":{"origin":62488,"position":0},"title":"Fern\u00e1ndez tild\u00f3 al Gobierno de \u201cmalandras\u201d: \u00abAgarran el poder y lo usan para sus negocios\u00bb","author":"AF","date":"04\/10\/2019","format":false,"excerpt":"\u00a0JUN\u00cdN - \"Vamos a cumplir con las obligaciones que nos dejan estos malandras pero antes vamos a cumplir con nuestra gente\", sostuvo el candidato a presidente en su primer acto con Randazzo, a quien consider\u00f3 \"ministeriable\". De gira en la cuarta secci\u00f3n electoral, el candidato a presidente del Frente de\u2026","rel":"","context":"En \u00abPol\u00edtica\u00bb","block_context":{"text":"Pol\u00edtica","link":"http:\/\/www.24baires.com\/?cat=51"},"img":{"alt_text":"","src":"https:\/\/i0.wp.com\/www.24baires.com\/wp-content\/uploads\/2019\/10\/fern%C3%A1ndez-jun%C3%ADn.jpg?resize=350%2C200","width":350,"height":200,"srcset":"https:\/\/i0.wp.com\/www.24baires.com\/wp-content\/uploads\/2019\/10\/fern%C3%A1ndez-jun%C3%ADn.jpg?resize=350%2C200 1x, https:\/\/i0.wp.com\/www.24baires.com\/wp-content\/uploads\/2019\/10\/fern%C3%A1ndez-jun%C3%ADn.jpg?resize=525%2C300 1.5x"},"classes":[]},{"id":25916,"url":"http:\/\/www.24baires.com\/?p=25916","url_meta":{"origin":62488,"position":1},"title":"Randazzo: \u00abVamos a redoblar la apuesta para mejorar el sistema ferroviario\u00bb","author":"AF","date":"14\/06\/2013","format":false,"excerpt":"El ministro de Interior y Transporte, Florencio Randazzo, reiter\u00f3 hoy que el sistema de frenos de los dos trenes del ramal Sarmiento que chocaron cerca de la estaci\u00f3n Castelar -que provoc\u00f3 3 muertos y 300 heridos- es \"de los mejores del mundo\". \"Vamos a redoblar la apuesta. Esto no nos\u2026","rel":"","context":"En \u00abSociedad\u00bb","block_context":{"text":"Sociedad","link":"http:\/\/www.24baires.com\/?cat=1"},"img":{"alt_text":"","src":"","width":0,"height":0},"classes":[]},{"id":28252,"url":"http:\/\/www.24baires.com\/?p=28252","url_meta":{"origin":62488,"position":2},"title":"Randazzo adelant\u00f3 la incorporaci\u00f3n del sistema de frenado autom\u00e1tico en trenes","author":"Grupo Sierra","date":"14\/07\/2013","format":false,"excerpt":"El ministro del Interior y Transporte, Florencio Randazzo anunci\u00f3 la instalaci\u00f3n de un \u201csistema de frenado autom\u00e1tico de los trenes para la l\u00ednea Sarmiento que se iniciar\u00e1 en los pr\u00f3ximos d\u00edas y estar\u00e1 funcionando en siete meses\u201d. Tambi\u00e9n adelant\u00f3 que en una segunda etapa \u201cse incorporar\u00e1 el sistema de frenado\u2026","rel":"","context":"En \u00abGeneral\u00bb","block_context":{"text":"General","link":"http:\/\/www.24baires.com\/?cat=67"},"img":{"alt_text":"randazzo san martin","src":"https:\/\/i0.wp.com\/www.24baires.com\/wp-content\/uploads\/2013\/02\/randazzo-san-martin-300x199.jpg?resize=350%2C200","width":350,"height":200},"classes":[]},{"id":62150,"url":"http:\/\/www.24baires.com\/?p=62150","url_meta":{"origin":62488,"position":3},"title":"Para Randazzo \u00ablos fiscales y jueces tienen que investigar e impartir justicia\u00bb","author":"GB","date":"23\/02\/2015","format":false,"excerpt":"El ministro de Interior y Transporte, Florencio Randazzo, manifest\u00f3 en la ciudad de C\u00f3rdoba que \u201clos fiscales y jueces tienen que investigar e impartir justicia y no marchar para que se aclare\u201d la muerte del fiscal Alberto Nisman y a\u00f1adi\u00f3 que la marcha del 18F fue \u201cutilizada pol\u00edticamente por el\u2026","rel":"","context":"En \u00abPol\u00edtica\u00bb","block_context":{"text":"Pol\u00edtica","link":"http:\/\/www.24baires.com\/?cat=51"},"img":{"alt_text":"randazzo 1","src":"https:\/\/i0.wp.com\/www.24baires.com\/wp-content\/uploads\/2014\/01\/randazzo-1.jpg?resize=350%2C200","width":350,"height":200,"srcset":"https:\/\/i0.wp.com\/www.24baires.com\/wp-content\/uploads\/2014\/01\/randazzo-1.jpg?resize=350%2C200 1x, https:\/\/i0.wp.com\/www.24baires.com\/wp-content\/uploads\/2014\/01\/randazzo-1.jpg?resize=525%2C300 1.5x"},"classes":[]},{"id":47486,"url":"http:\/\/www.24baires.com\/?p=47486","url_meta":{"origin":62488,"position":4},"title":"A partir del 21 de julio comenzar\u00e1n a funcionar las nuevas formaciones del Sarmiento","author":"GB","date":"06\/06\/2014","format":false,"excerpt":"Al menos seis formaciones de los nuevos coches para ese ferrocarril prestar\u00e1n servicio desde esa fecha, asegur\u00f3 el ministro del Interior y Transporte, Florencio Randazzo, luego de supervisar uno de los recorridos de prueba de los nuevos trenes chinos. La primera formaci\u00f3n de nueve coches construidos por la ferroviaria estatal\u2026","rel":"","context":"En \u00abSociedad\u00bb","block_context":{"text":"Sociedad","link":"http:\/\/www.24baires.com\/?cat=1"},"img":{"alt_text":"","src":"https:\/\/i0.wp.com\/www.24baires.com\/wp-content\/uploads\/2014\/06\/randazzo-noteros.jpg?resize=350%2C200","width":350,"height":200},"classes":[]},{"id":27493,"url":"http:\/\/www.24baires.com\/?p=27493","url_meta":{"origin":62488,"position":5},"title":"\u00abSon unos desvergonzados\u00bb lanz\u00f3 Randazzo a La Fraternidad","author":"Grupo Sierra","date":"03\/07\/2013","format":false,"excerpt":"El ministro del Interior y Transporte, Florencio Randazzo, asegur\u00f3 que la medida de fuerza sorpresiva dispuesta por La Fraternidad \u201ces consecuencia de la instalaci\u00f3n de c\u00e1maras en las cabinas de conducci\u00f3n\u201d, ya que \u201cel aguinaldo se paga el cuarto d\u00eda h\u00e1bil del mes\". El ministro del Interior y Transporte, Florencio\u2026","rel":"","context":"En \u00abSociedad\u00bb","block_context":{"text":"Sociedad","link":"http:\/\/www.24baires.com\/?cat=1"},"img":{"alt_text":"","src":"","width":0,"height":0},"classes":[]}],"jetpack_sharing_enabled":true,"jetpack_likes_enabled":true,"jetpack_featured_media_url":"","_links":{"self":[{"href":"http:\/\/www.24baires.com\/index.php?rest_route=\/wp\/v2\/posts\/62488","targetHints":{"allow":["GET"]}}],"collection":[{"href":"http:\/\/www.24baires.com\/index.php?rest_route=\/wp\/v2\/posts"}],"about":[{"href":"http:\/\/www.24baires.com\/index.php?rest_route=\/wp\/v2\/types\/post"}],"author":[{"embeddable":true,"href":"http:\/\/www.24baires.com\/index.php?rest_route=\/wp\/v2\/users\/4"}],"replies":[{"embeddable":true,"href":"http:\/\/www.24baires.com\/index.php?rest_route=%2Fwp%2Fv2%2Fcomments&post=62488"}],"version-history":[{"count":1,"href":"http:\/\/www.24baires.com\/index.php?rest_route=\/wp\/v2\/posts\/62488\/revisions"}],"predecessor-version":[{"id":62489,"href":"http:\/\/www.24baires.com\/index.php?rest_route=\/wp\/v2\/posts\/62488\/revisions\/62489"}],"wp:attachment":[{"href":"http:\/\/www.24baires.com\/index.php?rest_route=%2Fwp%2Fv2%2Fmedia&parent=62488"}],"wp:term":[{"taxonomy":"category","embeddable":true,"href":"http:\/\/www.24baires.com\/index.php?rest_route=%2Fwp%2Fv2%2Fcategories&post=62488"},{"taxonomy":"post_tag","embeddable":true,"href":"http:\/\/www.24baires.com\/index.php?rest_route=%2Fwp%2Fv2%2Ftags&post=62488"}],"curies":[{"name":"wp","href":"https:\/\/api.w.org\/{rel}","templated":true}]}}