{"id":62486,"date":"2015-03-02T10:00:10","date_gmt":"2015-03-02T13:00:10","guid":{"rendered":"http:\/\/www.24baires.com\/?p=62486"},"modified":"2015-03-03T10:15:08","modified_gmt":"2015-03-03T13:15:08","slug":"anibal-cuestionar-el-discurso-de-la-presidenta-por-su-extension-es-de-papanata","status":"publish","type":"post","link":"http:\/\/www.24baires.com\/?p=62486","title":{"rendered":"An\u00edbal: \u00abCuestionar el discurso de la Presidenta por su extensi\u00f3n es de papanata\u00bb"},"content":{"rendered":"<p><img data-recalc-dims=\"1\" loading=\"lazy\" decoding=\"async\" class=\"aligncenter size-full wp-image-10776\" src=\"https:\/\/i0.wp.com\/www.24baires.com\/wp-content\/uploads\/2012\/12\/fern%C3%A1ndez-an%C3%ADbal.jpg?resize=560%2C314\" alt=\"fern\u00e1ndez an\u00edbal\" width=\"560\" height=\"314\" srcset=\"https:\/\/i0.wp.com\/www.24baires.com\/wp-content\/uploads\/2012\/12\/fern%C3%A1ndez-an%C3%ADbal.jpg?w=560 560w, https:\/\/i0.wp.com\/www.24baires.com\/wp-content\/uploads\/2012\/12\/fern%C3%A1ndez-an%C3%ADbal.jpg?resize=300%2C168 300w\" sizes=\"auto, (max-width: 560px) 100vw, 560px\" \/>El jefe de Gabinete ponder\u00f3 esta ma\u00f1ana la calidad del discurso pronunciado ayer por la presidenta Cristina Fern\u00e1ndez de Kirchner ante la Asamblea Legislativa.<!--more--><\/p>\n<p>El jefe de Gabinete, An\u00edbal Fern\u00e1ndez, ponder\u00f3 esta ma\u00f1ana la calidad del discurso pronunciado ayer por la presidenta Cristina Fern\u00e1ndez de Kirchner ante la Asamblea Legislativa, y calific\u00f3 como \u201cpapanatas\u201d a los dirigentes que cuestionaron la extensi\u00f3n que tuvo la alocuci\u00f3n.<\/p>\n<p>\u201cLa Presidenta habl\u00f3 que desea dejarle un pa\u00eds c\u00f3modo al pueblo y no para los dirigentes, que muchas veces quieren lograr cierta estabilidad a costa de la gente\u201d, se\u00f1al\u00f3 Fern\u00e1ndez en su habitual encuentro matutino con la prensa antes de ingresar a Casa de Gobierno.<\/p>\n<p>Asimismo, agreg\u00f3: \u201cAyer escuch\u00e9 a un dirigente que lo \u00fanico que tuvo que decir ante el discurso es que cuando \u00e9l sea presidente hablar\u00e1 nada m\u00e1s que media hora. Me parece que es un papanata\u201d.<\/p>\n<p>De esta forma, el funcionario aludi\u00f3 sin nombrarlo al l\u00edder del Frente Renovador y precandidato presidencial, Sergio Massa, quien ayer asegur\u00f3 que si el a\u00f1o que viene le toca hablar ante la Asamblea Legislativa, lo har\u00e1 por espacio de media hora.<\/p>\n<p>El jefe de ministros afirm\u00f3 que el discurso de la presidenta result\u00f3 \u00abmagn\u00edfico\u00bb, ya que tuvo \u00abconsideraciones muy concretas y toc\u00f3 temas medulares\u00bb.<\/p>\n<p>\u00abHab\u00eda m\u00e1s de 400 mil personas (en las afueras del Congreso). Era una cantidad importante de gente que ten\u00eda vocaci\u00f3n de hacerles conocer a la Presidenta que no est\u00e1 sola, que est\u00e1 tomando decisiones de fondo. Era ese pa\u00eds donde &#8216;un pueblo pretende estar c\u00f3modo a costa de la incomodidad de los dirigentes&#8217;. Es la expresi\u00f3n de que la Presidente utiliz\u00f3 y es estupenda\u00bb, subray\u00f3.<\/p>\n<p>Al ser consultado sobre por qu\u00e9 la mandataria no hab\u00eda hecho referencia a la inseguridad, la inflaci\u00f3n y la pobreza, el funcionario respondi\u00f3: \u00abHabl\u00f3 de muchos temas importantes\u00bb.<\/p>\n","protected":false},"excerpt":{"rendered":"<p>El jefe de Gabinete ponder\u00f3 esta ma\u00f1ana la calidad del discurso pronunciado ayer por la presidenta Cristina Fern\u00e1ndez de Kirchner ante la Asamblea Legislativa.<\/p>\n","protected":false},"author":4,"featured_media":0,"comment_status":"open","ping_status":"open","sticky":false,"template":"","format":"standard","meta":{"_jetpack_newsletter_access":"","_jetpack_dont_email_post_to_subs":false,"_jetpack_newsletter_tier_id":0,"_jetpack_memberships_contains_paywalled_content":false,"_jetpack_memberships_contains_paid_content":false,"footnotes":""},"categories":[51],"tags":[],"class_list":["post-62486","post","type-post","status-publish","format-standard","hentry","category-politica"],"jetpack_shortlink":"https:\/\/wp.me\/p2JWE0-gfQ","jetpack-related-posts":[{"id":113318,"url":"http:\/\/www.24baires.com\/?p=113318","url_meta":{"origin":62486,"position":0},"title":"Alberto y Cristina asumen el mando del pa\u00eds con un festival en Plaza de Mayo","author":"GB","date":"10\/12\/2019","format":false,"excerpt":"Ambos prestar\u00e1n juramento en la Asamblea Legislativa en la que el presidente saliente entregar\u00e1 el poder. Este jueves 10 de diciembre quedar\u00e1 en la historia tras el regreso del peronismo al poder luego de cuatro a\u00f1os de gobierno de Mauricio Macri. El presidente electo, Alberto Fern\u00e1ndez, asumir\u00e1 junto a la\u2026","rel":"","context":"En \u00abPol\u00edtica\u00bb","block_context":{"text":"Pol\u00edtica","link":"http:\/\/www.24baires.com\/?cat=51"},"img":{"alt_text":"","src":"https:\/\/i0.wp.com\/www.24baires.com\/wp-content\/uploads\/2019\/11\/cfk-alberto.jpg?resize=350%2C200","width":350,"height":200,"srcset":"https:\/\/i0.wp.com\/www.24baires.com\/wp-content\/uploads\/2019\/11\/cfk-alberto.jpg?resize=350%2C200 1x, https:\/\/i0.wp.com\/www.24baires.com\/wp-content\/uploads\/2019\/11\/cfk-alberto.jpg?resize=525%2C300 1.5x"},"classes":[]},{"id":68216,"url":"http:\/\/www.24baires.com\/?p=68216","url_meta":{"origin":62486,"position":1},"title":"An\u00edbal Fern\u00e1ndez: \u00abNo hay un dirigente m\u00e1s peronista que yo\u00bb","author":"AF","date":"26\/06\/2015","format":false,"excerpt":"El jefe de Gabinete y precandidato a gobernador bonaerense, An\u00edbal Fern\u00e1ndez, afirm\u00f3 que \"no hay un dirigente m\u00e1s peronista\" que \u00e9l, y destac\u00f3 que levanta \"las banderas del discurso del ex presidente N\u00e9stor Kirchner el 25 de mayo de 2003\". A la vez, el actual jefe de Gabinete se refiri\u00f3\u2026","rel":"","context":"En \u00abPol\u00edtica\u00bb","block_context":{"text":"Pol\u00edtica","link":"http:\/\/www.24baires.com\/?cat=51"},"img":{"alt_text":"","src":"","width":0,"height":0},"classes":[]},{"id":119245,"url":"http:\/\/www.24baires.com\/?p=119245","url_meta":{"origin":62486,"position":2},"title":"Masivo respaldo a la vicepresidenta por el \u00abhostigamiento judicial y medi\u00e1tico\u00bb","author":"AF","date":"22\/08\/2022","format":false,"excerpt":"La vicepresidenta de la naci\u00f3n recibi\u00f3 una contundente muestra de apoyo por parte del Presidente, dirigentes, gobernadores y legisladores del oficialismo, as\u00ed como tambi\u00e9n organizaciones sociales y de trabajadores, quienes denunciaron que la causa por la obra p\u00fablica de Santa Cruz busca \"condicionar pol\u00edticamente\" a la exmandataria. El Presidente, funcionarios\u2026","rel":"","context":"En \u00abSociedad\u00bb","block_context":{"text":"Sociedad","link":"http:\/\/www.24baires.com\/?cat=1"},"img":{"alt_text":"","src":"https:\/\/i0.wp.com\/www.24baires.com\/wp-content\/uploads\/2022\/08\/todos-con-cristina.jpg?resize=350%2C200","width":350,"height":200,"srcset":"https:\/\/i0.wp.com\/www.24baires.com\/wp-content\/uploads\/2022\/08\/todos-con-cristina.jpg?resize=350%2C200 1x, https:\/\/i0.wp.com\/www.24baires.com\/wp-content\/uploads\/2022\/08\/todos-con-cristina.jpg?resize=525%2C300 1.5x, https:\/\/i0.wp.com\/www.24baires.com\/wp-content\/uploads\/2022\/08\/todos-con-cristina.jpg?resize=700%2C400 2x"},"classes":[]},{"id":113344,"url":"http:\/\/www.24baires.com\/?p=113344","url_meta":{"origin":62486,"position":3},"title":"Kicillof asume el mando de la provincia de Buenos Aires con la presencia de Alberto y Cristina","author":"GB","date":"11\/12\/2019","format":false,"excerpt":"El Gobernador bonaerense jurar\u00e1 frente a la Asamblea Legislativa, con la presencia de Alberto Fern\u00e1ndez y Cristina Kirchner. Al gobernador electo de la provincia de Buenos Aires, Axel Kicillof, le espera este mi\u00e9rcoles una jornada bastante intensa: tiene jura, toma de posesi\u00f3n y seguimiento de la primera sesi\u00f3n extraordinaria, donde\u2026","rel":"","context":"En \u00abProvincia\u00bb","block_context":{"text":"Provincia","link":"http:\/\/www.24baires.com\/?cat=40"},"img":{"alt_text":"","src":"https:\/\/i0.wp.com\/www.24baires.com\/wp-content\/uploads\/2019\/11\/kicillof.jpg?resize=350%2C200","width":350,"height":200,"srcset":"https:\/\/i0.wp.com\/www.24baires.com\/wp-content\/uploads\/2019\/11\/kicillof.jpg?resize=350%2C200 1x, https:\/\/i0.wp.com\/www.24baires.com\/wp-content\/uploads\/2019\/11\/kicillof.jpg?resize=525%2C300 1.5x"},"classes":[]},{"id":62546,"url":"http:\/\/www.24baires.com\/?p=62546","url_meta":{"origin":62486,"position":4},"title":"An\u00edbal Fern\u00e1ndez: \u00abLorenzetti sabr\u00e1 lo que tiene que decir\u00bb","author":"AF","date":"03\/03\/2015","format":false,"excerpt":"Lo dijo hoy el jefe de Gabinete en referencia al titular de la Corte Suprema de Justicia, al ser consultado sobre el mensaje que dar\u00e1 este mediod\u00eda el magistrado en el marco del inicio del nuevo a\u00f1o judicial. El jefe de Gabinete, An\u00edbal Fern\u00e1ndez, dijo hoy que el titular de\u2026","rel":"","context":"En \u00abPol\u00edtica\u00bb","block_context":{"text":"Pol\u00edtica","link":"http:\/\/www.24baires.com\/?cat=51"},"img":{"alt_text":"an\u00edbal fern\u00e1ndez","src":"https:\/\/i0.wp.com\/www.24baires.com\/wp-content\/uploads\/2014\/04\/an%C3%ADbal-fern%C3%A1ndez.jpg?resize=350%2C200","width":350,"height":200,"srcset":"https:\/\/i0.wp.com\/www.24baires.com\/wp-content\/uploads\/2014\/04\/an%C3%ADbal-fern%C3%A1ndez.jpg?resize=350%2C200 1x, https:\/\/i0.wp.com\/www.24baires.com\/wp-content\/uploads\/2014\/04\/an%C3%ADbal-fern%C3%A1ndez.jpg?resize=525%2C300 1.5x"},"classes":[]},{"id":118006,"url":"http:\/\/www.24baires.com\/?p=118006","url_meta":{"origin":62486,"position":5},"title":"Recambio de ministros: Manzur, Jefe de Gabinete y An\u00edbal Fern\u00e1ndez a Seguridad","author":"GB","date":"18\/09\/2021","format":false,"excerpt":"Wado De Pedro seguir\u00e1 en su lugar, pero se ir\u00e1n Felipe Sol\u00e1, Roberto Salvarezza y Sabina Frederic. Juan Manzur reemplaza a Cafiero que ser\u00e1 Canciller El gobierno nacional confirm\u00f3 los cambios en el gabinete de ministros y prepara un relanzamiento de la gesti\u00f3n a partir del pr\u00f3ximo lunes, con el\u2026","rel":"","context":"En \u00abPol\u00edtica\u00bb","block_context":{"text":"Pol\u00edtica","link":"http:\/\/www.24baires.com\/?cat=51"},"img":{"alt_text":"","src":"https:\/\/i0.wp.com\/www.24baires.com\/wp-content\/uploads\/2021\/09\/Zxa4bz6uJ_1256x620__1-1024x505.jpg?resize=350%2C200","width":350,"height":200,"srcset":"https:\/\/i0.wp.com\/www.24baires.com\/wp-content\/uploads\/2021\/09\/Zxa4bz6uJ_1256x620__1-1024x505.jpg?resize=350%2C200 1x, https:\/\/i0.wp.com\/www.24baires.com\/wp-content\/uploads\/2021\/09\/Zxa4bz6uJ_1256x620__1-1024x505.jpg?resize=525%2C300 1.5x"},"classes":[]}],"jetpack_sharing_enabled":true,"jetpack_likes_enabled":true,"jetpack_featured_media_url":"","_links":{"self":[{"href":"http:\/\/www.24baires.com\/index.php?rest_route=\/wp\/v2\/posts\/62486","targetHints":{"allow":["GET"]}}],"collection":[{"href":"http:\/\/www.24baires.com\/index.php?rest_route=\/wp\/v2\/posts"}],"about":[{"href":"http:\/\/www.24baires.com\/index.php?rest_route=\/wp\/v2\/types\/post"}],"author":[{"embeddable":true,"href":"http:\/\/www.24baires.com\/index.php?rest_route=\/wp\/v2\/users\/4"}],"replies":[{"embeddable":true,"href":"http:\/\/www.24baires.com\/index.php?rest_route=%2Fwp%2Fv2%2Fcomments&post=62486"}],"version-history":[{"count":1,"href":"http:\/\/www.24baires.com\/index.php?rest_route=\/wp\/v2\/posts\/62486\/revisions"}],"predecessor-version":[{"id":62487,"href":"http:\/\/www.24baires.com\/index.php?rest_route=\/wp\/v2\/posts\/62486\/revisions\/62487"}],"wp:attachment":[{"href":"http:\/\/www.24baires.com\/index.php?rest_route=%2Fwp%2Fv2%2Fmedia&parent=62486"}],"wp:term":[{"taxonomy":"category","embeddable":true,"href":"http:\/\/www.24baires.com\/index.php?rest_route=%2Fwp%2Fv2%2Fcategories&post=62486"},{"taxonomy":"post_tag","embeddable":true,"href":"http:\/\/www.24baires.com\/index.php?rest_route=%2Fwp%2Fv2%2Ftags&post=62486"}],"curies":[{"name":"wp","href":"https:\/\/api.w.org\/{rel}","templated":true}]}}