{"id":62483,"date":"2015-03-01T22:00:12","date_gmt":"2015-03-02T01:00:12","guid":{"rendered":"http:\/\/www.24baires.com\/?p=62483"},"modified":"2015-03-01T21:41:10","modified_gmt":"2015-03-02T00:41:10","slug":"marangoni-macri-le-salio-caro-a-los-portenos","status":"publish","type":"post","link":"http:\/\/www.24baires.com\/?p=62483","title":{"rendered":"Marangoni: \u201cMacri le sali\u00f3 caro a los porte\u00f1os\u201d"},"content":{"rendered":"<p><img data-recalc-dims=\"1\" loading=\"lazy\" decoding=\"async\" class=\"alignleft wp-image-23599\" src=\"https:\/\/i0.wp.com\/www.24baires.com\/wp-content\/uploads\/2013\/05\/marangoni-gustavo.png?resize=286%2C200\" alt=\"marangoni gustavo\" width=\"286\" height=\"200\" \/>El presidente del Banco Provincia dijo que pese a haber aumentado los impuestos un \u00abmil por ciento\u00bb no efectu\u00f3 obras en consecuencia.<!--more--><\/p>\n<p>El presidente del Banco Provincia y candidato a Jefe de Gobierno porte\u00f1o, Gustavo Marangoni, dijo que al escuchar a Mauricio Macri, en la apertura de sesiones ordinarias de la Legislatura, \u201cuno se queda con gusto a poco\u201d.<\/p>\n<p>Afirm\u00f3 que \u201cuna ciudad tan importante ha sido sub-administrada\u201d al considerar que \u201cen estos casi 8 a\u00f1os que ha gobernado aument\u00f3 mil por ciento el equivalente al impuesto inmobiliario, es un gobernante que le sali\u00f3 caro a los porte\u00f1os\u201d.<\/p>\n<p>Pese al aumento de los impuestos, \u201cno fueron tanto los servicios\u201d, asegur\u00f3 Marangoni, quien aclar\u00f3 que \u201csin caer en una oposici\u00f3n cerrada creo que ha hecho una visi\u00f3n muy parcial de estos 8 a\u00f1os\u201d.<\/p>\n<p>\u201cLa gente que vive en asentamientos aument\u00f3 un 60 por ciento durante su gesti\u00f3n, las obras que pueden ser bien conceptualizadas como el metrobus es un avance pero est\u00e1 lejos de haber sido implementado como en otras ciudades y lejos de complementarse con otros medios de transporte\u201d, indic\u00f3.<\/p>\n<p>Tambi\u00e9n cuestion\u00f3 la pol\u00edtica referida a la basura: \u201ccuando se invierten 5 mil millones de pesos para limpiar la ciudad, la gente dice que no ve un esquema eficaz\u201d en ese sentido.<\/p>\n<p>&nbsp;<\/p>\n<p>&nbsp;<\/p>\n<p>&nbsp;<\/p>\n<p>&nbsp;<\/p>\n<p>&nbsp;<\/p>\n<p>&nbsp;<\/p>\n<p>&nbsp;<\/p>\n<p>&nbsp;<\/p>\n<p>&nbsp;<\/p>\n<p>&nbsp;<\/p>\n<p>&nbsp;<\/p>\n<p>&nbsp;<\/p>\n<p>&nbsp;<\/p>\n","protected":false},"excerpt":{"rendered":"<p>El presidente del Banco Provincia dijo que pese a haber aumentado los impuestos un \u00abmil por ciento\u00bb no efectu\u00f3 obras en consecuencia.<\/p>\n","protected":false},"author":8,"featured_media":0,"comment_status":"open","ping_status":"open","sticky":false,"template":"","format":"standard","meta":{"_jetpack_newsletter_access":"","_jetpack_dont_email_post_to_subs":false,"_jetpack_newsletter_tier_id":0,"_jetpack_memberships_contains_paywalled_content":false,"_jetpack_memberships_contains_paid_content":false,"footnotes":""},"categories":[51],"tags":[],"class_list":["post-62483","post","type-post","status-publish","format-standard","hentry","category-politica"],"jetpack_shortlink":"https:\/\/wp.me\/p2JWE0-gfN","jetpack-related-posts":[{"id":50594,"url":"http:\/\/www.24baires.com\/?p=50594","url_meta":{"origin":62483,"position":0},"title":"Marangoni lanz\u00f3 cr\u00edticas contra Macri: \u00abCon mucho se ha hecho poco\u00bb","author":"Grupo Sierra","date":"26\/07\/2014","format":false,"excerpt":"El posible candidato sciolista a Jefe de Gobierno apunt\u00f3 contra la gesti\u00f3n del PRO en Capital Federal y busca posicionarse. \u201cDespu\u00e9s de ver c\u00f3mo administr\u00f3 el Gobernador esta Provincia de Buenos Aires y con relativamente pocos recursos, se ha hecho mucho. En la Ciudad de Buenos Aires se da el\u2026","rel":"","context":"En \u00abElecciones 2015\u00bb","block_context":{"text":"Elecciones 2015","link":"http:\/\/www.24baires.com\/?cat=74"},"img":{"alt_text":"marangoni bapro","src":"https:\/\/i0.wp.com\/www.24baires.com\/wp-content\/uploads\/2013\/01\/marangoni-bapro.jpg?resize=350%2C200","width":350,"height":200,"srcset":"https:\/\/i0.wp.com\/www.24baires.com\/wp-content\/uploads\/2013\/01\/marangoni-bapro.jpg?resize=350%2C200 1x, https:\/\/i0.wp.com\/www.24baires.com\/wp-content\/uploads\/2013\/01\/marangoni-bapro.jpg?resize=525%2C300 1.5x"},"classes":[]},{"id":62846,"url":"http:\/\/www.24baires.com\/?p=62846","url_meta":{"origin":62483,"position":1},"title":"Daniel Scioli dijo que no responder\u00e1 \u00aba ninguna provocaci\u00f3n pol\u00edtica ni medi\u00e1tica\u00bb","author":"AF","date":"08\/03\/2015","format":false,"excerpt":"El gobernador neg\u00f3 presiones para que baje la precandidatura de Gustavo Marangoni y asegur\u00f3: \"Nosotros siempre vamos a contribuir a fortalecer el espacio, no a debilitarlo\". En declaraciones formuladas hoy en el programa \"No Va M\u00e1s\", que se emite por Radio el Mundo, el gobernador neg\u00f3 presiones de la Casa\u2026","rel":"","context":"En \u00abPol\u00edtica\u00bb","block_context":{"text":"Pol\u00edtica","link":"http:\/\/www.24baires.com\/?cat=51"},"img":{"alt_text":"","src":"","width":0,"height":0},"classes":[]},{"id":69934,"url":"http:\/\/www.24baires.com\/?p=69934","url_meta":{"origin":62483,"position":2},"title":"Marangoni insiste con la \u00abnecesidad de emitir billetes de 200 y 500\u00bb","author":"AF","date":"03\/08\/2015","format":false,"excerpt":"El presidente del Banco Provincia de Buenos Aires, Gustavo Marangoni, consider\u00f3 que es \"necesario\" emitir billetes de 200 y 500 pesos, para \"facilitar la vida cotidiana de la gente y la operatoria de los bancos\". \"Sigo pensando que para facilitar la vida cotidiana de la gente y la operatoria de\u2026","rel":"","context":"En \u00abEconom\u00eda\u00bb","block_context":{"text":"Econom\u00eda","link":"http:\/\/www.24baires.com\/?cat=45"},"img":{"alt_text":"marangoni gustavo","src":"https:\/\/i0.wp.com\/www.24baires.com\/wp-content\/uploads\/2013\/05\/marangoni-gustavo.png?resize=350%2C200","width":350,"height":200},"classes":[]},{"id":12100,"url":"http:\/\/www.24baires.com\/?p=12100","url_meta":{"origin":62483,"position":3},"title":"El Banco Provincia no aumentar\u00e1 los costos de sus servicios","author":"AF","date":"14\/01\/2013","format":false,"excerpt":"Lo asegur\u00f3 el presidente de la instituci\u00f3n, Gustavo Marangoni. Destac\u00f3 que se busca defender el ahorro de los clientes. El presidente del Banco de la Provincia de Buenos Aires, Gustavo Marangoni, asegur\u00f3 que la instituci\u00f3n \u201cno aumentar\u00e1 los costos de sus servicios y continuar\u00e1 entregando cr\u00e9ditos para la inversi\u00f3n\u201d. Agreg\u00f3\u2026","rel":"","context":"En \u00abEconom\u00eda\u00bb","block_context":{"text":"Econom\u00eda","link":"http:\/\/www.24baires.com\/?cat=45"},"img":{"alt_text":"marangoni bapro","src":"https:\/\/i0.wp.com\/www.24baires.com\/wp-content\/uploads\/2013\/01\/marangoni-bapro-298x300.jpg?resize=350%2C200","width":350,"height":200},"classes":[]},{"id":59338,"url":"http:\/\/www.24baires.com\/?p=59338","url_meta":{"origin":62483,"position":4},"title":"\u00abEl Banco Provincia dej\u00f3 de ser de los amigos del poder\u00bb","author":"AF","date":"30\/12\/2014","format":false,"excerpt":"El titular del Banco Provincia, Gustavo Marangoni, asegur\u00f3 que \"estamos cerrando un a\u00f1o b\u00e1rbaro. Dimos 54 mil millones de pesos en cr\u00e9ditos, somos el banco que m\u00e1s ha crecido en cr\u00e9ditos para pymes, familias y pr\u00e9stamos personales, con la posibilidad de haber asistido al campo\". \"Esto es lo que se\u2026","rel":"","context":"En \u00abEconom\u00eda\u00bb","block_context":{"text":"Econom\u00eda","link":"http:\/\/www.24baires.com\/?cat=45"},"img":{"alt_text":"marangoni scioli","src":"https:\/\/i0.wp.com\/www.24baires.com\/wp-content\/uploads\/2012\/12\/marangoni-scioli.jpg?resize=350%2C200","width":350,"height":200,"srcset":"https:\/\/i0.wp.com\/www.24baires.com\/wp-content\/uploads\/2012\/12\/marangoni-scioli.jpg?resize=350%2C200 1x, https:\/\/i0.wp.com\/www.24baires.com\/wp-content\/uploads\/2012\/12\/marangoni-scioli.jpg?resize=525%2C300 1.5x"},"classes":[]},{"id":62858,"url":"http:\/\/www.24baires.com\/?p=62858","url_meta":{"origin":62483,"position":5},"title":"El Gobernador neg\u00f3 que desde el kirchnerismo hayan \u00abbajado\u00bb a Marangoni","author":"AF","date":"09\/03\/2015","format":false,"excerpt":"El gobernador bonaerense, Daniel Scioli, evit\u00f3 confrontar con el kirchnerismo, luego que en el cierre de listas en la Ciudad de Buenos Aires, el FpV decidiera marginar la candidatura del presidente del Banco Provincia, Gustavo Marangoni, que ni siquiera logr\u00f3 un lugar en la n\u00f3mina de legisladores. \"Marangoni, que es\u2026","rel":"","context":"En \u00abPol\u00edtica\u00bb","block_context":{"text":"Pol\u00edtica","link":"http:\/\/www.24baires.com\/?cat=51"},"img":{"alt_text":"","src":"","width":0,"height":0},"classes":[]}],"jetpack_sharing_enabled":true,"jetpack_likes_enabled":true,"jetpack_featured_media_url":"","_links":{"self":[{"href":"http:\/\/www.24baires.com\/index.php?rest_route=\/wp\/v2\/posts\/62483","targetHints":{"allow":["GET"]}}],"collection":[{"href":"http:\/\/www.24baires.com\/index.php?rest_route=\/wp\/v2\/posts"}],"about":[{"href":"http:\/\/www.24baires.com\/index.php?rest_route=\/wp\/v2\/types\/post"}],"author":[{"embeddable":true,"href":"http:\/\/www.24baires.com\/index.php?rest_route=\/wp\/v2\/users\/8"}],"replies":[{"embeddable":true,"href":"http:\/\/www.24baires.com\/index.php?rest_route=%2Fwp%2Fv2%2Fcomments&post=62483"}],"version-history":[{"count":1,"href":"http:\/\/www.24baires.com\/index.php?rest_route=\/wp\/v2\/posts\/62483\/revisions"}],"predecessor-version":[{"id":62484,"href":"http:\/\/www.24baires.com\/index.php?rest_route=\/wp\/v2\/posts\/62483\/revisions\/62484"}],"wp:attachment":[{"href":"http:\/\/www.24baires.com\/index.php?rest_route=%2Fwp%2Fv2%2Fmedia&parent=62483"}],"wp:term":[{"taxonomy":"category","embeddable":true,"href":"http:\/\/www.24baires.com\/index.php?rest_route=%2Fwp%2Fv2%2Fcategories&post=62483"},{"taxonomy":"post_tag","embeddable":true,"href":"http:\/\/www.24baires.com\/index.php?rest_route=%2Fwp%2Fv2%2Ftags&post=62483"}],"curies":[{"name":"wp","href":"https:\/\/api.w.org\/{rel}","templated":true}]}}