{"id":62473,"date":"2015-03-01T19:10:08","date_gmt":"2015-03-01T22:10:08","guid":{"rendered":"http:\/\/www.24baires.com\/?p=62473"},"modified":"2015-03-01T18:20:31","modified_gmt":"2015-03-01T21:20:31","slug":"las-cosas-van-a-estar-cada-vez-mejor-para-el-pais-sentencio-scioli","status":"publish","type":"post","link":"http:\/\/www.24baires.com\/?p=62473","title":{"rendered":"\u00abLas cosas van a estar cada vez mejor para el pa\u00eds\u00bb, sentenci\u00f3 Scioli"},"content":{"rendered":"<p><img data-recalc-dims=\"1\" loading=\"lazy\" decoding=\"async\" class=\"aligncenter size-full wp-image-60813\" src=\"https:\/\/i0.wp.com\/www.24baires.com\/wp-content\/uploads\/2015\/01\/scioli-1.jpg?resize=560%2C306\" alt=\"scioli 1\" width=\"560\" height=\"306\" srcset=\"https:\/\/i0.wp.com\/www.24baires.com\/wp-content\/uploads\/2015\/01\/scioli-1.jpg?w=560 560w, https:\/\/i0.wp.com\/www.24baires.com\/wp-content\/uploads\/2015\/01\/scioli-1.jpg?resize=300%2C164 300w\" sizes=\"auto, (max-width: 560px) 100vw, 560px\" \/>El gobernador de la provincia de Buenos Aires ponder\u00f3 los logros que Cristina enuer\u00f3 en su discurso. \u00ab\u201cSent\u00ed orgullo cuando me la jugu\u00e9 en el 2003 por este proyecto con N\u00e9stor Kirchner cuando me convoc\u00f3 para ocupar el rol de vicepresidente, cuando me respaldaron para ser gobernador y ahora cuando veo la evoluci\u00f3n y el crecimiento de la Argentina\u201d. agreg\u00f3.<!--more--><\/p>\n<p>El gobernador de la provincia de Buenos Aires, Daniel Scioli, manifest\u00f3 que \u201csobre estos logros las cosas van a estar cada vez mejor para el pa\u00eds\u201d, al opinar sobre el balance de gesti\u00f3n del discurso de la presidenta Cristina Fern\u00e1ndez de Kirchner ante la Asamblea Legislativa, en la apertura de las sesiones ordinarias del Congreso de la Naci\u00f3n.<\/p>\n<p>En declaraciones al canal CN23, Scioli afirm\u00f3: \u201cSi no hubi\u00e9ramos recuperado YPF no estar\u00edamos con la gran posibilidad de alcanzar la soberan\u00eda energ\u00e9tica, si no tuvi\u00e9ramos la administraci\u00f3n de los fondos de la Anses no tendr\u00edamos la Asignaci\u00f3n Universal por Hijo y las medidas sociales que ya nadie discute\u201d.<\/p>\n<p>Y agreg\u00f3: \u201cEsto es muy importante y ni que hablar del desendeudamiento cuando estos mismos sectores salieron a decir que hab\u00eda que pagarle a los fondos buitre\u201d.<\/p>\n<p>El gobernador bonaerense compar\u00f3 la gesti\u00f3n nacional y la de su provincia con la del jefe de Gobierno porte\u00f1o, Mauricio Macri, y remarc\u00f3: \u201cNunca descentralizaron los recursos hacia las Comunas en la Capital Federal\u201d.<\/p>\n<p>\u201cCuando uno ve el contraste con lo que por ejemplo hicimos en la provincia, el federalismo, lo que ha evolucionado la inversi\u00f3n directa en la Naci\u00f3n y en las provincias argentinas, uno ah\u00ed puede tener m\u00e1s claridad con respecto a las oportunidades que se abren hacia el futuro\u00bb, agreg\u00f3.<\/p>\n<p>\u00abEso es lo que yo puedo expresar interpretando una mayor\u00eda de la sociedad que no desea volver a empezar sino darle previsibilidad y la tranquilidad que sobre estos logros las cosas van a estar cada vez mejor para el pa\u00eds\u201d, enfatiz\u00f3 Scioli.<\/p>\n<p>\u201cSent\u00ed orgullo cuando me la jugu\u00e9 en el 2003 por este proyecto con N\u00e9stor Kirchner cuando me convoc\u00f3 para ocupar el rol de vicepresidente, cuando me respaldaron para ser gobernador y ahora cuando veo la evoluci\u00f3n y el crecimiento de la Argentina\u201d, expres\u00f3 el gobernador bonaerense.<\/p>\n<p>&nbsp;<\/p>\n<p>&nbsp;<\/p>\n<p>&nbsp;<\/p>\n<p>&nbsp;<\/p>\n<p>&nbsp;<\/p>\n<p>&nbsp;<\/p>\n<p>&nbsp;<\/p>\n<p>&nbsp;<\/p>\n<p>&nbsp;<\/p>\n<p>&nbsp;<\/p>\n<p>&nbsp;<\/p>\n<p>&nbsp;<\/p>\n","protected":false},"excerpt":{"rendered":"<p>El gobernador de la provincia de Buenos Aires ponder\u00f3 los logros que Cristina enuer\u00f3 en su discurso. \u00ab\u201cSent\u00ed orgullo cuando me la jugu\u00e9 en el 2003 por este proyecto con N\u00e9stor Kirchner cuando me convoc\u00f3 para ocupar el rol de vicepresidente, cuando me respaldaron para ser gobernador y ahora cuando veo la evoluci\u00f3n y el crecimiento de la Argentina\u201d. agreg\u00f3.<\/p>\n","protected":false},"author":8,"featured_media":0,"comment_status":"open","ping_status":"open","sticky":false,"template":"","format":"standard","meta":{"_jetpack_newsletter_access":"","_jetpack_dont_email_post_to_subs":false,"_jetpack_newsletter_tier_id":0,"_jetpack_memberships_contains_paywalled_content":false,"_jetpack_memberships_contains_paid_content":false,"footnotes":""},"categories":[51],"tags":[],"class_list":["post-62473","post","type-post","status-publish","format-standard","hentry","category-politica"],"jetpack_shortlink":"https:\/\/wp.me\/p2JWE0-gfD","jetpack-related-posts":[{"id":102717,"url":"http:\/\/www.24baires.com\/?p=102717","url_meta":{"origin":62473,"position":0},"title":"Stolbizer: \u00abLa gesti\u00f3n de Vidal es tan mala como la de Scioli\u00bb","author":"GB","date":"13\/06\/2018","format":false,"excerpt":"La l\u00edder del GEN endureci\u00f3 su discurso contra la Gobernadora y afirm\u00f3 que \"no puede mostrar avances\" en educaci\u00f3n, salud y seguridad. Margarita Stolbizer abandon\u00f3 el discurso conciliador con Mar\u00eda Eugenia Vidal y afirm\u00f3 que su gesti\u00f3n \"es tan mala\" como la de su antecesor Daniel Scioli. Durante una visita\u2026","rel":"","context":"En \u00abPol\u00edtica\u00bb","block_context":{"text":"Pol\u00edtica","link":"http:\/\/www.24baires.com\/?cat=51"},"img":{"alt_text":"","src":"https:\/\/i0.wp.com\/www.24baires.com\/wp-content\/uploads\/2016\/08\/vidal-stolbizer.jpg?resize=350%2C200","width":350,"height":200,"srcset":"https:\/\/i0.wp.com\/www.24baires.com\/wp-content\/uploads\/2016\/08\/vidal-stolbizer.jpg?resize=350%2C200 1x, https:\/\/i0.wp.com\/www.24baires.com\/wp-content\/uploads\/2016\/08\/vidal-stolbizer.jpg?resize=525%2C300 1.5x"},"classes":[]},{"id":108387,"url":"http:\/\/www.24baires.com\/?p=108387","url_meta":{"origin":62473,"position":1},"title":"Scioli ratific\u00f3 su candidatura presidencial","author":"GB","date":"25\/05\/2019","format":false,"excerpt":"El exgobernador de la Provincia de Buenos Aires particip\u00f3 del Congreso Educativo de Ajedrez que se realiz\u00f3 en la ciudad balnearia y manifest\u00f3 sus deseos de ser el primer mandatario del pa\u00eds despu\u00e9s del 10 de diciembre, sin embargo aclar\u00f3: \u201cVer\u00e9 como peronista en qu\u00e9 lugar puedo hacer mi mayor\u2026","rel":"","context":"En \u00abPol\u00edtica\u00bb","block_context":{"text":"Pol\u00edtica","link":"http:\/\/www.24baires.com\/?cat=51"},"img":{"alt_text":"","src":"https:\/\/i0.wp.com\/www.24baires.com\/wp-content\/uploads\/2019\/05\/scioli-mar-del.jpg?resize=350%2C200","width":350,"height":200,"srcset":"https:\/\/i0.wp.com\/www.24baires.com\/wp-content\/uploads\/2019\/05\/scioli-mar-del.jpg?resize=350%2C200 1x, https:\/\/i0.wp.com\/www.24baires.com\/wp-content\/uploads\/2019\/05\/scioli-mar-del.jpg?resize=525%2C300 1.5x"},"classes":[]},{"id":120181,"url":"http:\/\/www.24baires.com\/?p=120181","url_meta":{"origin":62473,"position":2},"title":"El Frente de Todos pasa a llamarse \u00abUni\u00f3n por la Patria\u00bb","author":"AF","date":"14\/06\/2023","format":false,"excerpt":"Los distintos sectores que componen el frente oficialista mantienen reuniones para definir, entre otras cosas, la constituci\u00f3n de su junta partidaria y el reglamento electoral que fijar\u00e1 pisos y porcentajes para la integraci\u00f3n de listas. El Frente de Todos (FdT) se llamar\u00e1 Uni\u00f3n por la Patria (UxP) en las pr\u00f3ximas\u2026","rel":"","context":"En \u00abPol\u00edtica\u00bb","block_context":{"text":"Pol\u00edtica","link":"http:\/\/www.24baires.com\/?cat=51"},"img":{"alt_text":"","src":"https:\/\/i0.wp.com\/www.24baires.com\/wp-content\/uploads\/2023\/06\/cfk-25-5.png?resize=350%2C200","width":350,"height":200,"srcset":"https:\/\/i0.wp.com\/www.24baires.com\/wp-content\/uploads\/2023\/06\/cfk-25-5.png?resize=350%2C200 1x, https:\/\/i0.wp.com\/www.24baires.com\/wp-content\/uploads\/2023\/06\/cfk-25-5.png?resize=525%2C300 1.5x, https:\/\/i0.wp.com\/www.24baires.com\/wp-content\/uploads\/2023\/06\/cfk-25-5.png?resize=700%2C400 2x, https:\/\/i0.wp.com\/www.24baires.com\/wp-content\/uploads\/2023\/06\/cfk-25-5.png?resize=1050%2C600 3x"},"classes":[]},{"id":100804,"url":"http:\/\/www.24baires.com\/?p=100804","url_meta":{"origin":62473,"position":3},"title":"Vidal abre las sesiones ordinarias con el conflicto docente en puerta","author":"GB","date":"01\/03\/2018","format":false,"excerpt":"Una vez m\u00e1s, la mandataria vuelve al Congreso en una disputa con los gremios docentes. En su discurso del a\u00f1o pasado puso como eje central a la educaci\u00f3n La gobernadora de la provincia de Buenos Aires, Mar\u00eda Eugenia Vidal, abrir\u00e1 las sesiones legislativas ordinarias de este a\u00f1o y brindar\u00e1 el\u2026","rel":"","context":"En \u00abProvincia\u00bb","block_context":{"text":"Provincia","link":"http:\/\/www.24baires.com\/?cat=40"},"img":{"alt_text":"","src":"https:\/\/i0.wp.com\/www.24baires.com\/wp-content\/uploads\/2018\/01\/vidal-anuncios.jpg?resize=350%2C200","width":350,"height":200,"srcset":"https:\/\/i0.wp.com\/www.24baires.com\/wp-content\/uploads\/2018\/01\/vidal-anuncios.jpg?resize=350%2C200 1x, https:\/\/i0.wp.com\/www.24baires.com\/wp-content\/uploads\/2018\/01\/vidal-anuncios.jpg?resize=525%2C300 1.5x"},"classes":[]},{"id":108334,"url":"http:\/\/www.24baires.com\/?p=108334","url_meta":{"origin":62473,"position":4},"title":"Lavagna: \u00abNi Cristina ni cambiemos\u00bb","author":"AF","date":"22\/05\/2019","format":false,"excerpt":"\"Recibimos a los radicales que no se sientan representados por el PRO\", sostuvo por C5N el candidato presidencial por Consenso 19, quien remarc\u00f3 que el kirchnerismo \"no puede recibir nada de nosotros\". El ex ministro de Econom\u00eda Roberto Lavagna ratific\u00f3 este mi\u00e9rcoles por la tarde su precandidatura presidencial por Consenso\u2026","rel":"","context":"En \u00abPol\u00edtica\u00bb","block_context":{"text":"Pol\u00edtica","link":"http:\/\/www.24baires.com\/?cat=51"},"img":{"alt_text":"","src":"https:\/\/i0.wp.com\/www.24baires.com\/wp-content\/uploads\/2013\/12\/lavagna-solo.jpg?resize=350%2C200","width":350,"height":200,"srcset":"https:\/\/i0.wp.com\/www.24baires.com\/wp-content\/uploads\/2013\/12\/lavagna-solo.jpg?resize=350%2C200 1x, https:\/\/i0.wp.com\/www.24baires.com\/wp-content\/uploads\/2013\/12\/lavagna-solo.jpg?resize=525%2C300 1.5x"},"classes":[]},{"id":113344,"url":"http:\/\/www.24baires.com\/?p=113344","url_meta":{"origin":62473,"position":5},"title":"Kicillof asume el mando de la provincia de Buenos Aires con la presencia de Alberto y Cristina","author":"GB","date":"11\/12\/2019","format":false,"excerpt":"El Gobernador bonaerense jurar\u00e1 frente a la Asamblea Legislativa, con la presencia de Alberto Fern\u00e1ndez y Cristina Kirchner. Al gobernador electo de la provincia de Buenos Aires, Axel Kicillof, le espera este mi\u00e9rcoles una jornada bastante intensa: tiene jura, toma de posesi\u00f3n y seguimiento de la primera sesi\u00f3n extraordinaria, donde\u2026","rel":"","context":"En \u00abProvincia\u00bb","block_context":{"text":"Provincia","link":"http:\/\/www.24baires.com\/?cat=40"},"img":{"alt_text":"","src":"https:\/\/i0.wp.com\/www.24baires.com\/wp-content\/uploads\/2019\/11\/kicillof.jpg?resize=350%2C200","width":350,"height":200,"srcset":"https:\/\/i0.wp.com\/www.24baires.com\/wp-content\/uploads\/2019\/11\/kicillof.jpg?resize=350%2C200 1x, https:\/\/i0.wp.com\/www.24baires.com\/wp-content\/uploads\/2019\/11\/kicillof.jpg?resize=525%2C300 1.5x"},"classes":[]}],"jetpack_sharing_enabled":true,"jetpack_likes_enabled":true,"jetpack_featured_media_url":"","_links":{"self":[{"href":"http:\/\/www.24baires.com\/index.php?rest_route=\/wp\/v2\/posts\/62473","targetHints":{"allow":["GET"]}}],"collection":[{"href":"http:\/\/www.24baires.com\/index.php?rest_route=\/wp\/v2\/posts"}],"about":[{"href":"http:\/\/www.24baires.com\/index.php?rest_route=\/wp\/v2\/types\/post"}],"author":[{"embeddable":true,"href":"http:\/\/www.24baires.com\/index.php?rest_route=\/wp\/v2\/users\/8"}],"replies":[{"embeddable":true,"href":"http:\/\/www.24baires.com\/index.php?rest_route=%2Fwp%2Fv2%2Fcomments&post=62473"}],"version-history":[{"count":1,"href":"http:\/\/www.24baires.com\/index.php?rest_route=\/wp\/v2\/posts\/62473\/revisions"}],"predecessor-version":[{"id":62474,"href":"http:\/\/www.24baires.com\/index.php?rest_route=\/wp\/v2\/posts\/62473\/revisions\/62474"}],"wp:attachment":[{"href":"http:\/\/www.24baires.com\/index.php?rest_route=%2Fwp%2Fv2%2Fmedia&parent=62473"}],"wp:term":[{"taxonomy":"category","embeddable":true,"href":"http:\/\/www.24baires.com\/index.php?rest_route=%2Fwp%2Fv2%2Fcategories&post=62473"},{"taxonomy":"post_tag","embeddable":true,"href":"http:\/\/www.24baires.com\/index.php?rest_route=%2Fwp%2Fv2%2Ftags&post=62473"}],"curies":[{"name":"wp","href":"https:\/\/api.w.org\/{rel}","templated":true}]}}