{"id":62443,"date":"2015-03-01T11:56:41","date_gmt":"2015-03-01T14:56:41","guid":{"rendered":"http:\/\/www.24baires.com\/?p=62443"},"modified":"2015-03-01T11:56:41","modified_gmt":"2015-03-01T14:56:41","slug":"los-militantes-coparon-la-plaza-de-mayo-en-apoyo-a-cristina","status":"publish","type":"post","link":"http:\/\/www.24baires.com\/?p=62443","title":{"rendered":"Los militantes coparon la Plaza de Mayo en apoyo a Cristina"},"content":{"rendered":"<p><img data-recalc-dims=\"1\" loading=\"lazy\" decoding=\"async\" class=\"aligncenter size-full wp-image-62444\" src=\"https:\/\/i0.wp.com\/www.24baires.com\/wp-content\/uploads\/2015\/03\/congreso.jpg?resize=560%2C420\" alt=\"congreso\" width=\"560\" height=\"420\" srcset=\"https:\/\/i0.wp.com\/www.24baires.com\/wp-content\/uploads\/2015\/03\/congreso.jpg?w=560 560w, https:\/\/i0.wp.com\/www.24baires.com\/wp-content\/uploads\/2015\/03\/congreso.jpg?resize=300%2C225 300w\" sizes=\"auto, (max-width: 560px) 100vw, 560px\" \/>Agrupaciones pol\u00edticas, organizaciones sociales y autoconvocados comenzaron a llegar desde las primeras horas de hoy a la Plaza para seguir el discurso de la Presidenta y expresar su respaldo a la jefa de Estado. <!--more--><\/p>\n<p>Una multitud ya se encuentra concentrada frente al Congreso de la Naci\u00f3n a la espera del discurso que pronunciar\u00e1 la presidenta Cristina Fern\u00e1ndez de Kirchner para dejar inaugurada las sesiones ordinarias del parlamento.<\/p>\n<p>Con fuerte presencia juvenil, que parece marcar el tono de la movilizaci\u00f3n, columnas de La C\u00e1mpora, Kolina, Movimiento Evita y Unidos y Organizados avanzan por los costados de Avenida de Mayo y Callao -que se encuentran valladas porque por all\u00ed ingresar\u00e1 la Presidenta- y calles adyacentes con las consignas &#8216;Cristina somos todos&#8217; y &#8216;Yankees ni se atrevan&#8217;.<\/p>\n<p>Tambi\u00e9n se observa la presencia de numerosas familias con hijos peque\u00f1os por fuera de las organizaciones pol\u00edticas y sociales, y adem\u00e1s se destaca la presencia de los sindicatos Uocra, UOM, Smata, UPCN y Vialidad Nacional, entre otros.<\/p>\n<p>&nbsp;<\/p>\n<p>&nbsp;<\/p>\n","protected":false},"excerpt":{"rendered":"<p>Agrupaciones pol\u00edticas, organizaciones sociales y autoconvocados comenzaron a llegar desde las primeras horas de hoy a la Plaza para seguir el discurso de la Presidenta y expresar su respaldo a la jefa de Estado.<\/p>\n","protected":false},"author":11,"featured_media":0,"comment_status":"open","ping_status":"open","sticky":false,"template":"","format":"standard","meta":{"_jetpack_newsletter_access":"","_jetpack_dont_email_post_to_subs":false,"_jetpack_newsletter_tier_id":0,"_jetpack_memberships_contains_paywalled_content":false,"_jetpack_memberships_contains_paid_content":false,"footnotes":""},"categories":[51],"tags":[],"class_list":["post-62443","post","type-post","status-publish","format-standard","hentry","category-politica"],"jetpack_shortlink":"https:\/\/wp.me\/p2JWE0-gf9","jetpack-related-posts":[{"id":33699,"url":"http:\/\/www.24baires.com\/?p=33699","url_meta":{"origin":62443,"position":0},"title":"Diversas agrupaciones llenan Plaza de Mayo en apoyo a Cristina","author":"GB","date":"17\/10\/2013","format":false,"excerpt":"M\u00e1s de 60.000 personas se concentraron esta tarde y noche en la Plaza de Mayo y sus adyacencias, en apoyo a la gesti\u00f3n de la presidenta, Cristina Fern\u00e1ndez de Kirchner y en conmemoraci\u00f3n del D\u00eda de la Lealtad Peronista. Entre las organizaciones presentes, sobresal\u00eda la presencia de integrantes de La\u2026","rel":"","context":"En \u00abPol\u00edtica\u00bb","block_context":{"text":"Pol\u00edtica","link":"http:\/\/www.24baires.com\/?cat=51"},"img":{"alt_text":"","src":"https:\/\/i0.wp.com\/www.24baires.com\/wp-content\/uploads\/2013\/10\/actolealtad.jpg?resize=350%2C200","width":350,"height":200,"srcset":"https:\/\/i0.wp.com\/www.24baires.com\/wp-content\/uploads\/2013\/10\/actolealtad.jpg?resize=350%2C200 1x, https:\/\/i0.wp.com\/www.24baires.com\/wp-content\/uploads\/2013\/10\/actolealtad.jpg?resize=525%2C300 1.5x"},"classes":[]},{"id":113318,"url":"http:\/\/www.24baires.com\/?p=113318","url_meta":{"origin":62443,"position":1},"title":"Alberto y Cristina asumen el mando del pa\u00eds con un festival en Plaza de Mayo","author":"GB","date":"10\/12\/2019","format":false,"excerpt":"Ambos prestar\u00e1n juramento en la Asamblea Legislativa en la que el presidente saliente entregar\u00e1 el poder. Este jueves 10 de diciembre quedar\u00e1 en la historia tras el regreso del peronismo al poder luego de cuatro a\u00f1os de gobierno de Mauricio Macri. El presidente electo, Alberto Fern\u00e1ndez, asumir\u00e1 junto a la\u2026","rel":"","context":"En \u00abPol\u00edtica\u00bb","block_context":{"text":"Pol\u00edtica","link":"http:\/\/www.24baires.com\/?cat=51"},"img":{"alt_text":"","src":"https:\/\/i0.wp.com\/www.24baires.com\/wp-content\/uploads\/2019\/11\/cfk-alberto.jpg?resize=350%2C200","width":350,"height":200,"srcset":"https:\/\/i0.wp.com\/www.24baires.com\/wp-content\/uploads\/2019\/11\/cfk-alberto.jpg?resize=350%2C200 1x, https:\/\/i0.wp.com\/www.24baires.com\/wp-content\/uploads\/2019\/11\/cfk-alberto.jpg?resize=525%2C300 1.5x"},"classes":[]},{"id":119288,"url":"http:\/\/www.24baires.com\/?p=119288","url_meta":{"origin":62443,"position":2},"title":"Multitudinarias marchas en todo el pa\u00eds luego del ataque a Cristina","author":"AF","date":"03\/09\/2022","format":false,"excerpt":"Movilizaciones en diferentes ciudades argentinas tuvieron lugar este viernes a ra\u00edz de los hechos violentos sufridos por la Vicepresidenta en la noche de este jueves, con un acto central celebrado en la porte\u00f1a e hist\u00f3rica Plaza de Mayo. Multitudinarias manifestaciones se llevaron a cabo este viernes en todo el pa\u00eds\u2026","rel":"","context":"En \u00abSociedad\u00bb","block_context":{"text":"Sociedad","link":"http:\/\/www.24baires.com\/?cat=1"},"img":{"alt_text":"","src":"https:\/\/i0.wp.com\/www.24baires.com\/wp-content\/uploads\/2022\/09\/plaza-de-mayo.jpg?resize=350%2C200","width":350,"height":200,"srcset":"https:\/\/i0.wp.com\/www.24baires.com\/wp-content\/uploads\/2022\/09\/plaza-de-mayo.jpg?resize=350%2C200 1x, https:\/\/i0.wp.com\/www.24baires.com\/wp-content\/uploads\/2022\/09\/plaza-de-mayo.jpg?resize=525%2C300 1.5x, https:\/\/i0.wp.com\/www.24baires.com\/wp-content\/uploads\/2022\/09\/plaza-de-mayo.jpg?resize=700%2C400 2x"},"classes":[]},{"id":58537,"url":"http:\/\/www.24baires.com\/?p=58537","url_meta":{"origin":62443,"position":3},"title":"La Plaza de Mayo ser\u00e1 sede de la fiesta por los 31 a\u00f1os de democracia","author":"GB","date":"12\/12\/2014","format":false,"excerpt":"Bajo el lema \"Argentina celebra en la Plaza\", la jornada comenzar\u00e1 a partir de las 14, mientras que el discurso de la Presidenta est\u00e1 previsto aproximadamente para las 20. Los 31 a\u00f1os de democracia ininterrumpida y el D\u00eda Internacional de los Derechos Humanos ser\u00e1n celebrados ma\u00f1ana en la Plaza de\u2026","rel":"","context":"En \u00abSociedad\u00bb","block_context":{"text":"Sociedad","link":"http:\/\/www.24baires.com\/?cat=1"},"img":{"alt_text":"","src":"https:\/\/i0.wp.com\/www.24baires.com\/wp-content\/uploads\/2014\/12\/plaza-de-mayo.jpg?resize=350%2C200","width":350,"height":200,"srcset":"https:\/\/i0.wp.com\/www.24baires.com\/wp-content\/uploads\/2014\/12\/plaza-de-mayo.jpg?resize=350%2C200 1x, https:\/\/i0.wp.com\/www.24baires.com\/wp-content\/uploads\/2014\/12\/plaza-de-mayo.jpg?resize=525%2C300 1.5x"},"classes":[]},{"id":17141,"url":"http:\/\/www.24baires.com\/?p=17141","url_meta":{"origin":62443,"position":4},"title":"La Presidenta hizo hincapi\u00e9 en los 30 a\u00f1os de democracia y esta &#8216;d\u00e9cada ganada&#8217;","author":"Grupo Sierra","date":"01\/03\/2013","format":false,"excerpt":"Cristina Fern\u00e1ndez de Kirchner inaugur\u00f3 el 131 per\u00edodo de sesiones ordinarias del Congreso Nacional. En su discurso, recalc\u00f3 el crecimiento del empleo y agradeci\u00f3 \u201ca todas las fuerzas pol\u00edticas por estos 30 a\u00f1os de democracia\u201d. \u00a0 \u00a0 El discurso de la Presidenta, el m\u00e1s extenso de su gesti\u00f3n, que demand\u00f3\u2026","rel":"","context":"En \u00abPol\u00edtica\u00bb","block_context":{"text":"Pol\u00edtica","link":"http:\/\/www.24baires.com\/?cat=51"},"img":{"alt_text":"","src":"","width":0,"height":0},"classes":[]},{"id":66490,"url":"http:\/\/www.24baires.com\/?p=66490","url_meta":{"origin":62443,"position":5},"title":"\u00abNo tengan miedo por lo que va a pasar, ustedes son los verdaderos due\u00f1os de su destino\u00bb","author":"GB","date":"25\/05\/2015","format":false,"excerpt":"La presidenta de la naci\u00f3n habla ante una plaza repleta en el cierre de los festejos por la Semana de Mayo. La presidenta Cristina Fern\u00e1ndez de Kirchner afirm\u00f3 esta noche que \"algunos buitres\" que quedaron afuera de la renegociaci\u00f3n de la deuda externa, \"manejan medios de comunicaci\u00f3n y organizaciones que\u2026","rel":"","context":"En \u00abPol\u00edtica\u00bb","block_context":{"text":"Pol\u00edtica","link":"http:\/\/www.24baires.com\/?cat=51"},"img":{"alt_text":"","src":"https:\/\/i0.wp.com\/www.24baires.com\/wp-content\/uploads\/2015\/05\/cristina-25de-mayo.jpg?resize=350%2C200","width":350,"height":200,"srcset":"https:\/\/i0.wp.com\/www.24baires.com\/wp-content\/uploads\/2015\/05\/cristina-25de-mayo.jpg?resize=350%2C200 1x, https:\/\/i0.wp.com\/www.24baires.com\/wp-content\/uploads\/2015\/05\/cristina-25de-mayo.jpg?resize=525%2C300 1.5x"},"classes":[]}],"jetpack_sharing_enabled":true,"jetpack_likes_enabled":true,"jetpack_featured_media_url":"","_links":{"self":[{"href":"http:\/\/www.24baires.com\/index.php?rest_route=\/wp\/v2\/posts\/62443","targetHints":{"allow":["GET"]}}],"collection":[{"href":"http:\/\/www.24baires.com\/index.php?rest_route=\/wp\/v2\/posts"}],"about":[{"href":"http:\/\/www.24baires.com\/index.php?rest_route=\/wp\/v2\/types\/post"}],"author":[{"embeddable":true,"href":"http:\/\/www.24baires.com\/index.php?rest_route=\/wp\/v2\/users\/11"}],"replies":[{"embeddable":true,"href":"http:\/\/www.24baires.com\/index.php?rest_route=%2Fwp%2Fv2%2Fcomments&post=62443"}],"version-history":[{"count":1,"href":"http:\/\/www.24baires.com\/index.php?rest_route=\/wp\/v2\/posts\/62443\/revisions"}],"predecessor-version":[{"id":62445,"href":"http:\/\/www.24baires.com\/index.php?rest_route=\/wp\/v2\/posts\/62443\/revisions\/62445"}],"wp:attachment":[{"href":"http:\/\/www.24baires.com\/index.php?rest_route=%2Fwp%2Fv2%2Fmedia&parent=62443"}],"wp:term":[{"taxonomy":"category","embeddable":true,"href":"http:\/\/www.24baires.com\/index.php?rest_route=%2Fwp%2Fv2%2Fcategories&post=62443"},{"taxonomy":"post_tag","embeddable":true,"href":"http:\/\/www.24baires.com\/index.php?rest_route=%2Fwp%2Fv2%2Ftags&post=62443"}],"curies":[{"name":"wp","href":"https:\/\/api.w.org\/{rel}","templated":true}]}}