{"id":62432,"date":"2015-02-28T21:01:24","date_gmt":"2015-03-01T00:01:24","guid":{"rendered":"http:\/\/www.24baires.com\/?p=62432"},"modified":"2015-03-01T09:54:04","modified_gmt":"2015-03-01T12:54:04","slug":"kicillof-destaco-el-acuerdo-con-los-docentes-como-un-gesto-de-mucha-madurez","status":"publish","type":"post","link":"http:\/\/www.24baires.com\/?p=62432","title":{"rendered":"Kicillof destac\u00f3 el acuerdo con los docentes como \u00abun gesto de mucha madurez\u00bb"},"content":{"rendered":"<p><img data-recalc-dims=\"1\" loading=\"lazy\" decoding=\"async\" class=\"aligncenter size-full wp-image-50857\" src=\"https:\/\/i0.wp.com\/www.24baires.com\/wp-content\/uploads\/2014\/07\/kicillof.jpg?resize=560%2C373\" alt=\"kicillof\" width=\"560\" height=\"373\" srcset=\"https:\/\/i0.wp.com\/www.24baires.com\/wp-content\/uploads\/2014\/07\/kicillof.jpg?w=560 560w, https:\/\/i0.wp.com\/www.24baires.com\/wp-content\/uploads\/2014\/07\/kicillof.jpg?resize=300%2C199 300w\" sizes=\"auto, (max-width: 560px) 100vw, 560px\" \/>El ministro de Econom\u00eda resalt\u00f3 el cierre de la paritaria nacional docente que se arrib\u00f3 en el d\u00eda de ayer y que permitir\u00e1 el inicio de clases en la mayor\u00eda de las provincias.<!--more--><\/p>\n<p>\u00abHemos demostrando el gran sentido de responsabilidad de cada uno al lograr un acuerdo con las 5 organizaciones docentes\u00bb, resalt\u00f3 el ministro refiri\u00e9ndose al cierre de la paritaria nacional docente que se arrib\u00f3 en el d\u00eda de ayer.<\/p>\n<p>El ministro destac\u00f3, adem\u00e1s, la importancia de haber resuelto la negociaci\u00f3n a trav\u00e9s del di\u00e1logo y el trabajo conjunto del Estado y los gremios al afirmar que \u00abla paritaria es una bandera irrenunciable que ha enarbolado el Gobierno nacional\u00bb.<\/p>\n<p>\u00abDe esta manera hemos consolidado mucho m\u00e1s que el cuadro salarial para este a\u00f1o: hemos fortalecido aspectos que hacen a mejorar las condiciones para los docentes y para la educaci\u00f3n\u00bb, subray\u00f3.<\/p>\n<p>En un comunicado oficial, Kicillof recalc\u00f3 la continua inversi\u00f3n en materia educativa que han establecido como pol\u00edtica los presidentes N\u00e9stor Kirchner y Cristina Fern\u00e1ndez de Kirchner.<\/p>\n<p>\u00abM\u00e1s all\u00e1 de haber sido el gobierno que m\u00e1s escuelas construy\u00f3, tambi\u00e9n se estableci\u00f3 un trabajo conjunto con todos los sectores para trabajar en las necesidades de infraestructura de las instituciones de todo el pa\u00eds\u00bb, afirm\u00f3.<\/p>\n<p>El ministro sostuvo que \u00abla inversi\u00f3n en educaci\u00f3n es uno de los pilares del modelo de crecimiento con inclusi\u00f3n social\u00bb y agreg, por eso sabemos que a trav\u00e9s del di\u00e1logo y la compresi\u00f3n de la situaci\u00f3n de todos los sectores pudimos establecer un acuerdo que nos deja a todos satisfechos y, lo m\u00e1s importante, con los chicos en las escuelas desde el pr\u00f3ximo lunes\u00bb precis\u00f3 el titular de la cartera econ\u00f3mica.<\/p>\n<p>El acuerdo paritario establece que el salario m\u00ednimo docente ascender\u00e1 de $4.400 a $ 5.345, a partir del 1 de marzo de este a\u00f1o.<\/p>\n<p>Pero adem\u00e1s, este a\u00f1o se acord\u00f3 un incremento a partir del mes de agosto pr\u00f3ximo para el Fondo de Incentivo Docente en un 100 por ciento (llev\u00e1ndolo de $255 a $510). Este fondo llega al mill\u00f3n del docentes de todo el pa\u00eds. De este modo, a partir del 1 de agosto de 2015 el salario m\u00ednimo ser\u00e1 de $ 5.600.<\/p>\n<p>El Ministerio de Educaci\u00f3n de la Naci\u00f3n aportar\u00e1, a su vez, $ 275 en cinco cuotas de $ 55, de marzo a julio de este a\u00f1o, en concepto de material did\u00e1ctico para el cargo de maestro de grado cuyo salario sea menos a $ 5.400, espec\u00edficamente para las provincias que se encuentran dentro del programa de compensaci\u00f3n salarial docente. Esto afecta a no m\u00e1s de 60.000 docentes.<\/p>\n","protected":false},"excerpt":{"rendered":"<p>El ministro de Econom\u00eda resalt\u00f3 el cierre de la paritaria nacional docente que se arrib\u00f3 en el d\u00eda de ayer y que permitir\u00e1 el inicio de clases en la mayor\u00eda de las provincias.<\/p>\n","protected":false},"author":8,"featured_media":0,"comment_status":"open","ping_status":"open","sticky":false,"template":"","format":"standard","meta":{"_jetpack_newsletter_access":"","_jetpack_dont_email_post_to_subs":false,"_jetpack_newsletter_tier_id":0,"_jetpack_memberships_contains_paywalled_content":false,"_jetpack_memberships_contains_paid_content":false,"footnotes":""},"categories":[51],"tags":[],"class_list":["post-62432","post","type-post","status-publish","format-standard","hentry","category-politica"],"jetpack_shortlink":"https:\/\/wp.me\/p2JWE0-geY","jetpack-related-posts":[{"id":106892,"url":"http:\/\/www.24baires.com\/?p=106892","url_meta":{"origin":62432,"position":0},"title":"Los docentes volver\u00e1n a pedir la paritaria nacional","author":"AF","date":"18\/02\/2019","format":false,"excerpt":"Los cuatro gremios con representaci\u00f3n en todo el pa\u00eds se reunir\u00e1n esta tarde con el ministro Alejandro Finocchiaro para participar de la \u201cmesa de convenio marco\u201d, la instancia que cre\u00f3 el Gobierno al eliminar la paritaria nacional. \u201cEl Gobierno deber\u00eda cumplir con la ley, convocando a la paritaria nacional docente\u201d,\u2026","rel":"","context":"En \u00abSociedad\u00bb","block_context":{"text":"Sociedad","link":"http:\/\/www.24baires.com\/?cat=1"},"img":{"alt_text":"","src":"https:\/\/i0.wp.com\/www.24baires.com\/wp-content\/uploads\/2018\/06\/docentes-en-lucha.jpg?resize=350%2C200","width":350,"height":200,"srcset":"https:\/\/i0.wp.com\/www.24baires.com\/wp-content\/uploads\/2018\/06\/docentes-en-lucha.jpg?resize=350%2C200 1x, https:\/\/i0.wp.com\/www.24baires.com\/wp-content\/uploads\/2018\/06\/docentes-en-lucha.jpg?resize=525%2C300 1.5x"},"classes":[]},{"id":104904,"url":"http:\/\/www.24baires.com\/?p=104904","url_meta":{"origin":62432,"position":1},"title":"La Provincia pagar\u00e1 el aumento de 30 por ciento pese al rechazo gremial","author":"GB","date":"12\/10\/2018","format":false,"excerpt":"Lo confirm\u00f3 el ministro de Asuntos P\u00fablicos, Federico Su\u00e1rez. Destac\u00f3 la propuesta salarial del Gobierno y acus\u00f3 a los sindicatos de \"mentir\" sobre el presunto cierre de la paritaria. Villegas se sum\u00f3 a las cr\u00edticas y confirm\u00f3 que no habr\u00e1 cl\u00e1usula gatillo. Pese a que los gremios lo rechazaron en\u2026","rel":"","context":"En \u00abProvincia\u00bb","block_context":{"text":"Provincia","link":"http:\/\/www.24baires.com\/?cat=40"},"img":{"alt_text":"","src":"https:\/\/i0.wp.com\/www.24baires.com\/wp-content\/uploads\/2018\/04\/paro-docente-300x182.jpg?resize=350%2C200","width":350,"height":200},"classes":[]},{"id":104792,"url":"http:\/\/www.24baires.com\/?p=104792","url_meta":{"origin":62432,"position":2},"title":"Provincia convocan a estatales y docentes","author":"GB","date":"05\/10\/2018","format":false,"excerpt":"Notific\u00f3 a los sindicatos que a lo largo de la pr\u00f3xima semana se sentar\u00e1 a discutir salarios. El ministro de Trabajo, Marcelo Villegas, neg\u00f3 que \u201cen modo alguno\u201d se haya cerrado la paritaria, como afirman desde el Frente de Unidad Docente. El ministro de Trabajo, Marcelo Villegas, neg\u00f3 enf\u00e1ticamente que\u2026","rel":"","context":"En \u00abProvincia\u00bb","block_context":{"text":"Provincia","link":"http:\/\/www.24baires.com\/?cat=40"},"img":{"alt_text":"","src":"https:\/\/i0.wp.com\/www.24baires.com\/wp-content\/uploads\/2018\/10\/marcelo-villegas.jpg?resize=350%2C200","width":350,"height":200,"srcset":"https:\/\/i0.wp.com\/www.24baires.com\/wp-content\/uploads\/2018\/10\/marcelo-villegas.jpg?resize=350%2C200 1x, https:\/\/i0.wp.com\/www.24baires.com\/wp-content\/uploads\/2018\/10\/marcelo-villegas.jpg?resize=525%2C300 1.5x"},"classes":[]},{"id":113640,"url":"http:\/\/www.24baires.com\/?p=113640","url_meta":{"origin":62432,"position":3},"title":"Confirmaron que en \u201clas pr\u00f3ximas semanas\u201d definir\u00e1n la agenda de la paritaria nacional docente","author":"GB","date":"31\/12\/2019","format":false,"excerpt":"Desde el Poder Ejecutivo adelantaron que trabajan en una primera convocatoria para avanzar en la discusi\u00f3n con los trabajadores de la educaci\u00f3n en todo el pa\u00eds. Tras los cuatro a\u00f1os del gobierno de Mauricio Macri, volver\u00e1 a la escena la paritaria nacional docente y en ese aspecto el Poder Ejecutivo\u2026","rel":"","context":"En \u00abPol\u00edtica\u00bb","block_context":{"text":"Pol\u00edtica","link":"http:\/\/www.24baires.com\/?cat=51"},"img":{"alt_text":"","src":"https:\/\/i0.wp.com\/www.24baires.com\/wp-content\/uploads\/2014\/03\/aulas-vac%C3%ADas.jpg?resize=350%2C200","width":350,"height":200},"classes":[]},{"id":113696,"url":"http:\/\/www.24baires.com\/?p=113696","url_meta":{"origin":62432,"position":4},"title":"Paritaria nacional: planean convocar a los docentes en enero","author":"GB","date":"07\/01\/2020","format":false,"excerpt":"As\u00ed lo confirm\u00f3 el ministro de Educaci\u00f3n, Nicol\u00e1s Trotta, quien asegur\u00f3 que \"est\u00e1n buscando la mejor alternativa para que los estudiantes est\u00e9n en las aulas en marzo\". El ministro de Educaci\u00f3n, Nicol\u00e1s Trotta, sostuvo que el Gobierno nacional trabaja para \"instrumentar, a mediados de este mes, la convocatoria a una\u2026","rel":"","context":"En \u00abPol\u00edtica\u00bb","block_context":{"text":"Pol\u00edtica","link":"http:\/\/www.24baires.com\/?cat=51"},"img":{"alt_text":"","src":"https:\/\/i0.wp.com\/www.24baires.com\/wp-content\/uploads\/2020\/01\/misnistro-educacion.jpg?resize=350%2C200","width":350,"height":200,"srcset":"https:\/\/i0.wp.com\/www.24baires.com\/wp-content\/uploads\/2020\/01\/misnistro-educacion.jpg?resize=350%2C200 1x, https:\/\/i0.wp.com\/www.24baires.com\/wp-content\/uploads\/2020\/01\/misnistro-educacion.jpg?resize=525%2C300 1.5x"},"classes":[]},{"id":113367,"url":"http:\/\/www.24baires.com\/?p=113367","url_meta":{"origin":62432,"position":5},"title":"Baradel celebr\u00f3 que vuelva la paritaria nacional docente","author":"GB","date":"12\/12\/2019","format":false,"excerpt":"El secretario general del Sindicato \u00danico de Trabajadores de la Educaci\u00f3n de Buenos Aires (Suteba), Roberto Baradel, celebr\u00f3 hoy que el gobierno nacional restituya la paritaria nacional docente, una instancia de negociaci\u00f3n con fuerza de ley que fue clausurada por decreto durante la administraci\u00f3n de Mauricio Macri. El dirigente gremial\u2026","rel":"","context":"En \u00abProvincia\u00bb","block_context":{"text":"Provincia","link":"http:\/\/www.24baires.com\/?cat=40"},"img":{"alt_text":"","src":"https:\/\/i0.wp.com\/www.24baires.com\/wp-content\/uploads\/2018\/09\/baradel.jpg?resize=350%2C200","width":350,"height":200,"srcset":"https:\/\/i0.wp.com\/www.24baires.com\/wp-content\/uploads\/2018\/09\/baradel.jpg?resize=350%2C200 1x, https:\/\/i0.wp.com\/www.24baires.com\/wp-content\/uploads\/2018\/09\/baradel.jpg?resize=525%2C300 1.5x"},"classes":[]}],"jetpack_sharing_enabled":true,"jetpack_likes_enabled":true,"jetpack_featured_media_url":"","_links":{"self":[{"href":"http:\/\/www.24baires.com\/index.php?rest_route=\/wp\/v2\/posts\/62432","targetHints":{"allow":["GET"]}}],"collection":[{"href":"http:\/\/www.24baires.com\/index.php?rest_route=\/wp\/v2\/posts"}],"about":[{"href":"http:\/\/www.24baires.com\/index.php?rest_route=\/wp\/v2\/types\/post"}],"author":[{"embeddable":true,"href":"http:\/\/www.24baires.com\/index.php?rest_route=\/wp\/v2\/users\/8"}],"replies":[{"embeddable":true,"href":"http:\/\/www.24baires.com\/index.php?rest_route=%2Fwp%2Fv2%2Fcomments&post=62432"}],"version-history":[{"count":1,"href":"http:\/\/www.24baires.com\/index.php?rest_route=\/wp\/v2\/posts\/62432\/revisions"}],"predecessor-version":[{"id":62433,"href":"http:\/\/www.24baires.com\/index.php?rest_route=\/wp\/v2\/posts\/62432\/revisions\/62433"}],"wp:attachment":[{"href":"http:\/\/www.24baires.com\/index.php?rest_route=%2Fwp%2Fv2%2Fmedia&parent=62432"}],"wp:term":[{"taxonomy":"category","embeddable":true,"href":"http:\/\/www.24baires.com\/index.php?rest_route=%2Fwp%2Fv2%2Fcategories&post=62432"},{"taxonomy":"post_tag","embeddable":true,"href":"http:\/\/www.24baires.com\/index.php?rest_route=%2Fwp%2Fv2%2Ftags&post=62432"}],"curies":[{"name":"wp","href":"https:\/\/api.w.org\/{rel}","templated":true}]}}