{"id":62422,"date":"2015-02-28T19:30:52","date_gmt":"2015-02-28T22:30:52","guid":{"rendered":"http:\/\/www.24baires.com\/?p=62422"},"modified":"2015-02-28T19:22:49","modified_gmt":"2015-02-28T22:22:49","slug":"feb-y-udocba-ratificaron-el-paro-del-lunes","status":"publish","type":"post","link":"http:\/\/www.24baires.com\/?p=62422","title":{"rendered":"FEB y Udocba ratificaron el paro del lunes"},"content":{"rendered":"<p><img data-recalc-dims=\"1\" loading=\"lazy\" decoding=\"async\" class=\"aligncenter size-full wp-image-42098\" src=\"https:\/\/i0.wp.com\/www.24baires.com\/wp-content\/uploads\/2014\/03\/aula-vac%C3%ADa.jpg?resize=560%2C386\" alt=\"aula vac\u00eda\" width=\"560\" height=\"386\" srcset=\"https:\/\/i0.wp.com\/www.24baires.com\/wp-content\/uploads\/2014\/03\/aula-vac%C3%ADa.jpg?w=560 560w, https:\/\/i0.wp.com\/www.24baires.com\/wp-content\/uploads\/2014\/03\/aula-vac%C3%ADa.jpg?resize=300%2C206 300w\" sizes=\"auto, (max-width: 560px) 100vw, 560px\" \/>La Federaci\u00f3n de Educadores de la provincia de Buenos Aires (FEB) y la Uni\u00f3n de Docentes de la provincia de Buenos Aires (Udocba) desconocieron hoy la conciliaci\u00f3n obligatoria dictada por el gobierno provincial con el fin de garantizar el lunes pr\u00f3ximo el inicio del ciclo lectivo y ratificaron el paro a partir del 2 de marzo.<!--more--><\/p>\n<p>El gobernador bonaerense Daniel Scioli anunci\u00f3 anoche que el ministerio de Trabajo provincial dict\u00f3 la conciliaci\u00f3n obligatoria para garantizar el inicio del ciclo lectivo 2015 el pr\u00f3ximo lunes luego que dos gremios rechazaran la propuesta oficial de incremento salarial y convocaran a un paro de actividades a partir del lunes 2 de marzo.<\/p>\n<p>Fuentes de la FEB confirmaron que el gremio ratific\u00f3 la medida de fuerza a partir del lunes pr\u00f3ximo tras desconocer al ministerio de Trabajo como un \u00f3rgano competente para dictar la conciliaci\u00f3n obligatoria, ya que no es el Organismo imparcial que contempla la Constituci\u00f3n.<br \/>\n\u00abEl Ejecutivo no puede ser juez y parte\u00bb, consider\u00f3 la fuente, que explic\u00f3 que la propuesta salarial del gobierno bonaerense fue rechazada por \u00abprovocar un achatamiento de la pir\u00e1mide salarial, ya que el docente que se iniciar\u00eda cobrar\u00eda los mismo que un maestro con 10 o 15 a\u00f1os de antig\u00fcedad\u00bb.<\/p>\n<p>Por su parte, Alejandro Salcedo, secretario general adjunto de Udocba, gremio que reclama un sueldo b\u00e1sico de 9 mil pesos, expres\u00f3 en la p\u00e1gina web del gremio que \u00abse ratifica el plan de lucha que incluye paro el 2 de marzo, con movilizaci\u00f3n a La Plata, y el d\u00eda 3 de marzo paro con asambleas en todos los distritos para evaluar c\u00f3mo sigue el plan de lucha\u00bb.<\/p>\n<p>Remarc\u00f3 que el sueldo docente \u00abse ha visto seriamente afectado por la inflaci\u00f3n y la deplorable propuesta salarial del gobierno provincial\u00bb.<\/p>\n<p>El asesor legal de Udocba, Leandro Nimo, explic\u00f3 que \u00abel gobierno bonaerense no convoc\u00f3 a paritarias, sino que fueron s\u00f3lo reuniones de comisiones t\u00e9cnicas que no constituyen una verdadera paritaria\u00bb.<\/p>\n<p>\u00abAdem\u00e1s, no hemos sido notificados del conflicto colectivo (la conciliaci\u00f3n obligatoria). Nos hemos enterado por los medios period\u00edsticos\u00bb, afirm\u00f3.<\/p>\n<p>Y remarc\u00f3 que \u00abnada impide que el paro se realice el lunes pr\u00f3ximo, ya que no hemos sido notificados (de la conciliaci\u00f3n) y a\u00fan cuando hubi\u00e9ramos sido notificados, la medida es de dudosa validez porque el ministerio de Trabajo bonaerense no es el \u00f3rgano imparcial que exige la Constituci\u00f3n provincial\u00bb.<\/p>\n<p>&nbsp;<\/p>\n<p>&nbsp;<\/p>\n<p>&nbsp;<\/p>\n<p>&nbsp;<\/p>\n<p>&nbsp;<\/p>\n<p>&nbsp;<\/p>\n<p>&nbsp;<\/p>\n<p>&nbsp;<\/p>\n<p>&nbsp;<\/p>\n<p>&nbsp;<\/p>\n<p>&nbsp;<\/p>\n<p>&nbsp;<\/p>\n<p>&nbsp;<\/p>\n<p>&nbsp;<\/p>\n","protected":false},"excerpt":{"rendered":"<p>La Federaci\u00f3n de Educadores de la provincia de Buenos Aires (FEB) y la Uni\u00f3n de Docentes de la provincia de Buenos Aires (Udocba) desconocieron hoy la conciliaci\u00f3n obligatoria dictada por el gobierno provincial con el fin de garantizar el lunes pr\u00f3ximo el inicio del ciclo lectivo y ratificaron el paro a partir del 2 de marzo.<\/p>\n","protected":false},"author":8,"featured_media":0,"comment_status":"open","ping_status":"open","sticky":false,"template":"","format":"standard","meta":{"_jetpack_newsletter_access":"","_jetpack_dont_email_post_to_subs":false,"_jetpack_newsletter_tier_id":0,"_jetpack_memberships_contains_paywalled_content":false,"_jetpack_memberships_contains_paid_content":false,"footnotes":""},"categories":[51],"tags":[],"class_list":["post-62422","post","type-post","status-publish","format-standard","hentry","category-politica"],"jetpack_shortlink":"https:\/\/wp.me\/p2JWE0-geO","jetpack-related-posts":[{"id":62392,"url":"http:\/\/www.24baires.com\/?p=62392","url_meta":{"origin":62422,"position":0},"title":"Docentes: dictaron conciliaci\u00f3n obligatoria en Provincia","author":"Grupo Sierra","date":"27\/02\/2015","format":false,"excerpt":"El Gobierno bonaerense dispuso esta medida a los gremios FEB y UDOCBA que rechazaron la oferta salarial y que convocaron a un paro el lunes. La propuesta provincial llevar\u00e1 a 7.000 pesos el salario inicial de un maestro de grado sin antig\u00fcedad en el mes de marzo y garantiz\u00f3, con\u2026","rel":"","context":"En \u00abProvincia\u00bb","block_context":{"text":"Provincia","link":"http:\/\/www.24baires.com\/?cat=40"},"img":{"alt_text":"feb","src":"https:\/\/i0.wp.com\/www.24baires.com\/wp-content\/uploads\/2013\/06\/feb.jpg?resize=350%2C200","width":350,"height":200,"srcset":"https:\/\/i0.wp.com\/www.24baires.com\/wp-content\/uploads\/2013\/06\/feb.jpg?resize=350%2C200 1x, https:\/\/i0.wp.com\/www.24baires.com\/wp-content\/uploads\/2013\/06\/feb.jpg?resize=525%2C300 1.5x"},"classes":[]},{"id":62627,"url":"http:\/\/www.24baires.com\/?p=62627","url_meta":{"origin":62422,"position":1},"title":"El 88% de los alumnos concurri\u00f3 al tercer d\u00eda de clases en la Provincia","author":"GB","date":"04\/03\/2015","format":false,"excerpt":"El 88 por ciento de los alumnos de la provincia de Buenos Aires tuvo clases en el tercer d\u00eda del ciclo lectivo 2015, seg\u00fan un relevamiento realizado por la Direcci\u00f3n General de Cultura y Educaci\u00f3n de la provincia durante el turno ma\u00f1ana. El informe revel\u00f3 que el 99 por ciento\u2026","rel":"","context":"En \u00abProvincia\u00bb","block_context":{"text":"Provincia","link":"http:\/\/www.24baires.com\/?cat=40"},"img":{"alt_text":"escuela03","src":"https:\/\/i0.wp.com\/www.24baires.com\/wp-content\/uploads\/2014\/05\/escuela03.jpg?resize=350%2C200","width":350,"height":200,"srcset":"https:\/\/i0.wp.com\/www.24baires.com\/wp-content\/uploads\/2014\/05\/escuela03.jpg?resize=350%2C200 1x, https:\/\/i0.wp.com\/www.24baires.com\/wp-content\/uploads\/2014\/05\/escuela03.jpg?resize=525%2C300 1.5x"},"classes":[]},{"id":62553,"url":"http:\/\/www.24baires.com\/?p=62553","url_meta":{"origin":62422,"position":2},"title":"Aseguran que el 99% de las escuelas bonaerenses abrieron en el segundo d\u00eda de clases","author":"AF","date":"03\/03\/2015","format":false,"excerpt":"Seg\u00fan el informe elaborado por la Direcci\u00f3n General de Escuelas, la mayor\u00eda de las 16.000 escuelas existentes permanecieron abiertas a pesar de la medida de fuerza dispuesta por auxiliares de la educaci\u00f3n, el Frente de Educadores Bonaerenses (FEB) y la Uni\u00f3n de Docentes de la provincia de Buenos Aires (Udocba).\u2026","rel":"","context":"En \u00abProvincia\u00bb","block_context":{"text":"Provincia","link":"http:\/\/www.24baires.com\/?cat=40"},"img":{"alt_text":"","src":"","width":0,"height":0},"classes":[]},{"id":93068,"url":"http:\/\/www.24baires.com\/?p=93068","url_meta":{"origin":62422,"position":3},"title":"En medio del conflicto docente, Vidal convoc\u00f3 a una conferencia de prensa","author":"GB","date":"14\/03\/2017","format":false,"excerpt":"La gobernadora bonaerense cit\u00f3 a los medios para este mi\u00e9rcoles a las 10 para hablar sobre el conflicto que mantiene con los gremios docentes a partir de la estancada discusi\u00f3n paritaria. La gobernadora de la provincia de Buenos Aires, Mar\u00eda Eugenia Vidal, convoc\u00f3 a los medios a una conferencia de\u2026","rel":"","context":"En \u00abProvincia\u00bb","block_context":{"text":"Provincia","link":"http:\/\/www.24baires.com\/?cat=40"},"img":{"alt_text":"","src":"https:\/\/i0.wp.com\/www.24baires.com\/wp-content\/uploads\/2016\/12\/vidall.jpg?resize=350%2C200","width":350,"height":200,"srcset":"https:\/\/i0.wp.com\/www.24baires.com\/wp-content\/uploads\/2016\/12\/vidall.jpg?resize=350%2C200 1x, https:\/\/i0.wp.com\/www.24baires.com\/wp-content\/uploads\/2016\/12\/vidall.jpg?resize=525%2C300 1.5x"},"classes":[]},{"id":103586,"url":"http:\/\/www.24baires.com\/?p=103586","url_meta":{"origin":62422,"position":4},"title":"Suteba para y eval\u00faan multa por \u00abincumplimiento\u00bb de la conciliaci\u00f3n","author":"AF","date":"30\/07\/2018","format":false,"excerpt":"El Sindicato Unificado de Trabajadores de la Educaci\u00f3n de Buenos Aires (Suteba) iniciar\u00e1 este lunes un paro de 48 horas en el marco de una medida de fuerza convocada por la Ctera, la confederaci\u00f3n que lo aglutina a nivel nacional, algo que desde el Gobierno considerar\u00edan como incumplimiento de la\u2026","rel":"","context":"En \u00abSociedad\u00bb","block_context":{"text":"Sociedad","link":"http:\/\/www.24baires.com\/?cat=1"},"img":{"alt_text":"","src":"https:\/\/i0.wp.com\/www.24baires.com\/wp-content\/uploads\/2017\/04\/baradel-suteba.jpg?resize=350%2C200","width":350,"height":200,"srcset":"https:\/\/i0.wp.com\/www.24baires.com\/wp-content\/uploads\/2017\/04\/baradel-suteba.jpg?resize=350%2C200 1x, https:\/\/i0.wp.com\/www.24baires.com\/wp-content\/uploads\/2017\/04\/baradel-suteba.jpg?resize=525%2C300 1.5x"},"classes":[]},{"id":103577,"url":"http:\/\/www.24baires.com\/?p=103577","url_meta":{"origin":62422,"position":5},"title":"Docentes definen si acatan la conciliaci\u00f3n obligatoria","author":"AF","date":"28\/07\/2018","format":false,"excerpt":"Los gremios que integran el Frente de Unidad Docente (FUDB) responder\u00e1n ma\u00f1ana si acatan o no la conciliaci\u00f3n obligatoria que dict\u00f3 este viernes el gobierno bonaerense para evitar un paro de 72 horas desde el lunes. En tanto, UDA (que no forma parte del nucleamiento de unidad) adelant\u00f3 que acatar\u00e1\u2026","rel":"","context":"En \u00abSociedad\u00bb","block_context":{"text":"Sociedad","link":"http:\/\/www.24baires.com\/?cat=1"},"img":{"alt_text":"","src":"https:\/\/i0.wp.com\/www.24baires.com\/wp-content\/uploads\/2018\/02\/docentes.jpg?resize=350%2C200","width":350,"height":200,"srcset":"https:\/\/i0.wp.com\/www.24baires.com\/wp-content\/uploads\/2018\/02\/docentes.jpg?resize=350%2C200 1x, https:\/\/i0.wp.com\/www.24baires.com\/wp-content\/uploads\/2018\/02\/docentes.jpg?resize=525%2C300 1.5x"},"classes":[]}],"jetpack_sharing_enabled":true,"jetpack_likes_enabled":true,"jetpack_featured_media_url":"","_links":{"self":[{"href":"http:\/\/www.24baires.com\/index.php?rest_route=\/wp\/v2\/posts\/62422","targetHints":{"allow":["GET"]}}],"collection":[{"href":"http:\/\/www.24baires.com\/index.php?rest_route=\/wp\/v2\/posts"}],"about":[{"href":"http:\/\/www.24baires.com\/index.php?rest_route=\/wp\/v2\/types\/post"}],"author":[{"embeddable":true,"href":"http:\/\/www.24baires.com\/index.php?rest_route=\/wp\/v2\/users\/8"}],"replies":[{"embeddable":true,"href":"http:\/\/www.24baires.com\/index.php?rest_route=%2Fwp%2Fv2%2Fcomments&post=62422"}],"version-history":[{"count":1,"href":"http:\/\/www.24baires.com\/index.php?rest_route=\/wp\/v2\/posts\/62422\/revisions"}],"predecessor-version":[{"id":62423,"href":"http:\/\/www.24baires.com\/index.php?rest_route=\/wp\/v2\/posts\/62422\/revisions\/62423"}],"wp:attachment":[{"href":"http:\/\/www.24baires.com\/index.php?rest_route=%2Fwp%2Fv2%2Fmedia&parent=62422"}],"wp:term":[{"taxonomy":"category","embeddable":true,"href":"http:\/\/www.24baires.com\/index.php?rest_route=%2Fwp%2Fv2%2Fcategories&post=62422"},{"taxonomy":"post_tag","embeddable":true,"href":"http:\/\/www.24baires.com\/index.php?rest_route=%2Fwp%2Fv2%2Ftags&post=62422"}],"curies":[{"name":"wp","href":"https:\/\/api.w.org\/{rel}","templated":true}]}}