{"id":62398,"date":"2015-02-28T10:30:07","date_gmt":"2015-02-28T13:30:07","guid":{"rendered":"http:\/\/www.24baires.com\/?p=62398"},"modified":"2015-03-01T09:54:10","modified_gmt":"2015-03-01T12:54:10","slug":"mussi-las-palabras-de-la-presidenta-siempre-son-muy-ricas","status":"publish","type":"post","link":"http:\/\/www.24baires.com\/?p=62398","title":{"rendered":"Mussi: \u201cLas palabras de la Presidenta siempre son muy ricas\u201d"},"content":{"rendered":"<p><img data-recalc-dims=\"1\" loading=\"lazy\" decoding=\"async\" class=\"alignleft wp-image-62399 size-medium\" src=\"https:\/\/i0.wp.com\/www.24baires.com\/wp-content\/uploads\/2015\/02\/cristina-mussi.jpg?resize=300%2C199\" alt=\"cristina mussi\" width=\"300\" height=\"199\" srcset=\"https:\/\/i0.wp.com\/www.24baires.com\/wp-content\/uploads\/2015\/02\/cristina-mussi.jpg?resize=300%2C199 300w, https:\/\/i0.wp.com\/www.24baires.com\/wp-content\/uploads\/2015\/02\/cristina-mussi.jpg?w=510 510w\" sizes=\"auto, (max-width: 300px) 100vw, 300px\" \/>Lo dijo hoy el intendente de Berazategui en referencia al discurso de Cristina Fern\u00e1ndez de Kirchner que se espera para ma\u00f1ana en el marco de la apertura de las sesiones ordinarias del Congreso.<!--more--><\/p>\n<p>El jefe comunal consider\u00f3 que \u00abser\u00eda una falta de respeto que la oposici\u00f3n no fuera a escucharla, porque ellos tambi\u00e9n son los representates del pa\u00eds entero\u201d.<\/p>\n<p>Mussi apunt\u00f3 -en declaraciones a radio La Red- que \u00abpara todos los que tuvimos alguna vez la posibilidad de tener a la presidenta cerca, nadie puede negar, les guste o no, que cada vez que uno escucha los discursos -adem\u00e1s de que no los lee y est\u00e1n cargados de informaci\u00f3n- no s\u00f3lo tiene anuncios, sino que rinde cuentas, y clarifica mucho las ideas que todos los dirigentes que tenemos las mismas ideas tenemos y a veces, no podemos expresar tan claramente\u201d.<\/p>\n<p>\u201cA los que les guste o no la presidenta, todos sabemos que van a pasar muchos a\u00f1os para que el pa\u00eds vuelva a tener una mandataria tan completa y con tantas convicciones\u201d, resumi\u00f3 Mussi.<\/p>\n","protected":false},"excerpt":{"rendered":"<p>Lo dijo hoy el intendente de Berazategui en referencia al discurso de Cristina Fern\u00e1ndez de Kirchner que se espera para ma\u00f1ana en el marco de la apertura de las sesiones ordinarias del Congreso.<\/p>\n","protected":false},"author":4,"featured_media":0,"comment_status":"open","ping_status":"open","sticky":false,"template":"","format":"standard","meta":{"_jetpack_newsletter_access":"","_jetpack_dont_email_post_to_subs":false,"_jetpack_newsletter_tier_id":0,"_jetpack_memberships_contains_paywalled_content":false,"_jetpack_memberships_contains_paid_content":false,"footnotes":""},"categories":[51],"tags":[],"class_list":["post-62398","post","type-post","status-publish","format-standard","hentry","category-politica"],"jetpack_shortlink":"https:\/\/wp.me\/p2JWE0-geq","jetpack-related-posts":[{"id":102097,"url":"http:\/\/www.24baires.com\/?p=102097","url_meta":{"origin":62398,"position":0},"title":"Berazategui: piden investigar a Mussi por la muerte de dos ni\u00f1os tras ingerir agua contaminada","author":"AF","date":"11\/05\/2018","format":false,"excerpt":"Una fiscal federal pidi\u00f3 la declaraci\u00f3n indagatoria al intendente de Berazategui, Patricio Mussi, en la causa que investiga la muerte de dos ni\u00f1os a causa de la ingesta de agua con altos grados de contaminaci\u00f3n. La fiscal federal de Quilmes, Silvia Cavallo, le pidi\u00f3 al juez Luis Armella que cite\u2026","rel":"","context":"En \u00abLocales\u00bb","block_context":{"text":"Locales","link":"http:\/\/www.24baires.com\/?cat=38"},"img":{"alt_text":"","src":"https:\/\/i0.wp.com\/www.24baires.com\/wp-content\/uploads\/2018\/05\/mussi.jpg?resize=350%2C200","width":350,"height":200,"srcset":"https:\/\/i0.wp.com\/www.24baires.com\/wp-content\/uploads\/2018\/05\/mussi.jpg?resize=350%2C200 1x, https:\/\/i0.wp.com\/www.24baires.com\/wp-content\/uploads\/2018\/05\/mussi.jpg?resize=525%2C300 1.5x"},"classes":[]},{"id":114935,"url":"http:\/\/www.24baires.com\/?p=114935","url_meta":{"origin":62398,"position":1},"title":"Kicillof recibi\u00f3 a intendentes oficialistas de la Tercera Secci\u00f3n","author":"AF","date":"06\/05\/2020","format":false,"excerpt":"El gobernador estuvo con Fernando Espinoza, Jorge Ferraresi, Juan Jos\u00e9 Mussi, Mario Secco, Mart\u00edn Insaurralde y Mariano Cascallares. El gobernador bonaerense, Axel Kicillof, viene manteniendo una serie de encuentros con intendentes para evaluar la continuidad de la ayuda financiera de la Provincia a los municipios frente a la crisis que\u2026","rel":"","context":"En \u00abProvincia\u00bb","block_context":{"text":"Provincia","link":"http:\/\/www.24baires.com\/?cat=40"},"img":{"alt_text":"","src":"https:\/\/i0.wp.com\/www.24baires.com\/wp-content\/uploads\/2020\/05\/kicillof-intendentes.jpg?resize=350%2C200","width":350,"height":200,"srcset":"https:\/\/i0.wp.com\/www.24baires.com\/wp-content\/uploads\/2020\/05\/kicillof-intendentes.jpg?resize=350%2C200 1x, https:\/\/i0.wp.com\/www.24baires.com\/wp-content\/uploads\/2020\/05\/kicillof-intendentes.jpg?resize=525%2C300 1.5x"},"classes":[]},{"id":64037,"url":"http:\/\/www.24baires.com\/?p=64037","url_meta":{"origin":62398,"position":2},"title":"Todos contra Insaurralde: Para Mussi, \u00abse burl\u00f3\u00bb de quienes lo llevaron en la boleta","author":"GB","date":"09\/04\/2015","format":false,"excerpt":"\"No puede dar todo lo mismo, ir con uno o ir con otro\", enfatiz\u00f3 el intendente de Berazategui, y agreg\u00f3: \"No es el mensaje que tenemos que darles a los j\u00f3venes; yo pertenezco a un proyecto pol\u00edtico, defiendo determinadas ideas y abrazo una ideolog\u00eda\". El intendente de Berazategui y precandidato\u2026","rel":"","context":"En \u00abPol\u00edtica\u00bb","block_context":{"text":"Pol\u00edtica","link":"http:\/\/www.24baires.com\/?cat=51"},"img":{"alt_text":"mussi berazategui","src":"https:\/\/i0.wp.com\/www.24baires.com\/wp-content\/uploads\/2013\/01\/mussi-berazategui.jpg?resize=350%2C200","width":350,"height":200,"srcset":"https:\/\/i0.wp.com\/www.24baires.com\/wp-content\/uploads\/2013\/01\/mussi-berazategui.jpg?resize=350%2C200 1x, https:\/\/i0.wp.com\/www.24baires.com\/wp-content\/uploads\/2013\/01\/mussi-berazategui.jpg?resize=525%2C300 1.5x"},"classes":[]},{"id":64000,"url":"http:\/\/www.24baires.com\/?p=64000","url_meta":{"origin":62398,"position":3},"title":"Para Mussi \u00abInsaurralde no representa al modelo\u00bb","author":"Grupo Sierra","date":"08\/04\/2015","format":false,"excerpt":"El intendente de Berazategui y precandidato a gobernador de la provincia de Buenos Aires, Juan Patricio Mussi, expres\u00f3 que le llama la atenci\u00f3n que \"despu\u00e9s de tanto silencio\", Mart\u00edn Insaurralde se postule como gobernador bonaerense. En referencia a las intenciones del actual intendente de Lomas de Zamora, manifestadas en las\u2026","rel":"","context":"En \u00abPol\u00edtica\u00bb","block_context":{"text":"Pol\u00edtica","link":"http:\/\/www.24baires.com\/?cat=51"},"img":{"alt_text":"mussi berazategui","src":"https:\/\/i0.wp.com\/www.24baires.com\/wp-content\/uploads\/2013\/01\/mussi-berazategui.jpg?resize=350%2C200","width":350,"height":200,"srcset":"https:\/\/i0.wp.com\/www.24baires.com\/wp-content\/uploads\/2013\/01\/mussi-berazategui.jpg?resize=350%2C200 1x, https:\/\/i0.wp.com\/www.24baires.com\/wp-content\/uploads\/2013\/01\/mussi-berazategui.jpg?resize=525%2C300 1.5x"},"classes":[]},{"id":114242,"url":"http:\/\/www.24baires.com\/?p=114242","url_meta":{"origin":62398,"position":4},"title":"Kicillof se reuni\u00f3 con intendentes del Frente de Todos","author":"AF","date":"28\/02\/2020","format":false,"excerpt":"El Gobernador bonaerense mantuvo un encuentro con jefes comunales de la Tercera Secci\u00f3n Electoral. Para avanzar en la construcci\u00f3n de una agenda en com\u00fan y conformar equipos de trabajo, Axel Kicillof recibi\u00f3 este viernes en La Plata a intendentes e intendentas del Frente de Todos. \u201cComo venimos haciendo desde el\u2026","rel":"","context":"En \u00abProvincia\u00bb","block_context":{"text":"Provincia","link":"http:\/\/www.24baires.com\/?cat=40"},"img":{"alt_text":"","src":"https:\/\/i0.wp.com\/www.24baires.com\/wp-content\/uploads\/2020\/02\/4e70b823aa9969498199c0d0698b57b6.jpg?resize=350%2C200","width":350,"height":200,"srcset":"https:\/\/i0.wp.com\/www.24baires.com\/wp-content\/uploads\/2020\/02\/4e70b823aa9969498199c0d0698b57b6.jpg?resize=350%2C200 1x, https:\/\/i0.wp.com\/www.24baires.com\/wp-content\/uploads\/2020\/02\/4e70b823aa9969498199c0d0698b57b6.jpg?resize=525%2C300 1.5x"},"classes":[]},{"id":57893,"url":"http:\/\/www.24baires.com\/?p=57893","url_meta":{"origin":62398,"position":5},"title":"\u00abNo me representa ninguno de los oradores del Encuentro del PJ Bonaerense\u00bb","author":"Grupo Sierra","date":"29\/11\/2014","format":false,"excerpt":"As\u00ed lo se\u00f1al\u00f3 Patricio Mussi a trav\u00e9s de redes sociales. Dispar\u00f3 contra el partido y los asistentes al Consejo organizado en La Plata. El encuentro del peronismo que se realiz\u00f3 en la ciudad de La Plata gener\u00f3 la cr\u00edtica del intendente de Berazategui, Patricio Mussi, quien a trav\u00e9s de la\u2026","rel":"","context":"En \u00abPol\u00edtica\u00bb","block_context":{"text":"Pol\u00edtica","link":"http:\/\/www.24baires.com\/?cat=51"},"img":{"alt_text":"pj bonaerense","src":"https:\/\/i0.wp.com\/www.24baires.com\/wp-content\/uploads\/2014\/11\/pj-bonaerense.jpg?resize=350%2C200","width":350,"height":200,"srcset":"https:\/\/i0.wp.com\/www.24baires.com\/wp-content\/uploads\/2014\/11\/pj-bonaerense.jpg?resize=350%2C200 1x, https:\/\/i0.wp.com\/www.24baires.com\/wp-content\/uploads\/2014\/11\/pj-bonaerense.jpg?resize=525%2C300 1.5x"},"classes":[]}],"jetpack_sharing_enabled":true,"jetpack_likes_enabled":true,"jetpack_featured_media_url":"","_links":{"self":[{"href":"http:\/\/www.24baires.com\/index.php?rest_route=\/wp\/v2\/posts\/62398","targetHints":{"allow":["GET"]}}],"collection":[{"href":"http:\/\/www.24baires.com\/index.php?rest_route=\/wp\/v2\/posts"}],"about":[{"href":"http:\/\/www.24baires.com\/index.php?rest_route=\/wp\/v2\/types\/post"}],"author":[{"embeddable":true,"href":"http:\/\/www.24baires.com\/index.php?rest_route=\/wp\/v2\/users\/4"}],"replies":[{"embeddable":true,"href":"http:\/\/www.24baires.com\/index.php?rest_route=%2Fwp%2Fv2%2Fcomments&post=62398"}],"version-history":[{"count":2,"href":"http:\/\/www.24baires.com\/index.php?rest_route=\/wp\/v2\/posts\/62398\/revisions"}],"predecessor-version":[{"id":62410,"href":"http:\/\/www.24baires.com\/index.php?rest_route=\/wp\/v2\/posts\/62398\/revisions\/62410"}],"wp:attachment":[{"href":"http:\/\/www.24baires.com\/index.php?rest_route=%2Fwp%2Fv2%2Fmedia&parent=62398"}],"wp:term":[{"taxonomy":"category","embeddable":true,"href":"http:\/\/www.24baires.com\/index.php?rest_route=%2Fwp%2Fv2%2Fcategories&post=62398"},{"taxonomy":"post_tag","embeddable":true,"href":"http:\/\/www.24baires.com\/index.php?rest_route=%2Fwp%2Fv2%2Ftags&post=62398"}],"curies":[{"name":"wp","href":"https:\/\/api.w.org\/{rel}","templated":true}]}}