{"id":62384,"date":"2015-02-27T16:10:16","date_gmt":"2015-02-27T19:10:16","guid":{"rendered":"http:\/\/www.24baires.com\/?p=62384"},"modified":"2015-02-27T16:10:16","modified_gmt":"2015-02-27T19:10:16","slug":"carrio-tiene-miedo-de-que-la-maten-en-la-apertura-de-sesiones","status":"publish","type":"post","link":"http:\/\/www.24baires.com\/?p=62384","title":{"rendered":"Carri\u00f3 tiene miedo de que la maten en la apertura de sesiones"},"content":{"rendered":"<p><img data-recalc-dims=\"1\" loading=\"lazy\" decoding=\"async\" class=\"aligncenter size-full wp-image-37654\" src=\"https:\/\/i0.wp.com\/www.24baires.com\/wp-content\/uploads\/2013\/12\/carri%C3%B3.jpg?resize=560%2C384\" alt=\"carri\u00f3\" width=\"560\" height=\"384\" srcset=\"https:\/\/i0.wp.com\/www.24baires.com\/wp-content\/uploads\/2013\/12\/carri%C3%B3.jpg?w=560 560w, https:\/\/i0.wp.com\/www.24baires.com\/wp-content\/uploads\/2013\/12\/carri%C3%B3.jpg?resize=300%2C205 300w\" sizes=\"auto, (max-width: 560px) 100vw, 560px\" \/>La diputada nacional y precandidata a presidenta anunci\u00f3 este martes que no asistir\u00e1 el pr\u00f3ximo domingo a la apertura de sesiones ordinarias del Congreso Nacional. Pronostic\u00f3 un \u201cautogolpe\u201d por parte del gobierno nacional y dijo que tiene miedo de que la maten.<!--more--><\/p>\n<p>Carri\u00f3 brind\u00f3 una entrevista donde destacaron sus habituales pron\u00f3sticos pol\u00edticos. \u201c\u00bfQu\u00e9 es lo que viene? Un golpe de Estado. \u00bfDe qui\u00e9n? De Cristina Kirchner . A m\u00ed no me van a meter en un golpe, quiero que ella termine\u201d, sostuvo la legisladora que competir\u00e1 con Mauricio Macri en las PASO presidenciales de agosto.<\/p>\n<p>Adem\u00e1s solicit\u00f3 al resto de la oposici\u00f3n que no asista a la apertura de sesiones e inform\u00f3 que ya advirti\u00f3 a la Organizaci\u00f3n de Estados Americanos (OEA) sobre el potencial golpe de Estado.<\/p>\n<p>\u201cEl 1\u00b0 de marzo yo no voy, por razones de seguridad\u201d, declar\u00f3. Para la diputada la apertura de sesiones \u201cse ha convertido en un acto fascista. Ustedes saben c\u00f3mo me gritan. No quiero que me maten\u201d, afirm\u00f3. \u201cNo voy a estar, como se\u00f1al de que no le voy a permitir el golpe a nadie\u201d, y mirando a c\u00e1mara dijo: \u201cA usted tampoco se\u00f1ora presidenta\u201d. Seg\u00fan Carri\u00f3, la mandataria Cristina Fern\u00e1ndez \u201cromper\u00e1 la Constituci\u00f3n\u201d el pr\u00f3ximo domingo.<\/p>\n<p>&nbsp;<\/p>\n<p>&nbsp;<\/p>\n<p>&nbsp;<\/p>\n","protected":false},"excerpt":{"rendered":"<p>La diputada nacional y precandidata a presidenta anunci\u00f3 este martes que no asistir\u00e1 el pr\u00f3ximo domingo a la apertura de sesiones ordinarias del Congreso Nacional. Pronostic\u00f3 un \u201cautogolpe\u201d por parte del gobierno nacional y dijo que tiene miedo de que la maten.<\/p>\n","protected":false},"author":11,"featured_media":0,"comment_status":"open","ping_status":"open","sticky":false,"template":"","format":"standard","meta":{"_jetpack_newsletter_access":"","_jetpack_dont_email_post_to_subs":false,"_jetpack_newsletter_tier_id":0,"_jetpack_memberships_contains_paywalled_content":false,"_jetpack_memberships_contains_paid_content":false,"footnotes":""},"categories":[51],"tags":[],"class_list":["post-62384","post","type-post","status-publish","format-standard","hentry","category-politica"],"jetpack_shortlink":"https:\/\/wp.me\/p2JWE0-gec","jetpack-related-posts":[{"id":41368,"url":"http:\/\/www.24baires.com\/?p=41368","url_meta":{"origin":62384,"position":0},"title":"Desde la Quebrada de Humahuaca, Carri\u00f3 critic\u00f3 a oficialismo y oposici\u00f3n por Twitter","author":"Grupo Sierra","date":"01\/03\/2014","format":false,"excerpt":"Ausente en el inicio de las sesiones ordinarias del Congreso Nacional, la diputada critic\u00f3 a la Presidenta por Twitter y subi\u00f3 una foto en la que se la ve todav\u00eda de vacaciones en el norte argentino. Tras el frustrado boicot al que hab\u00eda convocado junto con el senador Fernando `Pino`\u2026","rel":"","context":"En \u00abPol\u00edtica\u00bb","block_context":{"text":"Pol\u00edtica","link":"http:\/\/www.24baires.com\/?cat=51"},"img":{"alt_text":"","src":"","width":0,"height":0},"classes":[]},{"id":62347,"url":"http:\/\/www.24baires.com\/?p=62347","url_meta":{"origin":62384,"position":1},"title":"Sanz: \u00abLe\u00ed lo que dijo Carri\u00f3 y no le creo\u00bb","author":"Grupo Sierra","date":"26\/02\/2015","format":false,"excerpt":"El titular de la UCR confirm\u00f3 que asistir\u00e1 el domingo al inicio de las sesiones ordinarias del Congreso y desestim\u00f3 los dichos de Carri\u00f3 sobre un \"autogolpe\". El senador nacional Ernesto Sanz sostuvo hoy que no cree en las expresiones de la diputada Elisa Carri\u00f3 referidas a la supuesta intenci\u00f3n\u2026","rel":"","context":"En \u00abPol\u00edtica\u00bb","block_context":{"text":"Pol\u00edtica","link":"http:\/\/www.24baires.com\/?cat=51"},"img":{"alt_text":"sanz ernesto","src":"https:\/\/i0.wp.com\/www.24baires.com\/wp-content\/uploads\/2013\/04\/sanz-ernesto.jpg?resize=350%2C200","width":350,"height":200,"srcset":"https:\/\/i0.wp.com\/www.24baires.com\/wp-content\/uploads\/2013\/04\/sanz-ernesto.jpg?resize=350%2C200 1x, https:\/\/i0.wp.com\/www.24baires.com\/wp-content\/uploads\/2013\/04\/sanz-ernesto.jpg?resize=525%2C300 1.5x"},"classes":[]},{"id":21629,"url":"http:\/\/www.24baires.com\/?p=21629","url_meta":{"origin":62384,"position":2},"title":"La se\u00f1ora que amaba a la Rep\u00fablica","author":"AF","date":"22\/04\/2013","format":false,"excerpt":"\u201c\u00bfTe acord\u00e1s, hermano, qu\u00e9 tiempos aqu\u00e9llos?\u201d, pregunta el tango. Y qu\u00e9 tiempos eran esos, cuando en \u00e9poca de crisis Elisa Carri\u00f3 bregaba por la consolidaci\u00f3n de las instituciones, cuando dec\u00eda ser la defensora de la Rep\u00fablica, cuando, justamente, se arrogaba para s\u00ed el t\u00edtulo de republicana y hasta publicaba libros\u2026","rel":"","context":"En \u00abOpini\u00f3n\u00bb","block_context":{"text":"Opini\u00f3n","link":"http:\/\/www.24baires.com\/?cat=64"},"img":{"alt_text":"carrio","src":"https:\/\/i0.wp.com\/www.24baires.com\/wp-content\/uploads\/2012\/10\/carrio.jpg?resize=350%2C200","width":350,"height":200,"srcset":"https:\/\/i0.wp.com\/www.24baires.com\/wp-content\/uploads\/2012\/10\/carrio.jpg?resize=350%2C200 1x, https:\/\/i0.wp.com\/www.24baires.com\/wp-content\/uploads\/2012\/10\/carrio.jpg?resize=525%2C300 1.5x"},"classes":[]},{"id":96267,"url":"http:\/\/www.24baires.com\/?p=96267","url_meta":{"origin":62384,"position":3},"title":"El Frente Renovador bonaerense le reclam\u00f3 a Vidal que desmienta a Carri\u00f3","author":"Grupo Sierra","date":"27\/07\/2017","format":false,"excerpt":"El jefe del Bloque de diputados bonaerenses del Frente Renovador , Jorge Sarghini,\u00a0sali\u00f3 al cruce de los dichos de Carri\u00f3 y le pidi\u00f3 a Vidal que la desmienta. Adem\u00e1s, acus\u00f3 a Cambiemos de \"adelantar la campa\u00f1a, por eso no hay sesiones\". Despu\u00e9s de los dichos de la diputada nacional, Elisa\u2026","rel":"","context":"En \u00abPol\u00edtica\u00bb","block_context":{"text":"Pol\u00edtica","link":"http:\/\/www.24baires.com\/?cat=51"},"img":{"alt_text":"","src":"https:\/\/i0.wp.com\/www.grupolaprovincia.com\/wp-content\/uploads\/2016\/06\/SARGHINI-500x333.jpg?resize=350%2C200","width":350,"height":200,"srcset":"https:\/\/i0.wp.com\/www.grupolaprovincia.com\/wp-content\/uploads\/2016\/06\/SARGHINI-500x333.jpg?resize=350%2C200 1x, https:\/\/i0.wp.com\/www.grupolaprovincia.com\/wp-content\/uploads\/2016\/06\/SARGHINI-500x333.jpg?resize=525%2C300 1.5x"},"classes":[]},{"id":105096,"url":"http:\/\/www.24baires.com\/?p=105096","url_meta":{"origin":62384,"position":4},"title":"Carri\u00f3 neg\u00f3 la represi\u00f3n mientras la Polic\u00eda agred\u00eda a otros legisladores","author":"AF","date":"24\/10\/2018","format":false,"excerpt":"Una delegaci\u00f3n de parlamentarios, quienes dialogaron con el jefe del Operativo para que detenga el ataque contra los manifestantes, fueron heridos y rociados con gas pimienta. El diputado Andr\u00e9s Larroque, del Frente para la Victoria, tuvo que recurrir a un puesto de enfermer\u00eda por las secuelas del gas pimienta y\u2026","rel":"","context":"En \u00abSociedad\u00bb","block_context":{"text":"Sociedad","link":"http:\/\/www.24baires.com\/?cat=1"},"img":{"alt_text":"","src":"https:\/\/i0.wp.com\/www.24baires.com\/wp-content\/uploads\/2018\/10\/represi%C3%B3n.jpg?resize=350%2C200","width":350,"height":200,"srcset":"https:\/\/i0.wp.com\/www.24baires.com\/wp-content\/uploads\/2018\/10\/represi%C3%B3n.jpg?resize=350%2C200 1x, https:\/\/i0.wp.com\/www.24baires.com\/wp-content\/uploads\/2018\/10\/represi%C3%B3n.jpg?resize=525%2C300 1.5x"},"classes":[]},{"id":65741,"url":"http:\/\/www.24baires.com\/?p=65741","url_meta":{"origin":62384,"position":5},"title":"Abal Medina inici\u00f3 acciones legales contra Carri\u00f3 por las difamaciones","author":"AF","date":"11\/05\/2015","format":false,"excerpt":"El senador nacional del Frente para la Victoria anunci\u00f3 que inici\u00f3 acciones legales contra la diputada por la Coalici\u00f3n C\u00edvica y precandidata a presidenta, quien lo acus\u00f3 de estar \"pasado de droga en el Parlamento Nacional\" cuando era jefe de Gabinete. Al respecto, el senador inform\u00f3 a trav\u00e9s de un\u2026","rel":"","context":"En \u00abJUDICIALES\u00bb","block_context":{"text":"JUDICIALES","link":"http:\/\/www.24baires.com\/?cat=68"},"img":{"alt_text":"abal medina","src":"https:\/\/i0.wp.com\/www.24baires.com\/wp-content\/uploads\/2012\/12\/abal-medina.jpg?resize=350%2C200","width":350,"height":200,"srcset":"https:\/\/i0.wp.com\/www.24baires.com\/wp-content\/uploads\/2012\/12\/abal-medina.jpg?resize=350%2C200 1x, https:\/\/i0.wp.com\/www.24baires.com\/wp-content\/uploads\/2012\/12\/abal-medina.jpg?resize=525%2C300 1.5x"},"classes":[]}],"jetpack_sharing_enabled":true,"jetpack_likes_enabled":true,"jetpack_featured_media_url":"","_links":{"self":[{"href":"http:\/\/www.24baires.com\/index.php?rest_route=\/wp\/v2\/posts\/62384","targetHints":{"allow":["GET"]}}],"collection":[{"href":"http:\/\/www.24baires.com\/index.php?rest_route=\/wp\/v2\/posts"}],"about":[{"href":"http:\/\/www.24baires.com\/index.php?rest_route=\/wp\/v2\/types\/post"}],"author":[{"embeddable":true,"href":"http:\/\/www.24baires.com\/index.php?rest_route=\/wp\/v2\/users\/11"}],"replies":[{"embeddable":true,"href":"http:\/\/www.24baires.com\/index.php?rest_route=%2Fwp%2Fv2%2Fcomments&post=62384"}],"version-history":[{"count":1,"href":"http:\/\/www.24baires.com\/index.php?rest_route=\/wp\/v2\/posts\/62384\/revisions"}],"predecessor-version":[{"id":62385,"href":"http:\/\/www.24baires.com\/index.php?rest_route=\/wp\/v2\/posts\/62384\/revisions\/62385"}],"wp:attachment":[{"href":"http:\/\/www.24baires.com\/index.php?rest_route=%2Fwp%2Fv2%2Fmedia&parent=62384"}],"wp:term":[{"taxonomy":"category","embeddable":true,"href":"http:\/\/www.24baires.com\/index.php?rest_route=%2Fwp%2Fv2%2Fcategories&post=62384"},{"taxonomy":"post_tag","embeddable":true,"href":"http:\/\/www.24baires.com\/index.php?rest_route=%2Fwp%2Fv2%2Ftags&post=62384"}],"curies":[{"name":"wp","href":"https:\/\/api.w.org\/{rel}","templated":true}]}}