{"id":62380,"date":"2015-02-27T13:00:01","date_gmt":"2015-02-27T16:00:01","guid":{"rendered":"http:\/\/www.24baires.com\/?p=62380"},"modified":"2015-02-27T12:34:28","modified_gmt":"2015-02-27T15:34:28","slug":"aseguran-que-insaurralde-sera-el-candidato-del-fpv-en-la-provincia","status":"publish","type":"post","link":"http:\/\/www.24baires.com\/?p=62380","title":{"rendered":"Aseguran que Insaurralde ser\u00e1 el candidato del FPV en la Provincia"},"content":{"rendered":"<p><img data-recalc-dims=\"1\" loading=\"lazy\" decoding=\"async\" class=\"aligncenter size-full wp-image-40091\" src=\"https:\/\/i0.wp.com\/www.24baires.com\/wp-content\/uploads\/2014\/02\/insaurralde-feb-2014.jpg?resize=560%2C357\" alt=\"insaurralde feb 2014\" width=\"560\" height=\"357\" srcset=\"https:\/\/i0.wp.com\/www.24baires.com\/wp-content\/uploads\/2014\/02\/insaurralde-feb-2014.jpg?w=560 560w, https:\/\/i0.wp.com\/www.24baires.com\/wp-content\/uploads\/2014\/02\/insaurralde-feb-2014.jpg?resize=300%2C191 300w\" sizes=\"auto, (max-width: 560px) 100vw, 560px\" \/>Lo asegur\u00f3 el presidente del Concejo Deliberante de Lomas de Zamora: \u00abEstamos dentro del Frente para la Victoria y no nos vamos. Tampoco vamos a dejar que nos echen\u00bb, remarc\u00f3. <!--more--><\/p>\n<p>El presidente del Concejo Deliberante de Lomas de Zamora, Santiago Carasatorre, afirm\u00f3 en las \u00faltimas horas que el intendente de ese distrito, Mart\u00edn Insaurralde, ser\u00e1 precandidato a gobernador bonaerense por el Frente para la Victoria.<\/p>\n<p>De esa forma, Carasatorre dio por descartado que Insaurralde pueda competir dentro del Frente Renovador de Sergio Massa, aunque voceros del jefe comunal consultados por NA se\u00f1alaron que el edil \u00abhabl\u00f3 por su cuenta\u00bb.<\/p>\n<p>\u00abEstamos dentro del Frente para la Victoria y no nos vamos. Tampoco vamos a dejar que nos echen. Si estamos unidos vamos a ganar en primera vuelta y los que quieran ganar al peronismo van a tener que esperar mucho tiempo\u00bb, afirm\u00f3 uno de los hombres de confianza del intendente lomense en declaraciones que public\u00f3 el portal diarioconurbano.com.ar.<\/p>\n<p>Carasatorre realiz\u00f3 estas apreciaciones durante el acto que se realiz\u00f3 en la sede del Partido Justicialista de Lomas de Zamora en ocasi\u00f3n de un nuevo aniversario del nacimiento de N\u00e9stor Kirchner y para convocar a una movilizaci\u00f3n masiva que se realizar\u00e1 este domingo en respaldo de la presidenta Cristina Kirchner en la apertura de sesiones ordinarias del Congreso.<\/p>\n<p>&nbsp;<\/p>\n<p>&nbsp;<\/p>\n<p>&nbsp;<\/p>\n<p>&nbsp;<\/p>\n<p>&nbsp;<\/p>\n<p>&nbsp;<\/p>\n<p>&nbsp;<\/p>\n<p>&nbsp;<\/p>\n<p>&nbsp;<\/p>\n<p>&nbsp;<\/p>\n<p>&nbsp;<\/p>\n<p>&nbsp;<\/p>\n<p>&nbsp;<\/p>\n<p>&nbsp;<\/p>\n<p>&nbsp;<\/p>\n<p>&nbsp;<\/p>\n","protected":false},"excerpt":{"rendered":"<p>Lo asegur\u00f3 el presidente del Concejo Deliberante de Lomas de Zamora: \u00abEstamos dentro del Frente para la Victoria y no nos vamos. Tampoco vamos a dejar que nos echen\u00bb, remarc\u00f3.<\/p>\n","protected":false},"author":4,"featured_media":0,"comment_status":"open","ping_status":"open","sticky":false,"template":"","format":"standard","meta":{"_jetpack_newsletter_access":"","_jetpack_dont_email_post_to_subs":false,"_jetpack_newsletter_tier_id":0,"_jetpack_memberships_contains_paywalled_content":false,"_jetpack_memberships_contains_paid_content":false,"footnotes":""},"categories":[51],"tags":[],"class_list":["post-62380","post","type-post","status-publish","format-standard","hentry","category-politica"],"jetpack_shortlink":"https:\/\/wp.me\/p2JWE0-ge8","jetpack-related-posts":[{"id":36225,"url":"http:\/\/www.24baires.com\/?p=36225","url_meta":{"origin":62380,"position":0},"title":"Asumi\u00f3 Carasatorre como el nuevo intendente de Lomas de Zamora","author":"GB","date":"04\/12\/2013","format":false,"excerpt":"El flamante jefe comunal qued\u00f3 a cargo del Poder Ejecutivo tras el pedido de licencia del diputado electo Mart\u00edn Insaurralde, quien esta ma\u00f1ana jur\u00f3 en la C\u00e1mara baja el 10 de diciembre. \u201cVa a ser muy dif\u00edcil reemplazar a Insaurralde por su calidad humana y su gesti\u00f3n\u201d, manifest\u00f3 el ex\u2026","rel":"","context":"En \u00abLocales\u00bb","block_context":{"text":"Locales","link":"http:\/\/www.24baires.com\/?cat=38"},"img":{"alt_text":"carasatorre","src":"https:\/\/i0.wp.com\/www.24baires.com\/wp-content\/uploads\/2013\/12\/carasatorre-300x190.jpg?resize=350%2C200","width":350,"height":200},"classes":[]},{"id":35868,"url":"http:\/\/www.24baires.com\/?p=35868","url_meta":{"origin":62380,"position":1},"title":"Aprobaron la licencia de Insaurralde para que asuma como Diputado","author":"AF","date":"28\/11\/2013","format":false,"excerpt":"El Concejo Deliberante de Lomas de Zamora aprob\u00f3 un pedido de licencia de Insaurralde para que asuma su banca de diputado el 4 de diciembre. La solicitud fue convalida por la amplia mayor\u00eda oficialista. El Frente Renovador, el GEN y la UCR se abstuvieron y advirtieron que el Intendente \u201cno\u2026","rel":"","context":"En \u00abPol\u00edtica\u00bb","block_context":{"text":"Pol\u00edtica","link":"http:\/\/www.24baires.com\/?cat=51"},"img":{"alt_text":"","src":"","width":0,"height":0},"classes":[]},{"id":58349,"url":"http:\/\/www.24baires.com\/?p=58349","url_meta":{"origin":62380,"position":2},"title":"Insaurralde deja el Congreso y vuelve a ser intendente de Lomas de Zamora","author":"GB","date":"09\/12\/2014","format":false,"excerpt":"En su b\u00fasqueda por ser candidato a gobernador bonaerense, el ahora ex diputado confirm\u00f3 que deja su cargo en la C\u00e1mara de Diputados y que la pr\u00f3xima semana vuelve al municipio. Este martes por la ma\u00f1ana, Insaurralde encabez\u00f3 un acto en el municipio de Lomas de Zamora y habl\u00f3 durante\u2026","rel":"","context":"En \u00abLocales\u00bb","block_context":{"text":"Locales","link":"http:\/\/www.24baires.com\/?cat=38"},"img":{"alt_text":"insaurralde feb 2014","src":"https:\/\/i0.wp.com\/www.24baires.com\/wp-content\/uploads\/2014\/02\/insaurralde-feb-2014.jpg?resize=350%2C200","width":350,"height":200,"srcset":"https:\/\/i0.wp.com\/www.24baires.com\/wp-content\/uploads\/2014\/02\/insaurralde-feb-2014.jpg?resize=350%2C200 1x, https:\/\/i0.wp.com\/www.24baires.com\/wp-content\/uploads\/2014\/02\/insaurralde-feb-2014.jpg?resize=525%2C300 1.5x"},"classes":[]},{"id":111289,"url":"http:\/\/www.24baires.com\/?p=111289","url_meta":{"origin":62380,"position":3},"title":"Alberto Fern\u00e1ndez propone medicamentos gratis para todos los jubilados","author":"AF","date":"22\/07\/2019","format":false,"excerpt":"El candidato a presidente del Frente de Todos hizo el anuncio en un acto en Temperley. All\u00ed dijo tambi\u00e9n que plantear\u00e1 la recomposici\u00f3n de los haberes jubilatorios. El candidato presidencial del Frente de Todos, Alberto Fern\u00e1ndez, asegur\u00f3 que en caso de ganar los comicios de octubre propondr\u00e1 que el Estado\u2026","rel":"","context":"En \u00abPol\u00edtica\u00bb","block_context":{"text":"Pol\u00edtica","link":"http:\/\/www.24baires.com\/?cat=51"},"img":{"alt_text":"","src":"https:\/\/i0.wp.com\/www.24baires.com\/wp-content\/uploads\/2019\/06\/alberto-fernandez.jpg?resize=350%2C200","width":350,"height":200,"srcset":"https:\/\/i0.wp.com\/www.24baires.com\/wp-content\/uploads\/2019\/06\/alberto-fernandez.jpg?resize=350%2C200 1x, https:\/\/i0.wp.com\/www.24baires.com\/wp-content\/uploads\/2019\/06\/alberto-fernandez.jpg?resize=525%2C300 1.5x"},"classes":[]},{"id":29400,"url":"http:\/\/www.24baires.com\/?p=29400","url_meta":{"origin":62380,"position":4},"title":"Insaurralde defendi\u00f3 el voto joven y resalt\u00f3 la inversi\u00f3n en educaci\u00f3n","author":"AF","date":"02\/08\/2013","format":false,"excerpt":"El precandidato a diputado nacional por el FpV encabez\u00f3 una jornada sobre el voto joven en el Teatro Municipal de Lomas. \u201cHay que estar comprometidos con la democracia y seguir incorporando a los j\u00f3venes\u201d, afirm\u00f3. Tambi\u00e9n resalt\u00f3 la inversi\u00f3n en educaci\u00f3n realizada por el Gobierno nacional. El primer precandidato a\u2026","rel":"","context":"En \u00abPol\u00edtica\u00bb","block_context":{"text":"Pol\u00edtica","link":"http:\/\/www.24baires.com\/?cat=51"},"img":{"alt_text":"","src":"","width":0,"height":0},"classes":[]},{"id":46057,"url":"http:\/\/www.24baires.com\/?p=46057","url_meta":{"origin":62380,"position":5},"title":"Granados e Insaurralde inauguraron el CPC en Lomas de Zamora","author":"GB","date":"15\/05\/2014","format":false,"excerpt":"El Comando de Prevenci\u00f3n Comunitaria fue inaugurado esta ma\u00f1ana en un acto encabezado por el ministro de Seguridad bonaerense, Alejandro Granados; el ex intendente lomense, Mart\u00edn Insaurralde; y el actual jefe comunal de Lomas de Zamora, Santiago Carasatorre. El CPC ya se inaugur\u00f3 en Lan\u00fas, Ezeiza, La Plata y Malvinas\u2026","rel":"","context":"En \u00abLocales\u00bb","block_context":{"text":"Locales","link":"http:\/\/www.24baires.com\/?cat=38"},"img":{"alt_text":"granados en lomas","src":"https:\/\/i0.wp.com\/www.24baires.com\/wp-content\/uploads\/2014\/05\/granados-en-lomas.jpg?resize=350%2C200","width":350,"height":200},"classes":[]}],"jetpack_sharing_enabled":true,"jetpack_likes_enabled":true,"jetpack_featured_media_url":"","_links":{"self":[{"href":"http:\/\/www.24baires.com\/index.php?rest_route=\/wp\/v2\/posts\/62380","targetHints":{"allow":["GET"]}}],"collection":[{"href":"http:\/\/www.24baires.com\/index.php?rest_route=\/wp\/v2\/posts"}],"about":[{"href":"http:\/\/www.24baires.com\/index.php?rest_route=\/wp\/v2\/types\/post"}],"author":[{"embeddable":true,"href":"http:\/\/www.24baires.com\/index.php?rest_route=\/wp\/v2\/users\/4"}],"replies":[{"embeddable":true,"href":"http:\/\/www.24baires.com\/index.php?rest_route=%2Fwp%2Fv2%2Fcomments&post=62380"}],"version-history":[{"count":1,"href":"http:\/\/www.24baires.com\/index.php?rest_route=\/wp\/v2\/posts\/62380\/revisions"}],"predecessor-version":[{"id":62381,"href":"http:\/\/www.24baires.com\/index.php?rest_route=\/wp\/v2\/posts\/62380\/revisions\/62381"}],"wp:attachment":[{"href":"http:\/\/www.24baires.com\/index.php?rest_route=%2Fwp%2Fv2%2Fmedia&parent=62380"}],"wp:term":[{"taxonomy":"category","embeddable":true,"href":"http:\/\/www.24baires.com\/index.php?rest_route=%2Fwp%2Fv2%2Fcategories&post=62380"},{"taxonomy":"post_tag","embeddable":true,"href":"http:\/\/www.24baires.com\/index.php?rest_route=%2Fwp%2Fv2%2Ftags&post=62380"}],"curies":[{"name":"wp","href":"https:\/\/api.w.org\/{rel}","templated":true}]}}