{"id":62362,"date":"2015-02-27T10:00:49","date_gmt":"2015-02-27T13:00:49","guid":{"rendered":"http:\/\/www.24baires.com\/?p=62362"},"modified":"2015-02-28T10:46:06","modified_gmt":"2015-02-28T13:46:06","slug":"a-fernandez-no-hay-otra-forma-de-explicar-la-resolucion-de-rafecas-que-el-derecho","status":"publish","type":"post","link":"http:\/\/www.24baires.com\/?p=62362","title":{"rendered":"A. Fern\u00e1ndez: \u201cNo hay otra forma de explicar la resoluci\u00f3n de Rafecas que el derecho\u201d"},"content":{"rendered":"<p><img data-recalc-dims=\"1\" loading=\"lazy\" decoding=\"async\" class=\"aligncenter size-full wp-image-60580\" src=\"https:\/\/i0.wp.com\/www.24baires.com\/wp-content\/uploads\/2015\/01\/anibal.jpg?resize=560%2C373\" alt=\"anibal\" width=\"560\" height=\"373\" srcset=\"https:\/\/i0.wp.com\/www.24baires.com\/wp-content\/uploads\/2015\/01\/anibal.jpg?w=560 560w, https:\/\/i0.wp.com\/www.24baires.com\/wp-content\/uploads\/2015\/01\/anibal.jpg?resize=300%2C200 300w\" sizes=\"auto, (max-width: 560px) 100vw, 560px\" \/>El jefe de Gabinete, An\u00edbal Fern\u00e1ndez, se refiri\u00f3 as\u00ed a la desestimaci\u00f3n de la denuncia de Nisman por parte del magistrado. \u201cEra tan burda que parece hecha por alguien que no conoce de derecho\u201d, se\u00f1al\u00f3.<!--more--><\/p>\n<p>El flamante jefe de Gabinete se\u00f1al\u00f3 adem\u00e1s que \u00abseguramente\u00bb la C\u00e1mara Federal \u00abse va a expedir de la misma manera\u00bb que el juez Daniel Rafecas, al ser consultado sobre la posibilidad de que sea apelada la desestimaci\u00f3n a la denuncia del fallecido fiscal Alberto Nisman, impulsada por su colega Gerardo Pollicita, contra la presidenta Cristina Fern\u00e1ndez de Kirchner.<\/p>\n<p>\u00abYo tild\u00e9 la denuncia de rid\u00edcula y luego dije que es bochornosa y lo reitero, y no hay otra puerta para salir que la del Derecho\u00bb, manifest\u00f3 Fern\u00e1ndez, quien asumi\u00f3 ayer como jefe de ministros, en reemplazo de Jorge Capitanich, al ser consultado sobre el dictamen de Rafecas que rechaz\u00f3 la imputaci\u00f3n contra Cristina y el canciller H\u00e9ctor Timerman, entre otros, por el supuesto encubrimiento de los acusados iran\u00edes en la causa por el atentado contra la AMIA.<\/p>\n<p>Asimismo, Fern\u00e1ndez afirm\u00f3, en declaraciones formuladas al ingreso a la Casa de Gobierno, que \u00abla C\u00e1mara no le puede dar la raz\u00f3n porque la denuncia es una burrada en s\u00ed misma\u00bb.<\/p>\n<p>Tambi\u00e9n consider\u00f3 que \u00abes tan burda, tan insensata, tan poco profesional\u00bb, que \u00abs\u00f3lo resta pensar que fue hecha por alguien que no sabe de Derecho\u00bb.<\/p>\n<p>Rafecas desestim\u00f3 ayer la denuncia del fiscal Nisman contra la presidenta al entender que \u00abno hay un solo elemento de prueba, siquiera indiciario\u00bb que permita suponer que el gobierno urdi\u00f3 un plan criminal para encubrir a los iran\u00edes denunciados por el atentado contra la AMIA ocurrido en 1994.<\/p>\n","protected":false},"excerpt":{"rendered":"<p>El jefe de Gabinete, An\u00edbal Fern\u00e1ndez, se refiri\u00f3 as\u00ed a la desestimaci\u00f3n de la denuncia de Nisman por parte del magistrado. \u201cEra tan burda que parece hecha por alguien que no conoce de derecho\u201d, se\u00f1al\u00f3.<\/p>\n","protected":false},"author":4,"featured_media":0,"comment_status":"open","ping_status":"open","sticky":false,"template":"","format":"standard","meta":{"_jetpack_newsletter_access":"","_jetpack_dont_email_post_to_subs":false,"_jetpack_newsletter_tier_id":0,"_jetpack_memberships_contains_paywalled_content":false,"_jetpack_memberships_contains_paid_content":false,"footnotes":""},"categories":[68,51],"tags":[],"class_list":["post-62362","post","type-post","status-publish","format-standard","hentry","category-judiciales","category-politica"],"jetpack_shortlink":"https:\/\/wp.me\/p2JWE0-gdQ","jetpack-related-posts":[{"id":65796,"url":"http:\/\/www.24baires.com\/?p=65796","url_meta":{"origin":62362,"position":0},"title":"Casaci\u00f3n archiv\u00f3 la denuncia de Nisman","author":"GB","date":"12\/05\/2015","format":false,"excerpt":"En un fallo por unanimidad, los camaristas Ana Mar\u00eda Figueroa, Luis Mar\u00eda Cabral y Gustavo Hornos fundaron su decisi\u00f3n en que la apelaci\u00f3n hab\u00eda sido desistida por el fiscal Javier De Luca, en sinton\u00eda con el fallo del juez Daniel Rafecas por inexistencia de delito. La denuncia del fallecido fiscal\u2026","rel":"","context":"En \u00abPol\u00edtica\u00bb","block_context":{"text":"Pol\u00edtica","link":"http:\/\/www.24baires.com\/?cat=51"},"img":{"alt_text":"nisman-1","src":"https:\/\/i0.wp.com\/www.24baires.com\/wp-content\/uploads\/2015\/01\/nisman-1.jpg?resize=350%2C200","width":350,"height":200,"srcset":"https:\/\/i0.wp.com\/www.24baires.com\/wp-content\/uploads\/2015\/01\/nisman-1.jpg?resize=350%2C200 1x, https:\/\/i0.wp.com\/www.24baires.com\/wp-content\/uploads\/2015\/01\/nisman-1.jpg?resize=525%2C300 1.5x"},"classes":[]},{"id":79983,"url":"http:\/\/www.24baires.com\/?p=79983","url_meta":{"origin":62362,"position":1},"title":"Rafecas rechaz\u00f3 reabrir una denuncia contra Cristina","author":"GB","date":"10\/03\/2016","format":false,"excerpt":"El juez rechaz\u00f3 un planteo del fiscal Gerardo Pollicita en base a lo que le pidieron sus colegas Carlos Stornelli y Ra\u00fal Ple\u00e9, frente a una votaci\u00f3n que deb\u00eda hacerse en la C\u00e1mara Federal de Casaci\u00f3n sobre el Memor\u00e1ndum con Ir\u00e1n. El juez federal Daniel Rafecas rechaz\u00f3 hoy un pedido\u2026","rel":"","context":"En \u00abPol\u00edtica\u00bb","block_context":{"text":"Pol\u00edtica","link":"http:\/\/www.24baires.com\/?cat=51"},"img":{"alt_text":"rafecas","src":"https:\/\/i0.wp.com\/www.24baires.com\/wp-content\/uploads\/2015\/02\/rafecas.jpg?resize=350%2C200","width":350,"height":200,"srcset":"https:\/\/i0.wp.com\/www.24baires.com\/wp-content\/uploads\/2015\/02\/rafecas.jpg?resize=350%2C200 1x, https:\/\/i0.wp.com\/www.24baires.com\/wp-content\/uploads\/2015\/02\/rafecas.jpg?resize=525%2C300 1.5x"},"classes":[]},{"id":62656,"url":"http:\/\/www.24baires.com\/?p=62656","url_meta":{"origin":62362,"position":2},"title":"\u00abNo hay un solo elemento que justifique\u00bb la apelaci\u00f3n de Pollicita","author":"AF","date":"05\/03\/2015","format":false,"excerpt":"El jefe de Gabinete, An\u00edbal Fern\u00e1ndez, dijo que \"no satisface para nada\" la decisi\u00f3n del fiscal que apel\u00f3 ayer el dictamen del juez Daniel Rafecas que desestim\u00f3 la denuncia del fallecido fiscal Alberto Nisman contra la Presidenta.\u00a0 El jefe de Gabinete, An\u00edbal Fern\u00e1ndez, dijo hoy que \"no hay un solo\u2026","rel":"","context":"En \u00abJUDICIALES\u00bb","block_context":{"text":"JUDICIALES","link":"http:\/\/www.24baires.com\/?cat=68"},"img":{"alt_text":"","src":"https:\/\/i0.wp.com\/www.24baires.com\/wp-content\/uploads\/2015\/03\/wpid-wp-1425559477305.jpeg?resize=350%2C200","width":350,"height":200},"classes":[]},{"id":62501,"url":"http:\/\/www.24baires.com\/?p=62501","url_meta":{"origin":62362,"position":3},"title":"\u00abEl gobierno hizo todo para que la causa AMIA avance\u00bb, asegur\u00f3 Rafecas","author":"GB","date":"02\/03\/2015","format":false,"excerpt":"El juez rechaz\u00f3 categ\u00f3ricamente los cuestionamientos a su fallo y dijo que las nuevas escuchas difundidas por algunos medios \u201cno sirven para nada\u201d. El juez federal Daniel Rafecas, afirm\u00f3 hoy que \"el gobierno hizo todo para que la causa AMIA avance\" y sostuvo que \"no tienen ninguna relevancia\" y \"no\u2026","rel":"","context":"En \u00abPol\u00edtica\u00bb","block_context":{"text":"Pol\u00edtica","link":"http:\/\/www.24baires.com\/?cat=51"},"img":{"alt_text":"rafecas","src":"https:\/\/i0.wp.com\/www.24baires.com\/wp-content\/uploads\/2015\/02\/rafecas.jpg?resize=350%2C200","width":350,"height":200,"srcset":"https:\/\/i0.wp.com\/www.24baires.com\/wp-content\/uploads\/2015\/02\/rafecas.jpg?resize=350%2C200 1x, https:\/\/i0.wp.com\/www.24baires.com\/wp-content\/uploads\/2015\/02\/rafecas.jpg?resize=525%2C300 1.5x"},"classes":[]},{"id":117875,"url":"http:\/\/www.24baires.com\/?p=117875","url_meta":{"origin":62362,"position":4},"title":"Cristina consider\u00f3 \u00abdisparate judicial, institucional y pol\u00edtico\u00bb a la causa del memor\u00e1ndum","author":"AF","date":"16\/07\/2021","format":false,"excerpt":"La vicepresidenta expuso durante la audiencia p\u00fablica, que fue escuchada por m\u00e1s de 20 mil personas a trav\u00e9s de YouTube. \"Se hicieron maniobras persecutorias para perjudicarnos a m\u00ed y mi familia\", asegur\u00f3. El Tribunal Oral Federal 8 debe resolver si declara o no la nulidad del proceso. La vicepresidenta Cristina\u2026","rel":"","context":"En \u00abJUDICIALES\u00bb","block_context":{"text":"JUDICIALES","link":"http:\/\/www.24baires.com\/?cat=68"},"img":{"alt_text":"","src":"https:\/\/i0.wp.com\/www.24baires.com\/wp-content\/uploads\/2021\/07\/cfk.jpg?resize=350%2C200","width":350,"height":200,"srcset":"https:\/\/i0.wp.com\/www.24baires.com\/wp-content\/uploads\/2021\/07\/cfk.jpg?resize=350%2C200 1x, https:\/\/i0.wp.com\/www.24baires.com\/wp-content\/uploads\/2021\/07\/cfk.jpg?resize=525%2C300 1.5x"},"classes":[]},{"id":62320,"url":"http:\/\/www.24baires.com\/?p=62320","url_meta":{"origin":62362,"position":5},"title":"El juez Rafecas desestim\u00f3 la denuncia de Nisman contra la Presidenta","author":"GB","date":"26\/02\/2015","format":false,"excerpt":"El juez federal Daniel Rafecas desestim\u00f3 la denuncia del fiscal Alberto Nisman contra la presidenta Cristina Fern\u00e1ndez de Kirchner por supuesto encubrimiento a los imputados iran\u00edes en la causa AMIA. El juez decidi\u00f3 que no hay elementos necesarios en la denuncia del fallecido titular de la Unidad Especial AMIA, para\u2026","rel":"","context":"En \u00abPol\u00edtica\u00bb","block_context":{"text":"Pol\u00edtica","link":"http:\/\/www.24baires.com\/?cat=51"},"img":{"alt_text":"","src":"https:\/\/i0.wp.com\/www.24baires.com\/wp-content\/uploads\/2015\/02\/rafecas.jpg?resize=350%2C200","width":350,"height":200,"srcset":"https:\/\/i0.wp.com\/www.24baires.com\/wp-content\/uploads\/2015\/02\/rafecas.jpg?resize=350%2C200 1x, https:\/\/i0.wp.com\/www.24baires.com\/wp-content\/uploads\/2015\/02\/rafecas.jpg?resize=525%2C300 1.5x"},"classes":[]}],"jetpack_sharing_enabled":true,"jetpack_likes_enabled":true,"jetpack_featured_media_url":"","_links":{"self":[{"href":"http:\/\/www.24baires.com\/index.php?rest_route=\/wp\/v2\/posts\/62362","targetHints":{"allow":["GET"]}}],"collection":[{"href":"http:\/\/www.24baires.com\/index.php?rest_route=\/wp\/v2\/posts"}],"about":[{"href":"http:\/\/www.24baires.com\/index.php?rest_route=\/wp\/v2\/types\/post"}],"author":[{"embeddable":true,"href":"http:\/\/www.24baires.com\/index.php?rest_route=\/wp\/v2\/users\/4"}],"replies":[{"embeddable":true,"href":"http:\/\/www.24baires.com\/index.php?rest_route=%2Fwp%2Fv2%2Fcomments&post=62362"}],"version-history":[{"count":1,"href":"http:\/\/www.24baires.com\/index.php?rest_route=\/wp\/v2\/posts\/62362\/revisions"}],"predecessor-version":[{"id":62363,"href":"http:\/\/www.24baires.com\/index.php?rest_route=\/wp\/v2\/posts\/62362\/revisions\/62363"}],"wp:attachment":[{"href":"http:\/\/www.24baires.com\/index.php?rest_route=%2Fwp%2Fv2%2Fmedia&parent=62362"}],"wp:term":[{"taxonomy":"category","embeddable":true,"href":"http:\/\/www.24baires.com\/index.php?rest_route=%2Fwp%2Fv2%2Fcategories&post=62362"},{"taxonomy":"post_tag","embeddable":true,"href":"http:\/\/www.24baires.com\/index.php?rest_route=%2Fwp%2Fv2%2Ftags&post=62362"}],"curies":[{"name":"wp","href":"https:\/\/api.w.org\/{rel}","templated":true}]}}