{"id":62355,"date":"2015-02-26T20:47:12","date_gmt":"2015-02-26T23:47:12","guid":{"rendered":"http:\/\/www.24baires.com\/?p=62355"},"modified":"2015-02-27T10:46:35","modified_gmt":"2015-02-27T13:46:35","slug":"cristina-tomo-juramento-a-los-nuevos-funcionarios","status":"publish","type":"post","link":"http:\/\/www.24baires.com\/?p=62355","title":{"rendered":"Cristina tom\u00f3 juramento a los nuevos funcionarios"},"content":{"rendered":"<p><img data-recalc-dims=\"1\" loading=\"lazy\" decoding=\"async\" class=\"aligncenter size-full wp-image-62360\" src=\"https:\/\/i0.wp.com\/www.24baires.com\/wp-content\/uploads\/2015\/02\/cristina-anibal.jpg?resize=560%2C373\" alt=\"cristina anibal\" width=\"560\" height=\"373\" srcset=\"https:\/\/i0.wp.com\/www.24baires.com\/wp-content\/uploads\/2015\/02\/cristina-anibal.jpg?w=560 560w, https:\/\/i0.wp.com\/www.24baires.com\/wp-content\/uploads\/2015\/02\/cristina-anibal.jpg?resize=300%2C200 300w\" sizes=\"auto, (max-width: 560px) 100vw, 560px\" \/>La Presidenta tom\u00f3 juramento a An\u00edbal Fern\u00e1ndez como jefe de Gabinete, a Daniel Goll\u00e1n como ministro de Salud y a Eduardo \u00abWado\u00bb de Pedro como Secretario General de la Presidencia. <!--more--><\/p>\n<p>La presidenta Cristina Fern\u00e1ndez de Kirchner tom\u00f3 esta tarde en Casa de Gobierno juramento a los nuevos funcionarios de su gabinete.<\/p>\n<p>El primero en prestar juramento fue An\u00edbal Fern\u00e1ndez, que ocupar\u00e1 la jefatura de Gabinete en reemplazo de Jorge Capitanich. A su vez, Daniel Goll\u00e1n, quien se desempe\u00f1aba como secretario de de Salud Comunitaria, prest\u00f3 juramento como ministro de Salud reemplazando a Juan Manzur.<\/p>\n<p>En tanto, Eduardo Wado De Pedro jur\u00f3 como nuevo secretario general de la Presidencia, cargo que ocupaba hasta el momento An\u00edbal Fern\u00e1ndez.<\/p>\n","protected":false},"excerpt":{"rendered":"<p>La Presidenta tom\u00f3 juramento a An\u00edbal Fern\u00e1ndez como jefe de Gabinete, a Daniel Goll\u00e1n como ministro de Salud y a Eduardo \u00abWado\u00bb de Pedro como Secretario General de la Presidencia.<\/p>\n","protected":false},"author":11,"featured_media":0,"comment_status":"open","ping_status":"open","sticky":false,"template":"","format":"standard","meta":{"_jetpack_newsletter_access":"","_jetpack_dont_email_post_to_subs":false,"_jetpack_newsletter_tier_id":0,"_jetpack_memberships_contains_paywalled_content":false,"_jetpack_memberships_contains_paid_content":false,"footnotes":""},"categories":[51],"tags":[],"class_list":["post-62355","post","type-post","status-publish","format-standard","hentry","category-politica"],"jetpack_shortlink":"https:\/\/wp.me\/p2JWE0-gdJ","jetpack-related-posts":[{"id":62324,"url":"http:\/\/www.24baires.com\/?p=62324","url_meta":{"origin":62355,"position":0},"title":"An\u00edbal Fern\u00e1ndez reemplazar\u00e1 a Capitanich como jefe de Gabinete","author":"GB","date":"26\/02\/2015","format":false,"excerpt":"Reemplazar\u00e1 a Jorge Capitanich, anunci\u00f3 este mediod\u00eda en Casa de Gobierno el Secretario de Comunicaci\u00f3n P\u00fablica, Alfredo Scoccimarro. \"Wado\" de Pedro ser\u00e1 secretario general de la Presidencia y Daniel Goll\u00e1n, ministro de Salud. El vocero inform\u00f3 que la presidenta Cristina Fern\u00e1ndez de Kirchner decidi\u00f3 que la jefatura de Gabinete sea\u2026","rel":"","context":"En \u00abPol\u00edtica\u00bb","block_context":{"text":"Pol\u00edtica","link":"http:\/\/www.24baires.com\/?cat=51"},"img":{"alt_text":"fern\u00e1ndez an\u00edbal2","src":"https:\/\/i0.wp.com\/www.24baires.com\/wp-content\/uploads\/2012\/11\/fern%C3%A1ndez-an%C3%ADbal2.jpg?resize=350%2C200","width":350,"height":200,"srcset":"https:\/\/i0.wp.com\/www.24baires.com\/wp-content\/uploads\/2012\/11\/fern%C3%A1ndez-an%C3%ADbal2.jpg?resize=350%2C200 1x, https:\/\/i0.wp.com\/www.24baires.com\/wp-content\/uploads\/2012\/11\/fern%C3%A1ndez-an%C3%ADbal2.jpg?resize=525%2C300 1.5x"},"classes":[]},{"id":118006,"url":"http:\/\/www.24baires.com\/?p=118006","url_meta":{"origin":62355,"position":1},"title":"Recambio de ministros: Manzur, Jefe de Gabinete y An\u00edbal Fern\u00e1ndez a Seguridad","author":"GB","date":"18\/09\/2021","format":false,"excerpt":"Wado De Pedro seguir\u00e1 en su lugar, pero se ir\u00e1n Felipe Sol\u00e1, Roberto Salvarezza y Sabina Frederic. Juan Manzur reemplaza a Cafiero que ser\u00e1 Canciller El gobierno nacional confirm\u00f3 los cambios en el gabinete de ministros y prepara un relanzamiento de la gesti\u00f3n a partir del pr\u00f3ximo lunes, con el\u2026","rel":"","context":"En \u00abPol\u00edtica\u00bb","block_context":{"text":"Pol\u00edtica","link":"http:\/\/www.24baires.com\/?cat=51"},"img":{"alt_text":"","src":"https:\/\/i0.wp.com\/www.24baires.com\/wp-content\/uploads\/2021\/09\/Zxa4bz6uJ_1256x620__1-1024x505.jpg?resize=350%2C200","width":350,"height":200,"srcset":"https:\/\/i0.wp.com\/www.24baires.com\/wp-content\/uploads\/2021\/09\/Zxa4bz6uJ_1256x620__1-1024x505.jpg?resize=350%2C200 1x, https:\/\/i0.wp.com\/www.24baires.com\/wp-content\/uploads\/2021\/09\/Zxa4bz6uJ_1256x620__1-1024x505.jpg?resize=525%2C300 1.5x"},"classes":[]},{"id":117922,"url":"http:\/\/www.24baires.com\/?p=117922","url_meta":{"origin":62355,"position":2},"title":"Nicol\u00e1s Kreplak asumi\u00f3 como ministro de Salud bonaerense","author":"GB","date":"28\/07\/2021","format":false,"excerpt":"Lo hizo en reemplazo de Daniel Gollan, quien renunci\u00f3 a su cargo para meterse de lleno en la campa\u00f1a electoral. Nicol\u00e1s Kreplak asumi\u00f3 como ministro de Salud bonaerense, en reemplazo de Daniel Gollan, quien renunci\u00f3 para dedicarse a la campa\u00f1a electoral de cara a las PASO del 12 de setiembre.\u2026","rel":"","context":"En \u00abLocales\u00bb","block_context":{"text":"Locales","link":"http:\/\/www.24baires.com\/?cat=38"},"img":{"alt_text":"","src":"https:\/\/i0.wp.com\/www.24baires.com\/wp-content\/uploads\/2021\/07\/20210728120418_kreplak-juramento.jpg?resize=350%2C200","width":350,"height":200,"srcset":"https:\/\/i0.wp.com\/www.24baires.com\/wp-content\/uploads\/2021\/07\/20210728120418_kreplak-juramento.jpg?resize=350%2C200 1x, https:\/\/i0.wp.com\/www.24baires.com\/wp-content\/uploads\/2021\/07\/20210728120418_kreplak-juramento.jpg?resize=525%2C300 1.5x"},"classes":[]},{"id":114902,"url":"http:\/\/www.24baires.com\/?p=114902","url_meta":{"origin":62355,"position":3},"title":"Larroque: \u00abEn este contexto dif\u00edcil nosotros venimos a poner todo y un poco m\u00e1s\u00bb","author":"AF","date":"04\/05\/2020","format":false,"excerpt":"El gobernador Axel Kicillof le tom\u00f3 el juramento al flamante ministro de Desarrollo de la Comunidad de la Provincia, Andr\u00e9s Larroque. Presencia de intendentes, M\u00e1ximo Kirchner y Sergio Massa, entre otros. El gobernador Axel Kicillof le tom\u00f3 juramento al nuevo ministro de Desarrollo de la Comunidad de la Provincia de\u2026","rel":"","context":"En \u00abProvincia\u00bb","block_context":{"text":"Provincia","link":"http:\/\/www.24baires.com\/?cat=40"},"img":{"alt_text":"","src":"https:\/\/i0.wp.com\/www.24baires.com\/wp-content\/uploads\/2020\/05\/kici-larroque.jpg?resize=350%2C200","width":350,"height":200,"srcset":"https:\/\/i0.wp.com\/www.24baires.com\/wp-content\/uploads\/2020\/05\/kici-larroque.jpg?resize=350%2C200 1x, https:\/\/i0.wp.com\/www.24baires.com\/wp-content\/uploads\/2020\/05\/kici-larroque.jpg?resize=525%2C300 1.5x"},"classes":[]},{"id":118028,"url":"http:\/\/www.24baires.com\/?p=118028","url_meta":{"origin":62355,"position":4},"title":"Kicillof tom\u00f3 juramento a los ministros y los invit\u00f3 a ser \u00abun gabinete militante\u00bb","author":"AF","date":"21\/09\/2021","format":false,"excerpt":"El acto se realiz\u00f3 en el Teatro Metro de La Plata. Mart\u00edn Insaurralde jur\u00f3 como jefe de Gabinete; Carlos Bianco, ser\u00e1 jefe de asesores; Cristina \u00c1lvarez Rodr\u00edguez, ministra de Gobierno y Leonardo Nardini, ministro de Instraestructura. El gobernador de la provincia de Buenos Aires, Axel Kicillof, tom\u00f3 juramento a Mart\u00edn\u2026","rel":"","context":"En \u00abProvincia\u00bb","block_context":{"text":"Provincia","link":"http:\/\/www.24baires.com\/?cat=40"},"img":{"alt_text":"","src":"https:\/\/i0.wp.com\/www.24baires.com\/wp-content\/uploads\/2021\/09\/614a414bedf3d.09.2021-565_1004x565.jpg?resize=350%2C200","width":350,"height":200,"srcset":"https:\/\/i0.wp.com\/www.24baires.com\/wp-content\/uploads\/2021\/09\/614a414bedf3d.09.2021-565_1004x565.jpg?resize=350%2C200 1x, https:\/\/i0.wp.com\/www.24baires.com\/wp-content\/uploads\/2021\/09\/614a414bedf3d.09.2021-565_1004x565.jpg?resize=525%2C300 1.5x"},"classes":[]},{"id":113318,"url":"http:\/\/www.24baires.com\/?p=113318","url_meta":{"origin":62355,"position":5},"title":"Alberto y Cristina asumen el mando del pa\u00eds con un festival en Plaza de Mayo","author":"GB","date":"10\/12\/2019","format":false,"excerpt":"Ambos prestar\u00e1n juramento en la Asamblea Legislativa en la que el presidente saliente entregar\u00e1 el poder. Este jueves 10 de diciembre quedar\u00e1 en la historia tras el regreso del peronismo al poder luego de cuatro a\u00f1os de gobierno de Mauricio Macri. El presidente electo, Alberto Fern\u00e1ndez, asumir\u00e1 junto a la\u2026","rel":"","context":"En \u00abPol\u00edtica\u00bb","block_context":{"text":"Pol\u00edtica","link":"http:\/\/www.24baires.com\/?cat=51"},"img":{"alt_text":"","src":"https:\/\/i0.wp.com\/www.24baires.com\/wp-content\/uploads\/2019\/11\/cfk-alberto.jpg?resize=350%2C200","width":350,"height":200,"srcset":"https:\/\/i0.wp.com\/www.24baires.com\/wp-content\/uploads\/2019\/11\/cfk-alberto.jpg?resize=350%2C200 1x, https:\/\/i0.wp.com\/www.24baires.com\/wp-content\/uploads\/2019\/11\/cfk-alberto.jpg?resize=525%2C300 1.5x"},"classes":[]}],"jetpack_sharing_enabled":true,"jetpack_likes_enabled":true,"jetpack_featured_media_url":"","_links":{"self":[{"href":"http:\/\/www.24baires.com\/index.php?rest_route=\/wp\/v2\/posts\/62355","targetHints":{"allow":["GET"]}}],"collection":[{"href":"http:\/\/www.24baires.com\/index.php?rest_route=\/wp\/v2\/posts"}],"about":[{"href":"http:\/\/www.24baires.com\/index.php?rest_route=\/wp\/v2\/types\/post"}],"author":[{"embeddable":true,"href":"http:\/\/www.24baires.com\/index.php?rest_route=\/wp\/v2\/users\/11"}],"replies":[{"embeddable":true,"href":"http:\/\/www.24baires.com\/index.php?rest_route=%2Fwp%2Fv2%2Fcomments&post=62355"}],"version-history":[{"count":3,"href":"http:\/\/www.24baires.com\/index.php?rest_route=\/wp\/v2\/posts\/62355\/revisions"}],"predecessor-version":[{"id":62361,"href":"http:\/\/www.24baires.com\/index.php?rest_route=\/wp\/v2\/posts\/62355\/revisions\/62361"}],"wp:attachment":[{"href":"http:\/\/www.24baires.com\/index.php?rest_route=%2Fwp%2Fv2%2Fmedia&parent=62355"}],"wp:term":[{"taxonomy":"category","embeddable":true,"href":"http:\/\/www.24baires.com\/index.php?rest_route=%2Fwp%2Fv2%2Fcategories&post=62355"},{"taxonomy":"post_tag","embeddable":true,"href":"http:\/\/www.24baires.com\/index.php?rest_route=%2Fwp%2Fv2%2Ftags&post=62355"}],"curies":[{"name":"wp","href":"https:\/\/api.w.org\/{rel}","templated":true}]}}