{"id":62347,"date":"2015-02-26T20:00:50","date_gmt":"2015-02-26T23:00:50","guid":{"rendered":"http:\/\/www.24baires.com\/?p=62347"},"modified":"2015-02-26T18:52:19","modified_gmt":"2015-02-26T21:52:19","slug":"sanz-lei-lo-que-dijo-carrio-y-no-le-creo","status":"publish","type":"post","link":"http:\/\/www.24baires.com\/?p=62347","title":{"rendered":"Sanz: \u00abLe\u00ed lo que dijo Carri\u00f3 y no le creo\u00bb"},"content":{"rendered":"<p><img data-recalc-dims=\"1\" loading=\"lazy\" decoding=\"async\" class=\"aligncenter size-full wp-image-21704\" src=\"https:\/\/i0.wp.com\/www.24baires.com\/wp-content\/uploads\/2013\/04\/sanz-ernesto.jpg?resize=560%2C420\" alt=\"sanz ernesto\" width=\"560\" height=\"420\" srcset=\"https:\/\/i0.wp.com\/www.24baires.com\/wp-content\/uploads\/2013\/04\/sanz-ernesto.jpg?w=560 560w, https:\/\/i0.wp.com\/www.24baires.com\/wp-content\/uploads\/2013\/04\/sanz-ernesto.jpg?resize=300%2C225 300w\" sizes=\"auto, (max-width: 560px) 100vw, 560px\" \/>El titular de la UCR confirm\u00f3 que asistir\u00e1 el domingo al inicio de las sesiones ordinarias del Congreso y desestim\u00f3 los dichos de Carri\u00f3 sobre un \u00abautogolpe\u00bb.<!--more--><\/p>\n<p>El senador nacional Ernesto Sanz sostuvo hoy que no cree en las expresiones de la diputada Elisa Carri\u00f3 referidas a la supuesta intenci\u00f3n de la presidenta Cristina Fern\u00e1ndez de Kirchner de provocar \u00abun autogolpe\u00bb el domingo en el inicio de las sesiones ordinarias del Congreso, al tiempo que confirm\u00f3 su asistencia a la Asamblea Legislativa.<\/p>\n<p>\u00abLe\u00ed lo que dijo Carri\u00f3. No creo en eso\u00bb, respondi\u00f3 el senador Sanz.<\/p>\n<p>En tanto, al ser consultado sobre el llamado de la diputada de la Coalici\u00f3n C\u00edvica a no asistir el domingo al Parlamento cuando brinde su discurso la jefa de Estado, el dirigente radical afirm\u00f3: \u00abYo voy a ir, por supuesto, nunca me perd\u00ed un inicio de sesiones ordinarias\u00bb. En ese sentido, a\u00f1adi\u00f3 que \u00abel domingo es una oportunidad para que la Presidenta sea la presidenta de todos los argentinos\u00bb.<\/p>\n<p>&nbsp;<\/p>\n<p>&nbsp;<\/p>\n<p>&nbsp;<\/p>\n","protected":false},"excerpt":{"rendered":"<p>El titular de la UCR confirm\u00f3 que asistir\u00e1 el domingo al inicio de las sesiones ordinarias del Congreso y desestim\u00f3 los dichos de Carri\u00f3 sobre un \u00abautogolpe\u00bb.<\/p>\n","protected":false},"author":11,"featured_media":0,"comment_status":"open","ping_status":"open","sticky":false,"template":"","format":"standard","meta":{"_jetpack_newsletter_access":"","_jetpack_dont_email_post_to_subs":false,"_jetpack_newsletter_tier_id":0,"_jetpack_memberships_contains_paywalled_content":false,"_jetpack_memberships_contains_paid_content":false,"footnotes":""},"categories":[51],"tags":[],"class_list":["post-62347","post","type-post","status-publish","format-standard","hentry","category-politica"],"jetpack_shortlink":"https:\/\/wp.me\/p2JWE0-gdB","jetpack-related-posts":[{"id":62384,"url":"http:\/\/www.24baires.com\/?p=62384","url_meta":{"origin":62347,"position":0},"title":"Carri\u00f3 tiene miedo de que la maten en la apertura de sesiones","author":"Grupo Sierra","date":"27\/02\/2015","format":false,"excerpt":"La diputada nacional y precandidata a presidenta anunci\u00f3 este martes que no asistir\u00e1 el pr\u00f3ximo domingo a la apertura de sesiones ordinarias del Congreso Nacional. Pronostic\u00f3 un \u201cautogolpe\u201d por parte del gobierno nacional y dijo que tiene miedo de que la maten. Carri\u00f3 brind\u00f3 una entrevista donde destacaron sus habituales\u2026","rel":"","context":"En \u00abPol\u00edtica\u00bb","block_context":{"text":"Pol\u00edtica","link":"http:\/\/www.24baires.com\/?cat=51"},"img":{"alt_text":"carri\u00f3","src":"https:\/\/i0.wp.com\/www.24baires.com\/wp-content\/uploads\/2013\/12\/carri%C3%B3.jpg?resize=350%2C200","width":350,"height":200,"srcset":"https:\/\/i0.wp.com\/www.24baires.com\/wp-content\/uploads\/2013\/12\/carri%C3%B3.jpg?resize=350%2C200 1x, https:\/\/i0.wp.com\/www.24baires.com\/wp-content\/uploads\/2013\/12\/carri%C3%B3.jpg?resize=525%2C300 1.5x"},"classes":[]},{"id":41368,"url":"http:\/\/www.24baires.com\/?p=41368","url_meta":{"origin":62347,"position":1},"title":"Desde la Quebrada de Humahuaca, Carri\u00f3 critic\u00f3 a oficialismo y oposici\u00f3n por Twitter","author":"Grupo Sierra","date":"01\/03\/2014","format":false,"excerpt":"Ausente en el inicio de las sesiones ordinarias del Congreso Nacional, la diputada critic\u00f3 a la Presidenta por Twitter y subi\u00f3 una foto en la que se la ve todav\u00eda de vacaciones en el norte argentino. Tras el frustrado boicot al que hab\u00eda convocado junto con el senador Fernando `Pino`\u2026","rel":"","context":"En \u00abPol\u00edtica\u00bb","block_context":{"text":"Pol\u00edtica","link":"http:\/\/www.24baires.com\/?cat=51"},"img":{"alt_text":"","src":"","width":0,"height":0},"classes":[]},{"id":61208,"url":"http:\/\/www.24baires.com\/?p=61208","url_meta":{"origin":62347,"position":2},"title":"Piden que Sanz se vaya de UNEN","author":"Grupo Sierra","date":"03\/02\/2015","format":false,"excerpt":"El diputado H\u00e9ctor \"Cachi\" Guti\u00e9rrez cuestion\u00f3 con dureza las \u00faltimas expresiones del senador y presidente de la UCR con respecto a Carri\u00f3 y pidi\u00f3 que se aleje. El diputado nacional de la UCR H\u00e9ctor \"Cachi\" Guti\u00e9rrez reclam\u00f3 que el presidente de ese partido, Ernesto Sanz, renuncie a su cargo, despu\u00e9s\u2026","rel":"","context":"En \u00abElecciones 2015\u00bb","block_context":{"text":"Elecciones 2015","link":"http:\/\/www.24baires.com\/?cat=74"},"img":{"alt_text":"macri-carrio-sanz","src":"https:\/\/i0.wp.com\/www.24baires.com\/wp-content\/uploads\/2014\/11\/macri-carrio-sanz.jpg?resize=350%2C200","width":350,"height":200,"srcset":"https:\/\/i0.wp.com\/www.24baires.com\/wp-content\/uploads\/2014\/11\/macri-carrio-sanz.jpg?resize=350%2C200 1x, https:\/\/i0.wp.com\/www.24baires.com\/wp-content\/uploads\/2014\/11\/macri-carrio-sanz.jpg?resize=525%2C300 1.5x"},"classes":[]},{"id":78529,"url":"http:\/\/www.24baires.com\/?p=78529","url_meta":{"origin":62347,"position":3},"title":"El Gobierno confirm\u00f3 que elevar\u00e1 el piso de Ganancias en 30 mil pesos","author":"GB","date":"03\/02\/2016","format":false,"excerpt":"Frente al proyecto que present\u00f3 la diputada Elisa Carri\u00f3 que plantea un m\u00ednimo no imponible de 47.000 pesos, el ministro de Hacienda ratific\u00f3 las modificaciones en el impuesto. A trav\u00e9s de su twitter, Alfonso Prat Gay confirm\u00f3 hoy que el Gobierno elevar\u00e1 el piso del impuesto a las ganancias en\u2026","rel":"","context":"En \u00abEconom\u00eda\u00bb","block_context":{"text":"Econom\u00eda","link":"http:\/\/www.24baires.com\/?cat=45"},"img":{"alt_text":"prat gay","src":"https:\/\/i0.wp.com\/www.24baires.com\/wp-content\/uploads\/2015\/12\/prat-gay.jpg?resize=350%2C200","width":350,"height":200,"srcset":"https:\/\/i0.wp.com\/www.24baires.com\/wp-content\/uploads\/2015\/12\/prat-gay.jpg?resize=350%2C200 1x, https:\/\/i0.wp.com\/www.24baires.com\/wp-content\/uploads\/2015\/12\/prat-gay.jpg?resize=525%2C300 1.5x"},"classes":[]},{"id":65741,"url":"http:\/\/www.24baires.com\/?p=65741","url_meta":{"origin":62347,"position":4},"title":"Abal Medina inici\u00f3 acciones legales contra Carri\u00f3 por las difamaciones","author":"AF","date":"11\/05\/2015","format":false,"excerpt":"El senador nacional del Frente para la Victoria anunci\u00f3 que inici\u00f3 acciones legales contra la diputada por la Coalici\u00f3n C\u00edvica y precandidata a presidenta, quien lo acus\u00f3 de estar \"pasado de droga en el Parlamento Nacional\" cuando era jefe de Gabinete. Al respecto, el senador inform\u00f3 a trav\u00e9s de un\u2026","rel":"","context":"En \u00abJUDICIALES\u00bb","block_context":{"text":"JUDICIALES","link":"http:\/\/www.24baires.com\/?cat=68"},"img":{"alt_text":"abal medina","src":"https:\/\/i0.wp.com\/www.24baires.com\/wp-content\/uploads\/2012\/12\/abal-medina.jpg?resize=350%2C200","width":350,"height":200,"srcset":"https:\/\/i0.wp.com\/www.24baires.com\/wp-content\/uploads\/2012\/12\/abal-medina.jpg?resize=350%2C200 1x, https:\/\/i0.wp.com\/www.24baires.com\/wp-content\/uploads\/2012\/12\/abal-medina.jpg?resize=525%2C300 1.5x"},"classes":[]},{"id":22112,"url":"http:\/\/www.24baires.com\/?p=22112","url_meta":{"origin":62347,"position":5},"title":"El presidente del bloque radical del Senado compar\u00f3 a Elisa Carri\u00f3 con la Presidenta","author":"Grupo Sierra","date":"28\/04\/2013","format":false,"excerpt":"\u201cLe hace tanto da\u00f1o a la Rep\u00fablica como el kirchnerismo\u201d, afirm\u00f3 Jos\u00e9 Cano al cargar dur\u00edsimo contra la diputada de la Coalici\u00f3n C\u00edvica. Y agreg\u00f3: \u201cTiene el mismo mesianismo que la presidente\u201d. No anduvo con vueltas el titular de la bancada radical del Senado, Jos\u00e9 Cano, al referirse a su\u2026","rel":"","context":"En \u00abPol\u00edtica\u00bb","block_context":{"text":"Pol\u00edtica","link":"http:\/\/www.24baires.com\/?cat=51"},"img":{"alt_text":"","src":"","width":0,"height":0},"classes":[]}],"jetpack_sharing_enabled":true,"jetpack_likes_enabled":true,"jetpack_featured_media_url":"","_links":{"self":[{"href":"http:\/\/www.24baires.com\/index.php?rest_route=\/wp\/v2\/posts\/62347","targetHints":{"allow":["GET"]}}],"collection":[{"href":"http:\/\/www.24baires.com\/index.php?rest_route=\/wp\/v2\/posts"}],"about":[{"href":"http:\/\/www.24baires.com\/index.php?rest_route=\/wp\/v2\/types\/post"}],"author":[{"embeddable":true,"href":"http:\/\/www.24baires.com\/index.php?rest_route=\/wp\/v2\/users\/11"}],"replies":[{"embeddable":true,"href":"http:\/\/www.24baires.com\/index.php?rest_route=%2Fwp%2Fv2%2Fcomments&post=62347"}],"version-history":[{"count":1,"href":"http:\/\/www.24baires.com\/index.php?rest_route=\/wp\/v2\/posts\/62347\/revisions"}],"predecessor-version":[{"id":62348,"href":"http:\/\/www.24baires.com\/index.php?rest_route=\/wp\/v2\/posts\/62347\/revisions\/62348"}],"wp:attachment":[{"href":"http:\/\/www.24baires.com\/index.php?rest_route=%2Fwp%2Fv2%2Fmedia&parent=62347"}],"wp:term":[{"taxonomy":"category","embeddable":true,"href":"http:\/\/www.24baires.com\/index.php?rest_route=%2Fwp%2Fv2%2Fcategories&post=62347"},{"taxonomy":"post_tag","embeddable":true,"href":"http:\/\/www.24baires.com\/index.php?rest_route=%2Fwp%2Fv2%2Ftags&post=62347"}],"curies":[{"name":"wp","href":"https:\/\/api.w.org\/{rel}","templated":true}]}}